{"id":371,"date":"2008-09-15T16:43:00","date_gmt":"2008-09-15T16:43:00","guid":{"rendered":"http:\/\/peresabat.wordpress.com\/2008\/09\/15\/jo-no-soc-nacionalista"},"modified":"2008-09-15T16:43:00","modified_gmt":"2008-09-15T16:43:00","slug":"jo-no-soc-nacionalista","status":"publish","type":"post","link":"https:\/\/www.blocdelsabat.cat\/?p=371","title":{"rendered":"Jo no s\u00f3c nacionalista"},"content":{"rendered":"<p><a href=\"http:\/\/peresabat.files.wordpress.com\/2008\/09\/nacionalistes1.jpg\"><img loading=\"lazy\" decoding=\"async\" height=\"175\" alt=\"\" src=\"http:\/\/peresabat.files.wordpress.com\/2008\/09\/nacionalistes1.jpg?w=300\" width=\"211\" border=\"0\" \/><\/a><\/p>\n<div align=\"justify\"><span style=\"font-family:arial;font-size:130%;\">L\u2019era de la globalitzaci\u00f3, l\u2019era del m\u00f3n en xarxa ens aporta tot un entramat de nous horitzons i de noves possibilitats que no s\u00f3n gens menyspreables. Amb la globalitzaci\u00f3 i tot el que es mou a trav\u00e9s seu, es posen en pr\u00e0ctica tot d\u2019elements que fins ara semblaven vedats als &#8220;menys&#8221;. <\/span><\/div>\n<p><span style=\"font-family:arial;font-size:130%;\"><\/p>\n<div align=\"justify\">No hem refereixo &#8220;menys&#8221; a nivell individual de les persones, per\u00f2 si a les col\u00b7lectivitats de les que formen part. Les col\u00b7lectivitats petites i que no tenen un suport real a nivell pol\u00edtic, econ\u00f2mic o cultural, la globalitzaci\u00f3 ha perm\u00e8s que deixin endarrera tota estigmatitzaci\u00f3, o que almenys estiguin pel cam\u00ed, per obrir-se al m\u00f3n i exposar tota la potenciaci\u00f3 dels seus diferents \u00e0mbits.<\/div>\n<div align=\"justify\">Un dels \u00e0mbits en qu\u00e8 la col\u00b7lectivitat catalana ha sabut aprofitar com qui m\u00e9s \u00e9s precisament el de les noves tecnologies i sobretot les que fan refer\u00e8ncia a la xarxa.<br \/>Els catalans han col\u00b7locat el catal\u00e0 entre els idiomes m\u00e9s presents a internet, i aix\u00f2 demostra el gran nivell de la col\u00b7lectivitat catalana. Ja sigui en blocs, xarxes socials, webs de tota mena\u2026 els catalans han situat Catalunya i els Pa\u00efsos Catalans m\u00e9s lluny del qu\u00e8 la classe pol\u00edtica, covarda per naturalesa i si no ja en parlarem d\u2019aqu\u00ed poc\u2026, han fet mai fins ara. <\/div>\n<div align=\"justify\">Per un d\u2019aquests &#8220;calaixos&#8221; de la xarxa, el Facebook, m\u2019ha arribat un missatge per incorporar-me a un grup que s\u2019anomena &#8220;Jo No S\u00f3c Nacionalista Catal\u00e0&#8221;. Segur que a alg\u00fa en rebre aquest missatge s\u2019hauria escandalitzat molt, segur que hauria posat el crit al cel, per\u00f2 quan hagu\u00e9s passat la flamarada i hagu\u00e9s posat totes les paraules seguides, estic plenament segur que tamb\u00e9 s\u2019afegiria al grup. <\/div>\n<div align=\"justify\">Perqu\u00e8 aqu\u00ed del que s\u2019est\u00e0 parlant \u00e9s de ser no nacionalista catal\u00e0, nacionalista de la manera com alg\u00fa durant un llarg temps ha utilitzat aquesta terminologia fins a fer-la sin\u00f2nim de regionalisme, perqu\u00e8 els autoanomenats nacionalistes catalans fan de la conviv\u00e8ncia amb Espanya el seu <em>&#8220;modus vivendi&#8221;<\/em> i no pas la lluita per l\u2019alliberament del pa\u00eds. <\/div>\n<div align=\"justify\">El nacionalisme catal\u00e0 s\u2019ha basat, des de la continuaci\u00f3 del r\u00e8gim franquista en una pretesa democr\u00e0cia fins encara ara, per fer-se valer a nivell de negocis, pol\u00edtic i en altres \u00e0mbits a partir de reivindicar un cert &#8220;fet diferencial&#8221; per tal d\u2019aconseguir els seus objectius, i en l\u2019aplicaci\u00f3 quasi malaltissa de la pedagogia per fer que els espanyols en acceptessin com a iguals i ens perdonessin el pecat mortal de ser catal\u00e0. <\/div>\n<div align=\"justify\">Els nacionalistes s\u00f3n aquells cofois que deien (i diuen encara) tot contents que a Madrid els hi havia dit <em>&#8220;Hombre Xose Antonio si no parece que seas catal\u00e1n<\/em>&#8220;. Els nacionalistes catalans durant tot el temps que van governar es van limitar a construir una cortina de fum etiquetant tot el que feien amb el terme &#8220;nacional&#8221; , creien, que amb aix\u00f2 ja n\u2019hi havia prou\u2026 <\/div>\n<div align=\"justify\">B\u00e9. En tindr\u00e0 prou aquell que es conformi a viure de genolls i en un pa\u00eds fictici, perqu\u00e8 tota la cortina de fum \u00e9s fict\u00edcia, irreal. En tindr\u00e0 prou aquell que per naci\u00f3 o nacionalisme entengui que \u00e9s suficient amb mirar TV3 un cop al dia, en un ball de sardanes al mes o pujar a Montserrat a adorar la Moreneta un cop l\u2019any. <\/div>\n<div align=\"justify\">Jo per nacionalisme entenia la defensa del fet nacional de qualsevol poble a partir de la llengua, la hist\u00f2ria i la cultura, a m\u00e9s de la lluita per la llibertat d\u2019aquest. Es veu per\u00f2 que no \u00e9s exactament aix\u00ed, almenys ara. <\/div>\n<div align=\"justify\">Perqu\u00e8 a veure, el PSF \u00e9s nacionalista? El PD itali\u00e0 \u00e9s nacionalista? I el IU i el PSOE? Oi que no? Doncs nosaltres tampoc, o \u00e9s que ells volen coses que no volem nosaltres? No volem tots que el nostre pa\u00eds camini, avanci i sigui capdavanter en pol\u00edtiques socials, econ\u00f2miques, culturals\u2026? No volem tots que el nostre pa\u00eds sigui dins la Uni\u00f3 Europea? No estem tots orgullosos de ser el que som? No estimem tots la nostra llengua? Oi que si? <\/div>\n<div align=\"justify\">Doncs un cop aclarit i per ser coherent amb aquest escrit, retoco la meva Declaraci\u00f3 de Principis, declaraci\u00f3 que encap\u00e7ala aquest humil bloc. Aix\u00ed en el petit dec\u00e0leg ideol\u00f2gic a partir d\u2019avui el terme nacionalista ja no hi apareixer\u00e0, ja que el que significa seguint aquest post trepitja el terme &#8220;catal\u00e0&#8221; &#8220;perqu\u00e8 me\u2019n sento i perqu\u00e8 estimo el meu pa\u00eds.&#8221;<\/div>\n<div align=\"justify\">Nacionalista jo? No, Independentista! <\/div>\n<div align=\"justify\"> <\/div>\n<div align=\"justify\"> <\/div>\n<p><\/span><\/p>\n<div class=\"blogger-post-footer\"><img width='1' height='1' src='https:\/\/blogger.googleusercontent.com\/tracker\/2467933452740288616-5944965976803440994?l=peresabat.blogspot.com' alt='' \/><\/div>\n","protected":false},"excerpt":{"rendered":"<p>L\u2019era de la globalitzaci\u00f3, l\u2019era del m\u00f3n en xarxa ens aporta tot un entramat de nous horitzons i de noves possibilitats que no s\u00f3n gens menyspreables. Amb la globalitzaci\u00f3 i tot el que es mou a trav\u00e9s seu, es posen en pr\u00e0ctica tot d\u2019elements que fins ara semblaven vedats als &#8220;menys&#8221;. No hem refereixo &#8220;menys&#8221;&#8230;<\/p>\n","protected":false},"author":2,"featured_media":0,"comment_status":"open","ping_status":"open","sticky":false,"template":"","format":"standard","meta":{"footnotes":""},"categories":[26],"tags":[],"class_list":["post-371","post","type-post","status-publish","format-standard","hentry","category-uncategorized"],"_links":{"self":[{"href":"https:\/\/www.blocdelsabat.cat\/index.php?rest_route=\/wp\/v2\/posts\/371","targetHints":{"allow":["GET"]}}],"collection":[{"href":"https:\/\/www.blocdelsabat.cat\/index.php?rest_route=\/wp\/v2\/posts"}],"about":[{"href":"https:\/\/www.blocdelsabat.cat\/index.php?rest_route=\/wp\/v2\/types\/post"}],"author":[{"embeddable":true,"href":"https:\/\/www.blocdelsabat.cat\/index.php?rest_route=\/wp\/v2\/users\/2"}],"replies":[{"embeddable":true,"href":"https:\/\/www.blocdelsabat.cat\/index.php?rest_route=%2Fwp%2Fv2%2Fcomments&post=371"}],"version-history":[{"count":0,"href":"https:\/\/www.blocdelsabat.cat\/index.php?rest_route=\/wp\/v2\/posts\/371\/revisions"}],"wp:attachment":[{"href":"https:\/\/www.blocdelsabat.cat\/index.php?rest_route=%2Fwp%2Fv2%2Fmedia&parent=371"}],"wp:term":[{"taxonomy":"category","embeddable":true,"href":"https:\/\/www.blocdelsabat.cat\/index.php?rest_route=%2Fwp%2Fv2%2Fcategories&post=371"},{"taxonomy":"post_tag","embeddable":true,"href":"https:\/\/www.blocdelsabat.cat\/index.php?rest_route=%2Fwp%2Fv2%2Ftags&post=371"}],"curies":[{"name":"wp","href":"https:\/\/api.w.org\/{rel}","templated":true}]}}