{"id":38,"date":"2008-02-09T12:03:00","date_gmt":"2008-02-09T12:03:00","guid":{"rendered":"http:\/\/peresabat.wordpress.com\/2008\/02\/09\/17-f-parada-independencia"},"modified":"2008-02-09T12:03:00","modified_gmt":"2008-02-09T12:03:00","slug":"17-f-parada-independencia","status":"publish","type":"post","link":"https:\/\/www.blocdelsabat.cat\/?p=38","title":{"rendered":"17-F: Parada independ\u00e8ncia"},"content":{"rendered":"<p><a href=\"http:\/\/peresabat.files.wordpress.com\/2008\/02\/free-kosovo1.jpg\"><img decoding=\"async\" alt=\"\" src=\"http:\/\/peresabat.files.wordpress.com\/2008\/02\/free-kosovo1.jpg?w=203\" border=\"0\" \/><\/a><br \/><span style=\"font-family:arial;font-size:130%;\">Segons va avan\u00e7ar ahir el Ministre Serbi per Kosovo, Slobodan Samardzic, basant-se en les informacions de qu\u00e8 disposa el govern serbi, el govern kosovar presidit per Hashim Tha\u00e7i declarar\u00e0 la independ\u00e8ncia el 17 de Febrer.<br \/>Aix\u00ed es posar\u00e0 fi a la situaci\u00f3 de provisionalitat en qu\u00e8 es trobava aquesta prov\u00edncia serbia de majoria albanesa des de les passades eleccions en qu\u00e8 els ciutadans van donar una gran majoria als partits independentistes.<\/span><span style=\"font-family:arial;font-size:130%;\"> <\/p>\n<div align=\"justify\">El gran triomf de Kosovo, \u00e9s per\u00f2, el suport internacional que ha rebut, m\u00e9s de 100 estats els donaran suport quan declarin la independ\u00e8ncia. Tant els EUA com la UE, amb alguna excepci\u00f3 com la d\u2019Espanya, han donat suport i reconeixeran tamb\u00e9 la seva independ\u00e8ncia. A la UE hi ha hagut molt debat sobre quina posici\u00f3 adoptar, al final per\u00f2 el sentit com\u00fa s\u2019ha imposat i les sortides de to dels representants espanyols i de l\u2019alt representant en pol\u00edtica exterior de la UE, ex ministre espanyol de l\u2019etapa de les dues G\u2019s Javier Solana, s\u2019han passat per alt, en els millors dels casos, o per contra han entrat a formar part de l\u2019extensa col\u00b7lecci\u00f3 de rid\u00edculs espanyols a l\u2019exterior.<br \/>La posici\u00f3 d\u2019Espanya en relaci\u00f3 als processos d\u2019alliberament nacional que es produeixen al continent europeu, la veritat \u00e9s que deixa bastant perplex. Espanya sempre s\u2019afanya a dir que qui relacioni qualsevol d\u2019aquests processos ja sigui Montenegro o Kosovo amb Catalunya o el Pa\u00eds Basc pateix una esp\u00e8cie de deliri.<\/div>\n<div align=\"justify\">Tant clar veuen que Catalunya i el Pa\u00eds Basc aconseguiran la independ\u00e8ncia?<br \/>Deu ser que si i que es per aix\u00f2 que tenen por que s\u2019expandeixi com una taca d\u2019oli aquesta flaire de llibertat arreu del continent.<br \/>Catalunya i el Pa\u00eds Basc si de veritat volen aconseguir la independ\u00e8ncia han de comen\u00e7ar a buscar suports internacionals que en el moment clau del proc\u00e9s pugin ajudar a avan\u00e7ar. Sense aquests suports no hi ha res a fer.<br \/>Sense dubte un dels estats de qui s\u2019hauria d\u2019aconseguir el suport \u00e9s el dels Estats Units, agradi o no \u00e9s l\u2019estat m\u00e9s poder\u00f3s del m\u00f3n i s\u2019ha de tenir en compte, i a nivell europeu Alemanya tamb\u00e9 seria clau, contra aquest aliats Espanya poca cosa podria fer.<br \/>I aix\u00f2 \u00e9s el que ha fet Kosovo, i abans Montenegro, buscar suports internacionals perqu\u00e8 arribat el dia, t\u2019ajudin.<\/div>\n<div align=\"justify\">Des de Catalunya es fan passets, com per exemple la Declaraci\u00f3 d\u2019Edimburg, per\u00f2 el temps s\u2019escola i sigui el 2014 o el 2019 quan s\u2019aconsegueixi la llibertat, la feina ja no pot esperar.<\/div>\n<div align=\"justify\">Ens hi juguem el futur.<\/span><\/div>\n<div class=\"blogger-post-footer\"><img width='1' height='1' src='https:\/\/blogger.googleusercontent.com\/tracker\/2467933452740288616-3825197997802230452?l=peresabat.blogspot.com' alt='' \/><\/div>\n","protected":false},"excerpt":{"rendered":"<p>Segons va avan\u00e7ar ahir el Ministre Serbi per Kosovo, Slobodan Samardzic, basant-se en les informacions de qu\u00e8 disposa el govern serbi, el govern kosovar presidit per Hashim Tha\u00e7i declarar\u00e0 la independ\u00e8ncia el 17 de Febrer.Aix\u00ed es posar\u00e0 fi a la situaci\u00f3 de provisionalitat en qu\u00e8 es trobava aquesta prov\u00edncia serbia de majoria albanesa des de&#8230;<\/p>\n","protected":false},"author":2,"featured_media":0,"comment_status":"open","ping_status":"open","sticky":false,"template":"","format":"standard","meta":{"footnotes":""},"categories":[26],"tags":[],"class_list":["post-38","post","type-post","status-publish","format-standard","hentry","category-uncategorized"],"_links":{"self":[{"href":"https:\/\/www.blocdelsabat.cat\/index.php?rest_route=\/wp\/v2\/posts\/38","targetHints":{"allow":["GET"]}}],"collection":[{"href":"https:\/\/www.blocdelsabat.cat\/index.php?rest_route=\/wp\/v2\/posts"}],"about":[{"href":"https:\/\/www.blocdelsabat.cat\/index.php?rest_route=\/wp\/v2\/types\/post"}],"author":[{"embeddable":true,"href":"https:\/\/www.blocdelsabat.cat\/index.php?rest_route=\/wp\/v2\/users\/2"}],"replies":[{"embeddable":true,"href":"https:\/\/www.blocdelsabat.cat\/index.php?rest_route=%2Fwp%2Fv2%2Fcomments&post=38"}],"version-history":[{"count":0,"href":"https:\/\/www.blocdelsabat.cat\/index.php?rest_route=\/wp\/v2\/posts\/38\/revisions"}],"wp:attachment":[{"href":"https:\/\/www.blocdelsabat.cat\/index.php?rest_route=%2Fwp%2Fv2%2Fmedia&parent=38"}],"wp:term":[{"taxonomy":"category","embeddable":true,"href":"https:\/\/www.blocdelsabat.cat\/index.php?rest_route=%2Fwp%2Fv2%2Fcategories&post=38"},{"taxonomy":"post_tag","embeddable":true,"href":"https:\/\/www.blocdelsabat.cat\/index.php?rest_route=%2Fwp%2Fv2%2Ftags&post=38"}],"curies":[{"name":"wp","href":"https:\/\/api.w.org\/{rel}","templated":true}]}}