{"id":3801,"date":"2023-01-13T14:41:56","date_gmt":"2023-01-13T14:41:56","guid":{"rendered":"https:\/\/www.blocdelsabat.cat\/?p=3801"},"modified":"2023-01-13T14:41:57","modified_gmt":"2023-01-13T14:41:57","slug":"lespera-2","status":"publish","type":"post","link":"https:\/\/www.blocdelsabat.cat\/?p=3801","title":{"rendered":"L&#8217;espera"},"content":{"rendered":"\n<p>La capacitat de crear consensos, de crear espais compartits cada vegada ser\u00e0 m\u00e9s important. Vivim uns temps de polaritzaci\u00f3, de postures immobilistes, de negaci\u00f3 d\u2019escoltar. Davant la situaci\u00f3 actual que tenim, \u00e9s m\u00e9s i m\u00e9s important la suma i el remar plegats per fer front els reptes que tenim. A tots nivells. Tamb\u00e9 a Vilafranca on tenim molts reptes. Hem aconseguit desbloquejar la cessi\u00f3 de la Caserna de la Gu\u00e0rdia Civil a cost zero per l\u2019Ajuntament, un fet que es considerava impossible. Ara cal que puguem acordar una estrat\u00e8gia al m\u00e0xim de compartida sobre com aprofitar i transformar aquest equipament. Si el govern t\u00e9 informes sobre l\u2019estat actual de l\u2019edifici, que els faci p\u00fablics, i si no, que els encarregui amb urg\u00e8ncia. I aix\u00ed posar fil a l\u2019agulla. No podem esperar. No podem esperar tampoc amb l\u2019antic hospital. Massa anys sense fer-hi res i sense voler acordar una estrat\u00e8gia de ciutat sobre qu\u00e8 fer-hi. Hem posat sobre la taula l\u2019opci\u00f3 de traslladar-hi l\u2019Escola de M\u00fasica. I sense perdre el temps. Que es contempli ja al pressupost 2023 la partida per fer-ne el projecte. No podem perdre m\u00e9s anys. I menys per interessos egoistes d\u2019alguns. Primer la ciutat. Fa massa anys que hi ha una espera tensa a la ciutat per tornar-se a activar, per aprofitar tot el seu potencial. No la fem esperar. Engeguem des de ja aquests projectes transformadors per la ciutat. Per qu\u00e8 esperar? Hi guanya la ciutat? Hi guanya la gent? Qui hi guanya impedint-ho? \u00c9s temps de consens, \u00e9s temps de crear acords de ciutat. I \u00e9s hora d\u2019activar-se de veritat. I de no fer esperar all\u00f2 que \u00e9s bo per la ciutat.<\/p>\n\n\n\n<p>Article publicat a El 3 de vuit, 16 dedesembre 2022<\/p>\n","protected":false},"excerpt":{"rendered":"<p>La capacitat de crear consensos, de crear espais compartits cada vegada ser\u00e0 m\u00e9s important. Vivim uns temps de polaritzaci\u00f3, de postures immobilistes, de negaci\u00f3 d\u2019escoltar. Davant la situaci\u00f3 actual que tenim, \u00e9s m\u00e9s i m\u00e9s important la suma i el remar plegats per fer front els reptes que tenim. A tots nivells. Tamb\u00e9 a Vilafranca&#8230;<\/p>\n","protected":false},"author":1,"featured_media":3802,"comment_status":"open","ping_status":"open","sticky":false,"template":"","format":"standard","meta":{"footnotes":""},"categories":[28],"tags":[],"class_list":["post-3801","post","type-post","status-publish","format-standard","has-post-thumbnail","hentry","category-vilafranca"],"_links":{"self":[{"href":"https:\/\/www.blocdelsabat.cat\/index.php?rest_route=\/wp\/v2\/posts\/3801","targetHints":{"allow":["GET"]}}],"collection":[{"href":"https:\/\/www.blocdelsabat.cat\/index.php?rest_route=\/wp\/v2\/posts"}],"about":[{"href":"https:\/\/www.blocdelsabat.cat\/index.php?rest_route=\/wp\/v2\/types\/post"}],"author":[{"embeddable":true,"href":"https:\/\/www.blocdelsabat.cat\/index.php?rest_route=\/wp\/v2\/users\/1"}],"replies":[{"embeddable":true,"href":"https:\/\/www.blocdelsabat.cat\/index.php?rest_route=%2Fwp%2Fv2%2Fcomments&post=3801"}],"version-history":[{"count":1,"href":"https:\/\/www.blocdelsabat.cat\/index.php?rest_route=\/wp\/v2\/posts\/3801\/revisions"}],"predecessor-version":[{"id":3803,"href":"https:\/\/www.blocdelsabat.cat\/index.php?rest_route=\/wp\/v2\/posts\/3801\/revisions\/3803"}],"wp:featuredmedia":[{"embeddable":true,"href":"https:\/\/www.blocdelsabat.cat\/index.php?rest_route=\/wp\/v2\/media\/3802"}],"wp:attachment":[{"href":"https:\/\/www.blocdelsabat.cat\/index.php?rest_route=%2Fwp%2Fv2%2Fmedia&parent=3801"}],"wp:term":[{"taxonomy":"category","embeddable":true,"href":"https:\/\/www.blocdelsabat.cat\/index.php?rest_route=%2Fwp%2Fv2%2Fcategories&post=3801"},{"taxonomy":"post_tag","embeddable":true,"href":"https:\/\/www.blocdelsabat.cat\/index.php?rest_route=%2Fwp%2Fv2%2Ftags&post=3801"}],"curies":[{"name":"wp","href":"https:\/\/api.w.org\/{rel}","templated":true}]}}