{"id":383,"date":"2008-09-23T15:56:00","date_gmt":"2008-09-23T15:56:00","guid":{"rendered":"http:\/\/peresabat.wordpress.com\/2008\/09\/23\/es-la-credibilitat-estupid"},"modified":"2008-09-23T15:56:00","modified_gmt":"2008-09-23T15:56:00","slug":"es-la-credibilitat-estupid","status":"publish","type":"post","link":"https:\/\/www.blocdelsabat.cat\/?p=383","title":{"rendered":"\u00c9s la credibilitat, est\u00fapid!"},"content":{"rendered":"<p><a href=\"http:\/\/peresabat.files.wordpress.com\/2008\/09\/carod21.jpg\"><img loading=\"lazy\" decoding=\"async\" height=\"124\" alt=\"\" src=\"http:\/\/peresabat.files.wordpress.com\/2008\/09\/carod21.jpg?w=300\" width=\"203\" border=\"0\" \/><\/a><\/p>\n<div align=\"justify\"><span style=\"font-family:arial;font-size:130%;\">Tot i les profundes diverg\u00e8ncies pol\u00edtiques i ideol\u00f2giques, Ferran Mascarell crec que \u00e9s un dels pensadors m\u00e9s valuosos que avui t\u00e9 el pa\u00eds, ja que tot i pensar bastant diferent crec que les seves reflexions s\u00f3n molt bones, i els seus escrits mai deixen indiferent. <\/span><\/div>\n<p><span style=\"font-family:arial;font-size:130%;\"><\/p>\n<div align=\"justify\">Tot i aix\u00ed, com de costum, no puc estar d\u2019acord amb el que escriu a la secci\u00f3 de Di\u00e0leg a l\u2019AVUI.<br \/>Mascarell en l\u2019escrit &#8220;Independentisme&#8221; i mitjan\u00e7ant sis punts apunta els mals que segons ell pateix aquest corrent del catalanisme.<\/div>\n<div align=\"justify\">Macarell defineix com a il\u00b7lusi\u00f3 llunyana, abstracta i rom\u00e0ntica l\u2019estudi el que el CES va publicar fa uns dies (amb el vergony\u00f3s buit medi\u00e0tic de la CCMA) sobre la voluntat independentista de la poblaci\u00f3 del pa\u00eds, i sobretot l\u2019afirmaci\u00f3 de qu\u00e8 amb el 35% actual ja es podria guanyar el refer\u00e8ndum. No entrar\u00e9 a dir si \u00e9s veritat o no perqu\u00e8 per aix\u00f2 ja hi ha les dades de l\u2019estudi. <\/div>\n<div align=\"justify\">Ara b\u00e9 el que si far\u00e9 ser\u00e0 contestar algunes coses de l\u2019article de l\u2019ex conseller socialista. <\/div>\n<div align=\"justify\">Mascarell diu que els ide\u00f2legs de l\u2019independentisme han d\u2019explicar com augmentaran la base social independentista, la resposta \u00e9s clara, com s\u2019est\u00e0 fent ara mateix. Explicant, explicant i explicant. La pedagogia l\u2019hem de fer dins de casa, la pedagogia l\u2019hem de fer per explicar les oportunitats que es perden al no ser estat i al continuar sent una regi\u00f3 m\u00e9s d\u2019Espanya.<br \/>Tamb\u00e9 pregunta com es podran trencar els forts lligams que lliguen Catalunya amb Espanya en termes socials i econ\u00f2mics. B\u00e9, els socials no tenen perqu\u00e8 trencar-se massa, es podr\u00e0 ser un bon ve\u00ed europeu i llestos, i en quan als econ\u00f2mics, no cal dir que Catalunya es podria autoabastir amb el que produeix tal i com demostren les balances fiscals, a m\u00e9s de qu\u00e8 les comercials cada vegada estan m\u00e9s igualades i conseq\u00fcentment la p\u00e8rdua seria min\u00fascula i es podria compensar f\u00e0cilment.<br \/>Es pregunta tamb\u00e9 com Catalunya podr\u00e0 estovar un estat espanyol m\u00e9s segur de si mateix que mai, la q\u00fcesti\u00f3 aqu\u00ed no te res a veure amb l\u2019estat espanyol, la q\u00fcesti\u00f3 aqu\u00ed \u00e9s si els catalans volen o no volen ser un estat.<br \/>On si estic d\u2019acord, parcialment, \u00e9s en l\u2019apunt sobre mat\u00e8ria internacional. Aquest \u00e9s el punt b\u00e0sic per tot proc\u00e9s autodeterminista, i \u00e9s cert que tot \u00e9s incert. Ara b\u00e9 de moment no hi ha hagut mai cap govern independentista que actives les relacions internacionals per tal de buscar suports a la independ\u00e8ncia. Quan s\u2019inici\u00ef el proc\u00e9s, llavors \u00e9s el que s\u2019haur\u00e0 de potenciar amb totes les forces possibles.<\/div>\n<div align=\"justify\">En el segon punt Mascarell apunta que s\u2019han de deixar de fer proclames banals sobre la independ\u00e8ncia, completament d\u2019acord, ara b\u00e9, tamb\u00e9 llavors que es deixin de fer sobre el federalisme. Mascarell diu que els independentistes persegueixen un objectiu amb final lluny\u00e0 i m\u00edtic. Doncs no. De lluny\u00e0 no ho sabem, ara b\u00e9 de m\u00edtic res. La independ\u00e8ncia no ha de ser m\u00edtica, o si, \u00e9s igual, per\u00f2 no t\u00e9 perqu\u00e8 ser m\u00e9s m\u00edtica la independ\u00e8ncia que el federalisme o el confederalisme. On si que hi coincideixo sense matisos \u00e9s en qu\u00e8 per la independ\u00e8ncia cal un full de ruta seri\u00f3s i pautat, full de ruta que ara no hi \u00e9s. La veritat \u00e9s que seria urgent que els partits que defensen la independ\u00e8ncia del pa\u00eds en presentessin un, ja que d\u2019aquesta manera la tan desitjada credibilitat tornaria. <\/div>\n<div align=\"justify\">L\u2019exconseller tamb\u00e9 afirma que despr\u00e8s de 30 anys s\u2019hauria de preguntar a la classe pol\u00edtica el perqu\u00e8 de les ren\u00fancies a tenir m\u00e9s poder de l\u2019estat i a buscar un marc institucional m\u00e9s favorable a Catalunya. Aquest punt frega la hilaritat. Mascarell forma part d\u2019un partit que va participar de manera activa en les ren\u00fancies de l\u2019estatut, a m\u00e9s de tenir un gran pes al moment de l\u2019elaboraci\u00f3 de l\u2019estatut del 79 aix\u00ed com de la Constituci\u00f3, Constituci\u00f3 la qual \u00e9s quasi impossible reformar en un sentit favorable pel pa\u00eds. <\/div>\n<div align=\"justify\">En els \u00faltims punts l\u2019ex dirigent socialista apunta que Catalunya pol\u00edticament no fa por. Aquesta sent\u00e8ncia hauria d\u2019estar penjada a la porta del Parlament perqu\u00e8 els diputats a l\u2019entrar se l\u2019ha miressin i els hi qued\u00e9s clar. Despr\u00e8s d\u2019un quart de segle del peix al cove, els espanyols ens han vist el plumero i ja saben que anem de farol i que xerrem molt per\u00f2 fem poc i de vegades gens. \u00c9s per aix\u00f2 que cal entrar en una nova fase, la fase del segle XXI, la fase de la sobirania pol\u00edtica, econ\u00f2mica, social i fiscal. <\/div>\n<div align=\"justify\">Mascarell sembla oblidar que durant m\u00e9s de dos anys Catalunya va intentar buscar un marc m\u00e9s favorable dins l\u2019estat espanyol, el resultat del qual \u00e9s l\u2019estatut que tenim i el pobre sistema de finan\u00e7ament que tindrem (o no). Mascarell sembla que oblidi els darrers anys de la pol\u00edtica catalana i es mant\u00e9 enclaustrat en uns plantejaments els quals ja s\u2019ha comprovat que condueixen al frac\u00e0s m\u00e9s absolut (federalisme, reforma progressista de la Constituci\u00f3\u2026) . Mascarell per\u00f2, posa el dit a la nafra dels que lideren les aspiracions i els anhels dels qui volen la llibertat i la sobirania. Afirma que sense full de ruta, sense credibilitat, no hi ha res a fer. Mascarell demana que els ide\u00f2legs independentistes posin els punts sobre les i\u2019s del projecte que defensen, perqu\u00e8 pugui ser possible.<\/div>\n<p><\/span><\/p>\n<div class=\"blogger-post-footer\"><img width='1' height='1' src='https:\/\/blogger.googleusercontent.com\/tracker\/2467933452740288616-9007602828291484562?l=peresabat.blogspot.com' alt='' \/><\/div>\n","protected":false},"excerpt":{"rendered":"<p>Tot i les profundes diverg\u00e8ncies pol\u00edtiques i ideol\u00f2giques, Ferran Mascarell crec que \u00e9s un dels pensadors m\u00e9s valuosos que avui t\u00e9 el pa\u00eds, ja que tot i pensar bastant diferent crec que les seves reflexions s\u00f3n molt bones, i els seus escrits mai deixen indiferent. Tot i aix\u00ed, com de costum, no puc estar d\u2019acord&#8230;<\/p>\n","protected":false},"author":2,"featured_media":0,"comment_status":"open","ping_status":"open","sticky":false,"template":"","format":"standard","meta":{"footnotes":""},"categories":[26],"tags":[],"class_list":["post-383","post","type-post","status-publish","format-standard","hentry","category-uncategorized"],"_links":{"self":[{"href":"https:\/\/www.blocdelsabat.cat\/index.php?rest_route=\/wp\/v2\/posts\/383","targetHints":{"allow":["GET"]}}],"collection":[{"href":"https:\/\/www.blocdelsabat.cat\/index.php?rest_route=\/wp\/v2\/posts"}],"about":[{"href":"https:\/\/www.blocdelsabat.cat\/index.php?rest_route=\/wp\/v2\/types\/post"}],"author":[{"embeddable":true,"href":"https:\/\/www.blocdelsabat.cat\/index.php?rest_route=\/wp\/v2\/users\/2"}],"replies":[{"embeddable":true,"href":"https:\/\/www.blocdelsabat.cat\/index.php?rest_route=%2Fwp%2Fv2%2Fcomments&post=383"}],"version-history":[{"count":0,"href":"https:\/\/www.blocdelsabat.cat\/index.php?rest_route=\/wp\/v2\/posts\/383\/revisions"}],"wp:attachment":[{"href":"https:\/\/www.blocdelsabat.cat\/index.php?rest_route=%2Fwp%2Fv2%2Fmedia&parent=383"}],"wp:term":[{"taxonomy":"category","embeddable":true,"href":"https:\/\/www.blocdelsabat.cat\/index.php?rest_route=%2Fwp%2Fv2%2Fcategories&post=383"},{"taxonomy":"post_tag","embeddable":true,"href":"https:\/\/www.blocdelsabat.cat\/index.php?rest_route=%2Fwp%2Fv2%2Ftags&post=383"}],"curies":[{"name":"wp","href":"https:\/\/api.w.org\/{rel}","templated":true}]}}