{"id":386,"date":"2008-09-25T17:12:00","date_gmt":"2008-09-25T17:12:00","guid":{"rendered":"http:\/\/peresabat.wordpress.com\/2008\/09\/25\/els-empresais-tambe-compten"},"modified":"2008-09-25T17:12:00","modified_gmt":"2008-09-25T17:12:00","slug":"els-empresais-tambe-compten","status":"publish","type":"post","link":"https:\/\/www.blocdelsabat.cat\/?p=386","title":{"rendered":"Els empresais tamb\u00e9 compten"},"content":{"rendered":"<p><a href=\"http:\/\/peresabat.files.wordpress.com\/2008\/09\/miquelvalls1.jpg\"><img decoding=\"async\" alt=\"\" src=\"http:\/\/peresabat.files.wordpress.com\/2008\/09\/miquelvalls1.jpg?w=138\" border=\"0\" \/><\/a><\/p>\n<div align=\"justify\"><span style=\"font-family:arial;font-size:130%;\">Ens torbem novament en un estat en qu\u00e8 el pa\u00eds es juga bona part del seu futur, mentre es mantinguin les condicions actuals en mat\u00e8ria estatal, ara el moment clau passa pel finan\u00e7ament.<br \/>En la negociaci\u00f3 del nou sistema de finan\u00e7ament i en el seu desenvolupament s\u2019ha exigit molt a la classe pol\u00edtica, com no podria ser d\u2019altra manera, per\u00f2 en canvi poc o gens s\u2019exigeix a la resta d\u2019agents de la nostra societat. <\/span><\/div>\n<p><span style=\"font-family:arial;font-size:130%;\"><\/p>\n<div align=\"justify\">Caldria recordar que el finan\u00e7ament \u00e9s un tema que ens afecta a tots d\u2019una manera molt m\u00e9s visual que per exemple l\u2019estatut, i que a m\u00e9s \u00e9s vital de cara la construcci\u00f3 d\u2019un pa\u00eds que pugui encarar en plenes garanties el futur.<\/div>\n<div align=\"justify\">\u00c9s per aquest motiu que s\u2019hauria d\u2019exigir a tots els estaments de la nostra societat civil que es comprometessin en la defensa del nou sistema de finan\u00e7ament, \u00e9s evident que el pes de tot plegat l\u2019ha de dur qui representa la poblaci\u00f3, per\u00f2 no es pot permetre la inhibici\u00f3 de certs sectors o la col\u00b7laboraci\u00f3 tra\u00efdora d\u2019aquests amb els postulats contraris als interessos del pa\u00eds, perqu\u00e8 com he dit el finan\u00e7ament \u00e9s cosa de tots.<\/div>\n<div align=\"justify\">\u00c9s per aix\u00f2 que no s\u2019acaba d\u2019entendre la posici\u00f3 final de la Cambra de Comer\u00e7 de Barcelona donant per bona la proposta de Solbes de tant sols 1,700 milions d\u2019euros de finan\u00e7ament per Catalunya, i menys amb l\u2019argument de qu\u00e8 ara cal responsabilitat perqu\u00e8 estem en temps de crisi econ\u00f2mica. Tampoc s\u2019ent\u00e9n ja que suposa rebaixar m\u00e9s d\u2019un 50% les reclamacions de la mateixa Cambra a inicis d\u2019estiu quan posava el llist\u00f3 a m\u00e9s de 3,500 milions, fet que demostra el poc sentit com\u00fa que regna en aquesta entitat. <\/div>\n<div align=\"justify\">Els empresaris i les seves organitzacions s\u00f3n un element b\u00e0sic per a qualsevol pa\u00eds, tamb\u00e9 el nostre, i per tant han de ser una pe\u00e7a m\u00e9s de l\u2019entramat civil que el forma. Els empresaris ajuden a crear riquesa i a fer funcionar el pa\u00eds correctament, per aix\u00f2 encara \u00e9s m\u00e9s dif\u00edcil d\u2019entendre aquesta rendici\u00f3 tant alarmant de l\u2019empresariat catal\u00e0. <\/div>\n<div align=\"justify\">Entenc que no entenen que sense nou finan\u00e7ament, el finan\u00e7ament de fireta de l\u2019estatut de Mas i ZP per\u00f2 infinitament millor que l\u2019actual i que la proposta de Solbes, \u00e9s b\u00e0sic perqu\u00e8 Catalunya avanci i creixi econ\u00f2micament, i entenc que si Catalunya avan\u00e7a, ells tamb\u00e9 ho faran. <\/div>\n<div align=\"justify\">La dignitat \u00e9s una cosa que es perd f\u00e0cilment, i m\u00e9s quan es va cap a Madrid, i el sentit com\u00fa \u00e9s el menys com\u00fa dels sentits, per\u00f2 la Cambra s\u2019equivoca en un terme que \u00e9s essencial. La responsabilitat en aquests moments no es demostra renunciant a un nou sistema de finan\u00e7ament adduint temps de crisi, la responsabilitat actualment es demostra sent ferm en les reivindicacions d\u2019un bon finan\u00e7ament per Catalunya, perqu\u00e8 sin\u00f3 \u00e9s aix\u00ed els serveis socials comen\u00e7aran a retallar-se i les prestacions a disminuir, i aix\u00f2 no es pot permetre en un pa\u00eds pretesament desenvolupat i que aspira a ser competitiu. <\/div>\n<div align=\"justify\">Hem d\u2019anar junts pel finan\u00e7ament, el finan\u00e7ament som tots, i malauradament ja hem tingut la primera ren\u00fancia. La dels empresaris. <\/div>\n<p><\/span><\/p>\n<div> <\/div>\n<div class=\"blogger-post-footer\"><img width='1' height='1' src='https:\/\/blogger.googleusercontent.com\/tracker\/2467933452740288616-223948143629628140?l=peresabat.blogspot.com' alt='' \/><\/div>\n","protected":false},"excerpt":{"rendered":"<p>Ens torbem novament en un estat en qu\u00e8 el pa\u00eds es juga bona part del seu futur, mentre es mantinguin les condicions actuals en mat\u00e8ria estatal, ara el moment clau passa pel finan\u00e7ament.En la negociaci\u00f3 del nou sistema de finan\u00e7ament i en el seu desenvolupament s\u2019ha exigit molt a la classe pol\u00edtica, com no podria&#8230;<\/p>\n","protected":false},"author":2,"featured_media":0,"comment_status":"open","ping_status":"open","sticky":false,"template":"","format":"standard","meta":{"footnotes":""},"categories":[26],"tags":[],"class_list":["post-386","post","type-post","status-publish","format-standard","hentry","category-uncategorized"],"_links":{"self":[{"href":"https:\/\/www.blocdelsabat.cat\/index.php?rest_route=\/wp\/v2\/posts\/386","targetHints":{"allow":["GET"]}}],"collection":[{"href":"https:\/\/www.blocdelsabat.cat\/index.php?rest_route=\/wp\/v2\/posts"}],"about":[{"href":"https:\/\/www.blocdelsabat.cat\/index.php?rest_route=\/wp\/v2\/types\/post"}],"author":[{"embeddable":true,"href":"https:\/\/www.blocdelsabat.cat\/index.php?rest_route=\/wp\/v2\/users\/2"}],"replies":[{"embeddable":true,"href":"https:\/\/www.blocdelsabat.cat\/index.php?rest_route=%2Fwp%2Fv2%2Fcomments&post=386"}],"version-history":[{"count":0,"href":"https:\/\/www.blocdelsabat.cat\/index.php?rest_route=\/wp\/v2\/posts\/386\/revisions"}],"wp:attachment":[{"href":"https:\/\/www.blocdelsabat.cat\/index.php?rest_route=%2Fwp%2Fv2%2Fmedia&parent=386"}],"wp:term":[{"taxonomy":"category","embeddable":true,"href":"https:\/\/www.blocdelsabat.cat\/index.php?rest_route=%2Fwp%2Fv2%2Fcategories&post=386"},{"taxonomy":"post_tag","embeddable":true,"href":"https:\/\/www.blocdelsabat.cat\/index.php?rest_route=%2Fwp%2Fv2%2Ftags&post=386"}],"curies":[{"name":"wp","href":"https:\/\/api.w.org\/{rel}","templated":true}]}}