{"id":41,"date":"2008-02-12T16:17:00","date_gmt":"2008-02-12T16:17:00","guid":{"rendered":"http:\/\/peresabat.wordpress.com\/2008\/02\/12\/100-anys-de-palau"},"modified":"2008-02-12T16:17:00","modified_gmt":"2008-02-12T16:17:00","slug":"100-anys-de-palau","status":"publish","type":"post","link":"https:\/\/www.blocdelsabat.cat\/?p=41","title":{"rendered":"100 anys de Palau"},"content":{"rendered":"<p><a href=\"http:\/\/peresabat.files.wordpress.com\/2008\/02\/senyera11.gif\"><img decoding=\"async\" alt=\"\" src=\"http:\/\/peresabat.files.wordpress.com\/2008\/02\/senyera11.gif?w=185\" border=\"0\" \/><\/a><\/p>\n<div align=\"justify\"><span style=\"font-family:arial;font-size:130%;\">Fa dies es va celebrar un aniversari col.lectiu significatiu. Aquest cap de setmana va fer 100 anys de l&#8217;obertura del Palau de la M\u00fasica Catalana.<\/span><\/div>\n<div align=\"justify\"><\/div>\n<div align=\"justify\"><span style=\"font-family:arial;font-size:130%;\">Aquest aniversari tamb\u00e9 ve acompanyat del centanari del Cant de la Senyera que va ser cantat per primer cop, en el primer concert al Palau per l&#8217;Orfe\u00f3 Catal\u00e0. <\/span><\/div>\n<div align=\"justify\"><\/div>\n<div align=\"justify\"><span style=\"font-family:arial;font-size:130%;\">El Cant de la Senyera \u00e9s un cant emocional, triomfant, un cant com deia aquell de &#8220;<em>gallina de piel&#8221;.<\/em> \u00c9s el millor cant que se li pot donar a la Bandera del pa\u00eds, \u00e9s un cant que agermana, en positiu, un cant majestu\u00f3s. \u00c9s un cant sobir\u00e0, de voluntat, d&#8217;aquesta voluntat del poble per \u00e9sser i per seguir sent. <\/span><\/div>\n<div align=\"justify\"><\/div>\n<div align=\"justify\"><span style=\"font-family:arial;font-size:130%;\">En un temps en qu\u00e8 per simple inter\u00e8s electoral, per totes bandes ataquen la voluntat del poble de ser poble, no va malament recordar que fa segles que en som de poble, i per molt que ho intentin, continuarem sent poble. <\/span><\/div>\n<div align=\"justify\"><\/div>\n<div align=\"justify\"><span style=\"font-family:arial;font-size:130%;\">I aquest ser\u00e0 un poble, que ser\u00e0 tot all\u00f2 que vulgui ser.<\/span><\/div>\n<div align=\"justify\"><\/div>\n<div align=\"justify\"><\/div>\n<div align=\"justify\"><\/div>\n<div align=\"left\"><span style=\"font-family:arial;font-size:130%;\"><em><\/em><\/span><\/div>\n<div align=\"left\"><span style=\"font-family:arial;font-size:130%;\"><em><\/em><\/span><\/div>\n<div align=\"center\"><span style=\"font-family:arial;font-size:130%;\"><em><\/em><\/span> <\/div>\n<div align=\"center\"><span style=\"font-family:arial;font-size:130%;\"><em>EL CANT DE LA SENYERA<\/em><\/span><\/div>\n<div align=\"center\"><\/div>\n<div align=\"center\"><em><span style=\"font-family:Arial;font-size:130%;\"><\/span><\/em><\/div>\n<div align=\"center\"><span style=\"font-size:130%;\"><\/span><\/div>\n<div align=\"center\"><span style=\"font-size:130%;\"><span style=\"font-family:arial;\"><\/span><\/span> <\/div>\n<div align=\"center\"><span style=\"font-size:130%;\"><span style=\"font-family:arial;\">Al damunt dels nostres cants<\/span> <\/div>\n<p><\/span><\/p>\n<div align=\"center\"><span style=\"font-size:130%;\"><span style=\"font-family:arial;\">aixequem una senyera<\/span><\/div>\n<p><\/span><\/p>\n<div align=\"center\"><span style=\"font-family:arial;font-size:130%;\">que els far\u00e0 m\u00e9s triomfants<\/span><\/div>\n<div align=\"center\"><span style=\"font-size:130%;\"><\/span><\/div>\n<div align=\"center\"><span style=\"font-size:130%;\"><span style=\"font-family:arial;\"><\/span><\/span><\/div>\n<div align=\"center\"><span style=\"font-size:130%;\"><span style=\"font-family:arial;\">Au companys, enharberem-la<\/span> <\/div>\n<p><\/span><\/p>\n<div align=\"center\"><span style=\"font-size:130%;\"><span style=\"font-family:arial;\">en senyal de germandat<\/span><\/div>\n<p><\/span><\/p>\n<div align=\"center\"><span style=\"font-size:130%;\"><span style=\"font-family:arial;\">au germans, al vent desfem-la<\/span><\/div>\n<p><\/span><\/p>\n<div align=\"center\"><span style=\"font-size:130%;\"><span style=\"font-family:arial;\">en senyal de llibertat,<\/span><\/div>\n<p><\/span><\/p>\n<div align=\"center\"><span style=\"font-size:130%;\"><span style=\"font-family:arial;\">que vole\u00ef, contemplem-la <\/span><\/div>\n<p><\/span><\/p>\n<div align=\"center\"><span style=\"font-size:130%;\"><span style=\"font-family:arial;\">en sa dol\u00e7a majestat<\/span><\/div>\n<p><\/span><\/p>\n<div align=\"center\"><span style=\"font-family:arial;font-size:130%;\">contemplen-la en sa dol\u00e7a majestat<\/span><\/div>\n<div align=\"center\"><span style=\"font-size:130%;\"><\/span><\/div>\n<div align=\"center\"><span style=\"font-size:130%;\"><span style=\"font-family:arial;\"><\/span><\/span><\/div>\n<div align=\"center\"><span style=\"font-size:130%;\"><span style=\"font-family:arial;\">Al damunt dels nostres cants<\/span> <\/div>\n<p><\/span><\/p>\n<div align=\"center\"><span style=\"font-size:130%;\"><span style=\"font-family:arial;\">aixequem una senyera<\/span><\/div>\n<p><\/span><\/p>\n<div align=\"center\"><span style=\"font-family:arial;font-size:130%;\">que els far\u00e0 m\u00e9s triomfants<\/span><\/div>\n<div align=\"center\"><span style=\"font-size:130%;\"><\/span><\/div>\n<div align=\"center\"><span style=\"font-size:130%;\"><span style=\"font-family:arial;\"><\/span><\/span><\/div>\n<div align=\"center\"><span style=\"font-size:130%;\"><span style=\"font-family:arial;\">OH, bandera catalana<\/span><br \/><\/span><span style=\"font-size:130%;\"><span style=\"font-family:arial;\">nostre cor t\u00b4\u00e9s ben fidel<\/span><br \/><\/span><span style=\"font-size:130%;\"><span style=\"font-family:arial;\">volar\u00e0s com au galana<\/span><br \/><\/span><span style=\"font-size:130%;\"><span style=\"font-family:arial;\">pel damunt del anhel<\/span><br \/><\/span><span style=\"font-size:130%;\"><span style=\"font-family:arial;\">Per mirar-te sobirana <\/span><br \/><\/span><span style=\"font-size:130%;\"><span style=\"font-family:arial;\">al\u00e7arem els ulls al cel<\/span><br \/><\/span><span style=\"font-size:130%;\"><span style=\"font-family:arial;\">Per mirar-te sobirana <\/span><br \/><\/span><span style=\"font-family:arial;font-size:130%;\">al\u00e7arem els ulls al cel<\/span><\/div>\n<p><span style=\"font-family:Arial;\"><\/span><\/p>\n<div align=\"center\"><span style=\"font-size:130%;\"><\/span><\/div>\n<div align=\"center\"><span style=\"font-size:130%;\"><span style=\"font-family:arial;\"><\/span><\/span><\/div>\n<div align=\"center\"><span style=\"font-size:130%;\"><span style=\"font-family:arial;\">Al damunt dels nostres cants<\/span> <\/div>\n<p><\/span><\/p>\n<div align=\"center\"><span style=\"font-size:130%;\"><span style=\"font-family:arial;\">aixequem una senyera<\/span><\/div>\n<p><\/span><\/p>\n<div align=\"center\"><span style=\"font-family:arial;font-size:130%;\">que els far\u00e0 m\u00e9s triomfants<\/span><\/div>\n<div align=\"center\"><span style=\"font-size:130%;\"><\/span><\/div>\n<div align=\"center\"><span style=\"font-size:130%;\"><span style=\"font-family:arial;\"><\/span><\/span><\/div>\n<div align=\"center\"><span style=\"font-size:130%;\"><span style=\"font-family:arial;\">I et durem arreu enlaire<\/span><br \/><\/span><span style=\"font-size:130%;\"><span style=\"font-family:arial;\">et durem i tu ens dur\u00e0s<\/span><br \/><\/span><span style=\"font-size:130%;\"><span style=\"font-family:arial;\">voleiant al grat de l\u00b4aire,<\/span><br \/><\/span><span style=\"font-size:130%;\"><span style=\"font-family:arial;\">el cam\u00ed assenyalar\u00e0s<\/span> <\/span><\/div>\n<div align=\"center\"><span style=\"font-size:130%;\"><span style=\"font-family:arial;\">D\u00f3na veu al teu cantaire<\/span><\/div>\n<p><\/span><\/p>\n<div align=\"center\"><span style=\"font-size:130%;\"><span style=\"font-family:arial;\">llum als ulls i for\u00e7a al bra\u00e7<\/span><\/div>\n<p><\/span><\/p>\n<div align=\"center\"><span style=\"font-family:arial;font-size:130%;\">llum als ulls i for\u00e7a al bra\u00e7<\/span><\/div>\n<div align=\"center\"><span style=\"font-size:130%;\"><\/span><\/div>\n<div align=\"center\"><span style=\"font-size:130%;\"><span style=\"font-family:arial;\"><\/span><\/span><\/div>\n<div align=\"center\"><span style=\"font-size:130%;\"><span style=\"font-family:arial;\">Al damunt dels nostres cants<\/span> <\/div>\n<p><\/span><\/p>\n<div align=\"center\"><span style=\"font-size:130%;\"><span style=\"font-family:arial;\">aixequem una senyera<\/span><\/div>\n<p><\/span><\/p>\n<div align=\"center\"><span style=\"font-size:130%;\"><span style=\"font-family:arial;\">que els far\u00e0 m\u00e9s triomfants<\/span><\/div>\n<p><\/span><\/p>\n<div align=\"left\"><span style=\"font-size:130%;\"><\/span><\/div>\n<div class=\"blogger-post-footer\"><img width='1' height='1' src='https:\/\/blogger.googleusercontent.com\/tracker\/2467933452740288616-2875452837816205776?l=peresabat.blogspot.com' alt='' \/><\/div>\n","protected":false},"excerpt":{"rendered":"<p>Fa dies es va celebrar un aniversari col.lectiu significatiu. Aquest cap de setmana va fer 100 anys de l&#8217;obertura del Palau de la M\u00fasica Catalana. Aquest aniversari tamb\u00e9 ve acompanyat del centanari del Cant de la Senyera que va ser cantat per primer cop, en el primer concert al Palau per l&#8217;Orfe\u00f3 Catal\u00e0. El Cant&#8230;<\/p>\n","protected":false},"author":2,"featured_media":0,"comment_status":"open","ping_status":"open","sticky":false,"template":"","format":"standard","meta":{"footnotes":""},"categories":[26],"tags":[],"class_list":["post-41","post","type-post","status-publish","format-standard","hentry","category-uncategorized"],"_links":{"self":[{"href":"https:\/\/www.blocdelsabat.cat\/index.php?rest_route=\/wp\/v2\/posts\/41","targetHints":{"allow":["GET"]}}],"collection":[{"href":"https:\/\/www.blocdelsabat.cat\/index.php?rest_route=\/wp\/v2\/posts"}],"about":[{"href":"https:\/\/www.blocdelsabat.cat\/index.php?rest_route=\/wp\/v2\/types\/post"}],"author":[{"embeddable":true,"href":"https:\/\/www.blocdelsabat.cat\/index.php?rest_route=\/wp\/v2\/users\/2"}],"replies":[{"embeddable":true,"href":"https:\/\/www.blocdelsabat.cat\/index.php?rest_route=%2Fwp%2Fv2%2Fcomments&post=41"}],"version-history":[{"count":0,"href":"https:\/\/www.blocdelsabat.cat\/index.php?rest_route=\/wp\/v2\/posts\/41\/revisions"}],"wp:attachment":[{"href":"https:\/\/www.blocdelsabat.cat\/index.php?rest_route=%2Fwp%2Fv2%2Fmedia&parent=41"}],"wp:term":[{"taxonomy":"category","embeddable":true,"href":"https:\/\/www.blocdelsabat.cat\/index.php?rest_route=%2Fwp%2Fv2%2Fcategories&post=41"},{"taxonomy":"post_tag","embeddable":true,"href":"https:\/\/www.blocdelsabat.cat\/index.php?rest_route=%2Fwp%2Fv2%2Ftags&post=41"}],"curies":[{"name":"wp","href":"https:\/\/api.w.org\/{rel}","templated":true}]}}