{"id":428,"date":"2008-10-19T14:40:00","date_gmt":"2008-10-19T14:40:00","guid":{"rendered":"http:\/\/peresabat.wordpress.com\/2008\/10\/19\/personatge-de-la-setmana-baltasar-garzon"},"modified":"2008-10-19T14:40:00","modified_gmt":"2008-10-19T14:40:00","slug":"personatge-de-la-setmana-baltasar-garzon","status":"publish","type":"post","link":"https:\/\/www.blocdelsabat.cat\/?p=428","title":{"rendered":"Personatge de la setmana: Baltasar Garz\u00f3n"},"content":{"rendered":"<p><a href=\"http:\/\/peresabat.files.wordpress.com\/2008\/10\/baltasargarzon1.jpg\"><img decoding=\"async\" alt=\"\" src=\"http:\/\/peresabat.files.wordpress.com\/2008\/10\/baltasargarzon1.jpg?w=256\" border=\"0\" \/><\/a><\/p>\n<div align=\"justify\"><span style=\"font-family:arial;font-size:130%;\">Si un personatge ha destacat aquesta setmana \u00e9s sens dubte el jutge estrella de l\u2019audi\u00e8ncia nacional (nom constitucional del temut TOP franquista), Baltasar Garz\u00f3n.<\/span><\/div>\n<p><span style=\"font-family:arial;font-size:130%;\"><\/p>\n<div align=\"justify\">Garz\u00f3n realment t\u00e9 la particularitat de convertir-se en el centre de l\u2019atenci\u00f3 medi\u00e0tica en diferents moments de la nostra hist\u00f2ria recent.<br \/>El jutge va ser un dels m\u00e0xims responsables d\u2019investigar la trama de corrupci\u00f3 i de terrorisme d\u2019estat que els governs espanyols i sobretot el PSOE van dirigir despr\u00e8s de la transacci\u00f3 de la dictadura a la democr\u00e0cia. Despr\u00e8s d\u2019aquest fet, Garz\u00f3n va ser el fitxatge estrella de Gonz\u00e1lez i el PSOE anant de n\u00famero dos per Madrid en les eleccions del 1993 per despr\u00e9s, tot i les promeses de ser ministre de just\u00edcia, tornar a la judicatura al veure\u2019s frustrada la seva entrada al Consell de Ministres. <\/div>\n<div align=\"justify\">Abans d\u2019aquest fet Garz\u00f3n per\u00f2, va ser l\u2019executor al 1992 d\u2019una de les radades m\u00e9s indiscriminades i injustificades que mai ha fet la judicatura espanyola en contra de l\u2019independentisme democr\u00e0tic catal\u00e0, a m\u00e9s de permetre tortures als quartels de la Guardia Civil. Garz\u00f3n ara podr\u00e0 tirar endavant una acci\u00f3 correcte, per\u00f2 aix\u00f2 no hauria de fer oblidar totes les accions en contra de la catalanitat i del moviment independentista. <\/div>\n<div align=\"justify\">M\u00e9s tard el jutge espanyol va comen\u00e7ar una creuada en contra dels dictadors o ex dictadors del m\u00f3n per iniciar judicis per crims contra la humanitat. El m\u00e9s recordat i mediatitzat va ser el d\u2019Augusto Pinochet, ja que Garz\u00f3n va aconseguir mantenir-lo al Regne Unit durant mesos i mesos enclaustrat a casa seva mentre intentava declarar-se competent per jutjar-lo a l\u2019estat espanyol. No va poder jutjar-lo, per\u00f2 la seva detenci\u00f3 almenys va servir per exemplificar tot el que significava Pinochet i per condemnar amb m\u00e9s for\u00e7a que mai la penosa dictadura xilena. <\/div>\n<div align=\"justify\">Garz\u00f3n per\u00f2 sempre se li podia imputar un per\u00f2. El per\u00f2 d\u2019anar a buscar a fora el que tenia a casa. \u00c9s molt f\u00e0cil enfrontar-te amb dictadors forans per\u00f2 no ho \u00e9s tan fer-ho amb el propi. <\/div>\n<div align=\"justify\">Ara per\u00f2 Garz\u00f3n ho ha fet. No s\u00e9 si la seva iniciativa servir\u00e0 de molt o no, per\u00f2 com a m\u00ednim posa, o intenta, posar les coses al seu lloc. Aix\u00f2 si, si no ha de portar a enlloc, doncs potser si que seria millor no tocar res, ja que tocar per tocar malament \u00e9s millor deixar les coses tal i com estan. <\/div>\n<div align=\"justify\">Aquesta tasca que ha comen\u00e7at Garz\u00f3n ha de servir per anul\u00b7lar les sent\u00e8ncies de mort del r\u00e8gim franquista, i per tan fer la feina que els governs espanyols descendents d\u2019aquella dictadura no han volgut fer, incomplint acords parlamentari com en el cas de Zapatero. Garz\u00f3n t\u00e9 la oportunitat de fer just\u00edcia, t\u00e9 la oportunitat de fer jutjar als que van cometre crims contra la humanitat durant els anys foscos de la dictadura espanyola. I ja s\u00e9 que sempre ho dic, per\u00f2 es que sin\u00f3 rebento, el primer que haurien d\u2019asseure a la banqueta dels acusats \u00e9s un tal que ha qualificat la iniciativa de Garz\u00f3n de &#8220;disbarat&#8221;. S\u00ed, Fraga Iribarne. <\/div>\n<div align=\"justify\">No es pot fer m\u00e9s que saludar amb entusiasme aquest inici de recuperaci\u00f3 de la mem\u00f2ria veritable, que no deixa de ser un acte de just\u00edcia, que est\u00e0 duent a terme Garz\u00f3n, ara faltar\u00e0 veure si nom\u00e9s \u00e9s un farol per tapar la cisis, o si realment es va en serio i es cavalca cap a la recuperaci\u00f3 de la mem\u00f2ria i al restabliment, sense ren\u00fancies, de les v\u00edctimes assassinades per la barb\u00e0rie nacionalcatolica espanyola.<\/span><\/div>\n<p><\/p>\n<div align=\"justify\"><\/div>\n<div> <\/div>\n<div class=\"blogger-post-footer\"><img width='1' height='1' src='https:\/\/blogger.googleusercontent.com\/tracker\/2467933452740288616-7251840185835491041?l=peresabat.blogspot.com' alt='' \/><\/div>\n","protected":false},"excerpt":{"rendered":"<p>Si un personatge ha destacat aquesta setmana \u00e9s sens dubte el jutge estrella de l\u2019audi\u00e8ncia nacional (nom constitucional del temut TOP franquista), Baltasar Garz\u00f3n. Garz\u00f3n realment t\u00e9 la particularitat de convertir-se en el centre de l\u2019atenci\u00f3 medi\u00e0tica en diferents moments de la nostra hist\u00f2ria recent.El jutge va ser un dels m\u00e0xims responsables d\u2019investigar la trama&#8230;<\/p>\n","protected":false},"author":2,"featured_media":0,"comment_status":"open","ping_status":"open","sticky":false,"template":"","format":"standard","meta":{"footnotes":""},"categories":[26],"tags":[],"class_list":["post-428","post","type-post","status-publish","format-standard","hentry","category-uncategorized"],"_links":{"self":[{"href":"https:\/\/www.blocdelsabat.cat\/index.php?rest_route=\/wp\/v2\/posts\/428","targetHints":{"allow":["GET"]}}],"collection":[{"href":"https:\/\/www.blocdelsabat.cat\/index.php?rest_route=\/wp\/v2\/posts"}],"about":[{"href":"https:\/\/www.blocdelsabat.cat\/index.php?rest_route=\/wp\/v2\/types\/post"}],"author":[{"embeddable":true,"href":"https:\/\/www.blocdelsabat.cat\/index.php?rest_route=\/wp\/v2\/users\/2"}],"replies":[{"embeddable":true,"href":"https:\/\/www.blocdelsabat.cat\/index.php?rest_route=%2Fwp%2Fv2%2Fcomments&post=428"}],"version-history":[{"count":0,"href":"https:\/\/www.blocdelsabat.cat\/index.php?rest_route=\/wp\/v2\/posts\/428\/revisions"}],"wp:attachment":[{"href":"https:\/\/www.blocdelsabat.cat\/index.php?rest_route=%2Fwp%2Fv2%2Fmedia&parent=428"}],"wp:term":[{"taxonomy":"category","embeddable":true,"href":"https:\/\/www.blocdelsabat.cat\/index.php?rest_route=%2Fwp%2Fv2%2Fcategories&post=428"},{"taxonomy":"post_tag","embeddable":true,"href":"https:\/\/www.blocdelsabat.cat\/index.php?rest_route=%2Fwp%2Fv2%2Ftags&post=428"}],"curies":[{"name":"wp","href":"https:\/\/api.w.org\/{rel}","templated":true}]}}