{"id":430,"date":"2008-10-20T17:30:00","date_gmt":"2008-10-20T17:30:00","guid":{"rendered":"http:\/\/peresabat.wordpress.com\/2008\/10\/20\/i-lendema-de-la-independencia-que"},"modified":"2008-10-20T17:30:00","modified_gmt":"2008-10-20T17:30:00","slug":"i-lendema-de-la-independencia-que","status":"publish","type":"post","link":"https:\/\/www.blocdelsabat.cat\/?p=430","title":{"rendered":"I l&#8217;endem\u00e0 de la Independ\u00e8ncia, qu\u00e8?"},"content":{"rendered":"<p><a href=\"http:\/\/peresabat.files.wordpress.com\/2008\/10\/indp1.jpg\"><img loading=\"lazy\" decoding=\"async\" height=\"223\" alt=\"\" src=\"http:\/\/peresabat.files.wordpress.com\/2008\/10\/indp1.jpg?w=300\" width=\"308\" border=\"0\" \/><\/a><\/p>\n<div align=\"justify\"><span style=\"font-family:arial;font-size:130%;\">Un dels mals de qu\u00e8 peca l\u2019independentisme, \u00e9s segurament que basa tot el seu discurs pol\u00edtic en la consecuci\u00f3 de la fita del dia D, per\u00f2 passa de llarg i deixa per m\u00e9s endavant que passar\u00e0 o que es pret\u00e9n que passi a partir del dia assenyalat.<\/span><\/div>\n<p><span style=\"font-family:arial;font-size:130%;\"><\/p>\n<div align=\"justify\">Aquesta, tanmateix, tamb\u00e9 \u00e9s una de les excuses preferides pels grans defensors de l\u2019unionisme per descartar l\u2019opci\u00f3 sobiranista, ja que esgrimeixen que no poden donar suport a una opci\u00f3 sense saber qu\u00e8 es proposa. Aquest fet segurament ve donat a que fins el moment l\u2019opci\u00f3 independentista nom\u00e9s ha estat defensada de forma seriosa i real per forces d\u2019esquerres o de centre-esquerra, i que per tant el marc ideol\u00f2gic es donava per sabut o per ent\u00e8s de partida. Per tant seria convenient que forces pol\u00edtiques de dretes o de centre-dreta se sumessin al tren de la llibertat, i aix\u00ed poder discutir des de diferents punts de vista ideol\u00f2gics, i no nacionals com fins ara, el futur del pa\u00eds. <\/div>\n<div align=\"justify\">El fet doncs de qu\u00e8 l\u2019independentisme nom\u00e9s hagi tingut la refer\u00e8ncia esquerrana i fins i tot revolucionaria, ha fet que els plantejaments de la futura Rep\u00fablica, ja que ning\u00fa defensa el restabliment de la monarquia, hagin quedat sepultats sota la discussi\u00f3 d\u2019independ\u00e8ncia s\u00ed o d\u2019independ\u00e8ncia no.<\/div>\n<div align=\"justify\">\u00c9s evident de qu\u00e8 per poder discutir sobre els fonaments del futur estat propi, abans haurem hagut d\u2019exercir el dret a l\u2019autodeterminaci\u00f3, en paraules d\u2019ara &#8221; el dret a decidir&#8221;, i que per tant la formulaci\u00f3 constitucional de la Rep\u00fablica \u00e9s secundaria a la de l\u2019exercici del dret. Tot i aix\u00ed crec que l\u2019independentisme democr\u00e0tic i pragm\u00e0tic, hauria de fer la reflexi\u00f3 de quin \u00e9s el pa\u00eds que vol construir l\u2019endem\u00e0 de la independ\u00e8ncia. Ser\u00e0 un pa\u00eds on els interessos de les grans empreses guiar\u00e0 l\u2019acci\u00f3 del govern, per exemple amb plans aberrants com el CIM Pened\u00e8s o el Quart Cintur\u00f3? O ser\u00e0 una Rep\u00fablica on el desenvolupament sigui equilibrat? Ser\u00e0 un estat presidencialista o parlamentari? El catal\u00e0 ser\u00e0 l\u2019\u00fanica llengua oficial o tamb\u00e9 ho ser\u00e0 el castell\u00e0? S\u2019invertir\u00e0 m\u00e9s en noves tecnologies i a les universitats o seguirem com fins ara? I aix\u00ed amb una llarga llista. <\/div>\n<div align=\"justify\">En aquests moments no \u00e9s molt dif\u00edcil imaginar-se la futura Rep\u00fablica o almenys alguns pilars, ja que nom\u00e9s hi ha un partit que defensa que aquesta sigui una realitat, tot i aix\u00ed f\u00f3ra bo que entre tots ens planteg\u00e9ssim el nostre futur com a poble dins el marc d\u2019un estat propi i lliure en el si de la Uni\u00f3 Europea. <\/div>\n<div align=\"justify\">Crec que quan es formalitzi el projecte dels fonaments del futur estat catal\u00e0, l\u2019opci\u00f3 independentista augmentar\u00e0 de suport social, \u00e9s cert que potser es perdran alguns elements intransigents pel cam\u00ed, per\u00f2 la iniciativa seria beneficiosa pels qui defensen de veritat el projecte independentista. <\/div>\n<div align=\"justify\">Aquesta \u00e9s una de les accions que hauria de fer l\u2019independentisme parlamentari per poder guanyar el suport de la majoria social del pa\u00eds per poder avan\u00e7ar cap a la consecuci\u00f3 de l\u2019estat propi, a m\u00e9s a m\u00e9s aquest fet li faria recuperar cert prestigi i certa credibilitat que s\u2019ha llen\u00e7at in\u00fatilment en els \u00faltims anys.<\/p>\n<p>Tot i aix\u00ed, remarco que el que seria benefici\u00f3s, \u00e9s un debat entre diferents partits d\u2019ideologia diferent per establir el marc constitucional de la futura Rep\u00fablica de Catalunya. <\/span><\/div>\n<div align=\"justify\"><span style=\"font-family:arial;font-size:130%;\">Ja que el futur dep\u00e8n de nosaltres, i nosaltres haurem de decidir qu\u00e8 volem ser.<br \/><\/span><\/div>\n<div class=\"blogger-post-footer\"><img width='1' height='1' src='https:\/\/blogger.googleusercontent.com\/tracker\/2467933452740288616-1150191588315842598?l=peresabat.blogspot.com' alt='' \/><\/div>\n","protected":false},"excerpt":{"rendered":"<p>Un dels mals de qu\u00e8 peca l\u2019independentisme, \u00e9s segurament que basa tot el seu discurs pol\u00edtic en la consecuci\u00f3 de la fita del dia D, per\u00f2 passa de llarg i deixa per m\u00e9s endavant que passar\u00e0 o que es pret\u00e9n que passi a partir del dia assenyalat. Aquesta, tanmateix, tamb\u00e9 \u00e9s una de les excuses&#8230;<\/p>\n","protected":false},"author":2,"featured_media":0,"comment_status":"open","ping_status":"open","sticky":false,"template":"","format":"standard","meta":{"footnotes":""},"categories":[26],"tags":[],"class_list":["post-430","post","type-post","status-publish","format-standard","hentry","category-uncategorized"],"_links":{"self":[{"href":"https:\/\/www.blocdelsabat.cat\/index.php?rest_route=\/wp\/v2\/posts\/430","targetHints":{"allow":["GET"]}}],"collection":[{"href":"https:\/\/www.blocdelsabat.cat\/index.php?rest_route=\/wp\/v2\/posts"}],"about":[{"href":"https:\/\/www.blocdelsabat.cat\/index.php?rest_route=\/wp\/v2\/types\/post"}],"author":[{"embeddable":true,"href":"https:\/\/www.blocdelsabat.cat\/index.php?rest_route=\/wp\/v2\/users\/2"}],"replies":[{"embeddable":true,"href":"https:\/\/www.blocdelsabat.cat\/index.php?rest_route=%2Fwp%2Fv2%2Fcomments&post=430"}],"version-history":[{"count":0,"href":"https:\/\/www.blocdelsabat.cat\/index.php?rest_route=\/wp\/v2\/posts\/430\/revisions"}],"wp:attachment":[{"href":"https:\/\/www.blocdelsabat.cat\/index.php?rest_route=%2Fwp%2Fv2%2Fmedia&parent=430"}],"wp:term":[{"taxonomy":"category","embeddable":true,"href":"https:\/\/www.blocdelsabat.cat\/index.php?rest_route=%2Fwp%2Fv2%2Fcategories&post=430"},{"taxonomy":"post_tag","embeddable":true,"href":"https:\/\/www.blocdelsabat.cat\/index.php?rest_route=%2Fwp%2Fv2%2Ftags&post=430"}],"curies":[{"name":"wp","href":"https:\/\/api.w.org\/{rel}","templated":true}]}}