{"id":437,"date":"2008-10-25T08:28:00","date_gmt":"2008-10-25T08:28:00","guid":{"rendered":"http:\/\/peresabat.wordpress.com\/2008\/10\/25\/upf-dignitat"},"modified":"2008-10-25T08:28:00","modified_gmt":"2008-10-25T08:28:00","slug":"upf-dignitat","status":"publish","type":"post","link":"https:\/\/www.blocdelsabat.cat\/?p=437","title":{"rendered":"UPF, Dignitat"},"content":{"rendered":"<p><a href=\"http:\/\/peresabat.files.wordpress.com\/2008\/10\/catala1.jpg\"><img decoding=\"async\" alt=\"\" src=\"http:\/\/peresabat.files.wordpress.com\/2008\/10\/catala1.jpg?w=300\" border=\"0\" \/><\/a><\/p>\n<div align=\"center\"><span style=\"font-family:arial;font-size:130%;\">MANIFEST UNITARI A FAVOR DEL CATAL\u00c0 A LA UNIVERSITAT POMEU FABRA:<\/span><\/div>\n<div align=\"justify\"><span style=\"font-family:arial;font-size:130%;\">Arran dels darrers esdeveniments i actituds del Rectorat de la Universitat Pompeu Fabra respecte la q\u00fcesti\u00f3 de la llengua a la universitat, la Comissi\u00f3 ling\u00fc\u00edstica del Consell d\u2019Estudiants de la UPF i l\u2019Assemblea d\u2019Estudiants, juntament amb les seg\u00fcents associacions que tenen implantaci\u00f3 a la nostra universitat: Associaci\u00f3 d\u2019Estudiants Progressistes (AEP), Associaci\u00f3 de Joves Estudiants de Catalunya (AJEC), Estudiants en Acci\u00f3 (EeA), Federaci\u00f3 Nacional d\u2019Estudiants de Catalunya (FNEC), Plataforma Universit\u00e0ria pel Catal\u00e0 (PUC) i Sindicat d\u2019Estudiants dels Pa\u00efsos Catalans (SEPC), juntament amb les signatures dels seus representants al Claustre de la Universitat redactem el seg\u00fcent manifest:<\/span><\/div>\n<div align=\"justify\"><span style=\"font-family:arial;font-size:130%;\">Denunciem l\u2019incompliment parcial de l\u2019acord del Consell Interuniversitari de Catalunya(CIC) on s\u2019estableix el requisit del coneixement del Nivell C de catal\u00e0, i critiquem el posicionament ambigu adoptat aquests \u00faltims mesos per part de la direcci\u00f3 de la Universitat.<\/span><\/div>\n<div align=\"justify\"><span style=\"font-family:arial;font-size:130%;\">Alhora, pretenem fer notar el nostre desacord amb la no aplicaci\u00f3 dels principis del Pla d\u2019Acci\u00f3 pel Multiling\u00fcisme (PAM) a la nostra universitat, entre els quals es troba el coneixement de la llengua previ a la matriculaci\u00f3 en la que s\u2019imparteix cada assignatura, com tamb\u00e9 el gran desconeixement per part de tota la comunitat universit\u00e0ria del concepte de seguretat ling\u00fc\u00edstica, i concretament, el de no estar discriminat en l\u2019entrega de treballs en catal\u00e0 o la impossibilitat de realitzar presentacions orals en llengua catalana.<\/span><\/div>\n<div align=\"justify\"><span style=\"font-family:arial;font-size:130%;\">D\u2019altra banda i de forma m\u00e9s general creiem que el proc\u00e9s d\u2019internacionalitzaci\u00f3 en que est\u00e0 immersa la Universitat Pompeu Fabra \u2013la qual ha apostat clarament per l\u2019angl\u00e8s\u2013 no pot relegar el catal\u00e0 a un paper residual .<\/span><\/div>\n<div align=\"justify\"><span style=\"font-family:arial;font-size:130%;\">Finalment, fer constar la nostra preocupaci\u00f3 envers la situaci\u00f3 en la que es troba la llengua catalana a la Universitat Pompeu Fabra, com tamb\u00e9 demanar al govern de la Universitat mesures concretes i efectives clarament a favor del catal\u00e0 sortint de l\u2019ambig\u00fcitat actual.<\/span><\/div>\n<div align=\"justify\"><span style=\"font-family:arial;font-size:130%;\">Barcelona, a 23 d\u2019octubre de 2008<\/span><\/div>\n<div align=\"justify\"><span style=\"font-family:arial;font-size:130%;\">Comissi\u00f3 ling\u00fc\u00edstica del Consell d\u2019Estudiants de la Universitat Pompeu Fabra (CEUPF),<br \/>Assemblea d\u2019Estudiants de la UPF (AEUPF),<br \/>Associaci\u00f3 d\u2019Estudiants Progressistes (AEP),<br \/>Associaci\u00f3 de Joves Estudiants de Catalunya (AJEC),<br \/>Estudiants en Acci\u00f3 (EeA),<br \/>Federaci\u00f3 Nacional d\u2019Estudiants de Catalunya (FNEC),<br \/>Plataforma Universit\u00e0ria pel Catal\u00e0 (PUC) i<br \/>Sindicat d\u2019Estudiants dels Pa\u00efsos Catalans (SEPC).<\/span><\/div>\n<p><\/p>\n<div align=\"justify\"><span style=\"font-family:arial;font-size:130%;\"><\/span><\/div>\n<div class=\"blogger-post-footer\"><img width='1' height='1' src='https:\/\/blogger.googleusercontent.com\/tracker\/2467933452740288616-6322080752654369711?l=peresabat.blogspot.com' alt='' \/><\/div>\n","protected":false},"excerpt":{"rendered":"<p>MANIFEST UNITARI A FAVOR DEL CATAL\u00c0 A LA UNIVERSITAT POMEU FABRA: Arran dels darrers esdeveniments i actituds del Rectorat de la Universitat Pompeu Fabra respecte la q\u00fcesti\u00f3 de la llengua a la universitat, la Comissi\u00f3 ling\u00fc\u00edstica del Consell d\u2019Estudiants de la UPF i l\u2019Assemblea d\u2019Estudiants, juntament amb les seg\u00fcents associacions que tenen implantaci\u00f3 a la&#8230;<\/p>\n","protected":false},"author":2,"featured_media":0,"comment_status":"open","ping_status":"open","sticky":false,"template":"","format":"standard","meta":{"footnotes":""},"categories":[26],"tags":[],"class_list":["post-437","post","type-post","status-publish","format-standard","hentry","category-uncategorized"],"_links":{"self":[{"href":"https:\/\/www.blocdelsabat.cat\/index.php?rest_route=\/wp\/v2\/posts\/437","targetHints":{"allow":["GET"]}}],"collection":[{"href":"https:\/\/www.blocdelsabat.cat\/index.php?rest_route=\/wp\/v2\/posts"}],"about":[{"href":"https:\/\/www.blocdelsabat.cat\/index.php?rest_route=\/wp\/v2\/types\/post"}],"author":[{"embeddable":true,"href":"https:\/\/www.blocdelsabat.cat\/index.php?rest_route=\/wp\/v2\/users\/2"}],"replies":[{"embeddable":true,"href":"https:\/\/www.blocdelsabat.cat\/index.php?rest_route=%2Fwp%2Fv2%2Fcomments&post=437"}],"version-history":[{"count":0,"href":"https:\/\/www.blocdelsabat.cat\/index.php?rest_route=\/wp\/v2\/posts\/437\/revisions"}],"wp:attachment":[{"href":"https:\/\/www.blocdelsabat.cat\/index.php?rest_route=%2Fwp%2Fv2%2Fmedia&parent=437"}],"wp:term":[{"taxonomy":"category","embeddable":true,"href":"https:\/\/www.blocdelsabat.cat\/index.php?rest_route=%2Fwp%2Fv2%2Fcategories&post=437"},{"taxonomy":"post_tag","embeddable":true,"href":"https:\/\/www.blocdelsabat.cat\/index.php?rest_route=%2Fwp%2Fv2%2Ftags&post=437"}],"curies":[{"name":"wp","href":"https:\/\/api.w.org\/{rel}","templated":true}]}}