{"id":438,"date":"2008-10-27T17:16:00","date_gmt":"2008-10-27T17:16:00","guid":{"rendered":"http:\/\/peresabat.wordpress.com\/2008\/10\/27\/ic-v-no-ic-v"},"modified":"2008-10-27T17:16:00","modified_gmt":"2008-10-27T17:16:00","slug":"ic-v-no-ic-v","status":"publish","type":"post","link":"https:\/\/www.blocdelsabat.cat\/?p=438","title":{"rendered":"IC-V? No, Ic-V"},"content":{"rendered":"<p><a href=\"http:\/\/peresabat.files.wordpress.com\/2008\/10\/saura_zapatero1.jpg\"><img decoding=\"async\" alt=\"\" src=\"http:\/\/peresabat.files.wordpress.com\/2008\/10\/saura_zapatero1.jpg?w=136\" border=\"0\" \/><\/a><\/p>\n<div align=\"justify\"><span style=\"font-family:arial;font-size:130%;\">L\u2019\u00faltim dels partits catalans que far\u00e0 el seu congr\u00e9s nacional, ser\u00e0 Iniciativa per Catalunya Verds que ho far\u00e0 el pr\u00f2xim cap de setmana.<\/span><\/div>\n<p><span style=\"font-family:arial;font-size:130%;\"><\/p>\n<div align=\"justify\">Aquest Congr\u00e9s tot i la p\u00e8ssima gesti\u00f3 que estan duent al Govern d\u2019entesa de la Generalitat de Catalunya, el s\u00faper conseller Saura revalidar\u00e0 el seu lideratge dins la formaci\u00f3 roig-verda, una reelecci\u00f3 que demostra que, com d\u2019altres partits, segueixen sent autistes i no s\u2019adonen del pensament de la poblaci\u00f3 envers el seu l\u00edder. <\/div>\n<div align=\"justify\">M\u00e9s enll\u00e0 de l\u2019elecci\u00f3 del President post-comunista, el Congr\u00e9s d\u2019IC-V no es preveu mogut. \u00c9s cert que hi ha hagut dos manifestos m\u00e9s o menys cr\u00edtics amb la direcci\u00f3, un que demana que no es perdi la noci\u00f3 m\u00e9s esquerrana del partit per l\u2019execuci\u00f3 de pol\u00edtiques que no segueixen el perfil ecologista des del govern, i un altre que defensa que el sobiranisme, i per tant la independ\u00e8ncia, formi part de la praxi pol\u00edtica del partit. <\/div>\n<p><\/p>\n<div align=\"justify\">No s\u00e9 qu\u00e8 passar\u00e0 amb el manifest per la coher\u00e8ncia ideol\u00f2gica d\u2019IC-V, el que si em temo \u00e9s el que passar\u00e0 amb el que fa refer\u00e8ncia amb el manifest sobiranista. S\u2019esmenar\u00e0 i es transaccionar\u00e0 de tal manera que no vingui a dir res. <\/div>\n<div align=\"justify\">Aquest fet va molt lligat a un petit embolic de declaracions entre diferents sectors d\u2019IC-V. Aquest creuament de paraules es produ\u00eft per les posicions divergents sobre la pol\u00edtica de pactes del partit verd. <\/div>\n<div align=\"justify\">Alg\u00fa d\u2019ICV es va atrevir a plantejar que no es momifiqu\u00e9s la possible estrat\u00e8gia de pactes de la coalici\u00f3 post-comunista, per tant que no es don\u00e9s per fet que sempre IC-V donaria suport cec al PSC-PSOE. Aquesta iniciativa, per\u00f2 ha quedat totalment descartada per la direcci\u00f3, ja que addueix que IC-V pacta amb partits d\u2019esquerres, i no amb partits de dretes. <\/div>\n<div align=\"justify\">En aquest punt, amb aquesta resposta hi ha resumit tot el projecte de futur del partit post-comunista. <\/div>\n<div align=\"justify\">IC-V posa primer la construcci\u00f3 d\u2019un govern del qual la principal acci\u00f3 sigui l\u2019aprofundiment de les pol\u00edtiques socials. B\u00e9, fins aqu\u00ed cap problema, aquest objectiu tamb\u00e9 \u00e9s el meu. Ara b\u00e9, quin carai de govern podr\u00e0 aprofundir en les pol\u00edtiques socials, enteses com un estat del benestar amb les quatre potes, amb la situaci\u00f3 actual, i amb la situaci\u00f3 que s\u2019est\u00e0 veient que ser\u00e0 en el futur? Quin carai de govern podr\u00e0 desplegar una llei de depend\u00e8ncia? Quin carai de govern podr\u00e0 desenvolupar realment un estat del benestar com el que somiem? Quin? Perqu\u00e8 no ser\u00e0 el govern d\u2019entesa, ni ser\u00e0 el govern que surti de les pr\u00f2ximes eleccions siguin quan siguin, ja que no hi haur\u00e0 cal\u00e9s per poder-ho dur a terme ni tindrem el poder de decidir com fer-les. <\/div>\n<div align=\"justify\">Per poder invertir en pol\u00edtiques socials, per poder fer pol\u00edtiques d\u2019esquerres, primer cal tenir la possibilitat de fer-les. I la veritat \u00e9s que amb la situaci\u00f3 actual \u00e9s, pr\u00e0cticament, impossible. <\/div>\n<div align=\"justify\">Negar-se a la possibilitat d\u2019un pacte amb CDC, (deixo Uni\u00f3 a banda perqu\u00e8 el dia que es pacti un govern nacional, Uni\u00f3 marxar\u00e0 de la federaci\u00f3) \u00e9s negar la possibilitat de poder realitzar pol\u00edtiques d\u2019esquerres. Per qu\u00e8, alg\u00fa pensa que el PSC es plantar\u00e0 amb la sent\u00e8ncia restrictiva de l\u2019estatut? No, no ho far\u00e0, tamb\u00e9 falta veure qu\u00e8 far\u00e0 CiU. Per\u00f2 el que \u00e9s important \u00e9s deixar les portes obertes, perqu\u00e8 que quedi clar, en el futur el que comptar\u00e0 ser\u00e0 la capacitat de govern que tinguem per poder impulsar les pol\u00edtiques que creguem necess\u00e0ries, i sense poder, sense sobirania no podrem decidir. <\/div>\n<div align=\"justify\">Sobirania \u00e9s benestar, una cosa va indestriable de l\u2019altra. No \u00e9s aix\u00f2 el que IC-V vol, m\u00e9s benestar, m\u00e9s pol\u00edtiques d&#8217;esquerres? <\/div>\n<p><\/p>\n<div align=\"justify\">Doncs lligant-se al PSC i a Espanya fa completament el contrari.<\/div>\n<p><\/span><\/p>\n<div class=\"blogger-post-footer\"><img width='1' height='1' src='https:\/\/blogger.googleusercontent.com\/tracker\/2467933452740288616-5157771231845892015?l=peresabat.blogspot.com' alt='' \/><\/div>\n","protected":false},"excerpt":{"rendered":"<p>L\u2019\u00faltim dels partits catalans que far\u00e0 el seu congr\u00e9s nacional, ser\u00e0 Iniciativa per Catalunya Verds que ho far\u00e0 el pr\u00f2xim cap de setmana. Aquest Congr\u00e9s tot i la p\u00e8ssima gesti\u00f3 que estan duent al Govern d\u2019entesa de la Generalitat de Catalunya, el s\u00faper conseller Saura revalidar\u00e0 el seu lideratge dins la formaci\u00f3 roig-verda, una reelecci\u00f3&#8230;<\/p>\n","protected":false},"author":2,"featured_media":0,"comment_status":"open","ping_status":"open","sticky":false,"template":"","format":"standard","meta":{"footnotes":""},"categories":[26],"tags":[],"class_list":["post-438","post","type-post","status-publish","format-standard","hentry","category-uncategorized"],"_links":{"self":[{"href":"https:\/\/www.blocdelsabat.cat\/index.php?rest_route=\/wp\/v2\/posts\/438","targetHints":{"allow":["GET"]}}],"collection":[{"href":"https:\/\/www.blocdelsabat.cat\/index.php?rest_route=\/wp\/v2\/posts"}],"about":[{"href":"https:\/\/www.blocdelsabat.cat\/index.php?rest_route=\/wp\/v2\/types\/post"}],"author":[{"embeddable":true,"href":"https:\/\/www.blocdelsabat.cat\/index.php?rest_route=\/wp\/v2\/users\/2"}],"replies":[{"embeddable":true,"href":"https:\/\/www.blocdelsabat.cat\/index.php?rest_route=%2Fwp%2Fv2%2Fcomments&post=438"}],"version-history":[{"count":0,"href":"https:\/\/www.blocdelsabat.cat\/index.php?rest_route=\/wp\/v2\/posts\/438\/revisions"}],"wp:attachment":[{"href":"https:\/\/www.blocdelsabat.cat\/index.php?rest_route=%2Fwp%2Fv2%2Fmedia&parent=438"}],"wp:term":[{"taxonomy":"category","embeddable":true,"href":"https:\/\/www.blocdelsabat.cat\/index.php?rest_route=%2Fwp%2Fv2%2Fcategories&post=438"},{"taxonomy":"post_tag","embeddable":true,"href":"https:\/\/www.blocdelsabat.cat\/index.php?rest_route=%2Fwp%2Fv2%2Ftags&post=438"}],"curies":[{"name":"wp","href":"https:\/\/api.w.org\/{rel}","templated":true}]}}