{"id":441,"date":"2008-10-29T17:30:00","date_gmt":"2008-10-29T17:30:00","guid":{"rendered":"http:\/\/peresabat.wordpress.com\/2008\/10\/29\/que-cremi"},"modified":"2008-10-29T17:30:00","modified_gmt":"2008-10-29T17:30:00","slug":"que-cremi","status":"publish","type":"post","link":"https:\/\/www.blocdelsabat.cat\/?p=441","title":{"rendered":"Que cremi!"},"content":{"rendered":"<p><a href=\"http:\/\/peresabat.files.wordpress.com\/2008\/10\/franco-rei1.jpg\"><img decoding=\"async\" alt=\"\" src=\"http:\/\/peresabat.files.wordpress.com\/2008\/10\/franco-rei1.jpg?w=219\" border=\"0\" \/><\/a><\/p>\n<div align=\"justify\"><span style=\"font-family:arial;font-size:130%;\">Avui \u00e9s sens dubte un gran dia per la llibertat d\u2019expressi\u00f3, un gran dia per la democr\u00e0cia i un gran dia contra l\u2019adormiment malalt\u00eds de la societat catalana. Avui han estat absolts els 16 independentistes per haver cremat fotos del successor del dictador espanyol Francisco Franco, &#8220;<em>el rey de espa\u00f1a&#8221;.<\/em><\/span><\/div>\n<p><span style=\"font-family:arial;font-size:130%;\"><\/p>\n<div align=\"justify\">La veritat \u00e9s que aquesta not\u00edcia \u00e9s bastant surrealista. En un estat de dret, no hauria de ser pas delicte cremar un retrat del cap d\u2019estat o una bandera determinada. Ni als Estats Units \u00e9s delicte cremar la bandera de les barres i les estrelles, i hi ha poques nacions al m\u00f3n tan patriotes com la nord-americana. Per tant, considero fora de tota mesura la den\u00fancia i el proc\u00e9s judicial que s\u2019ha empr\u00e9s des de les institucions judicials espanyoles, aix\u00ed com una mostra m\u00e9s de la manca de democr\u00e0cia que pateix l\u2019estat espanyol. <\/div>\n<div align=\"justify\">A m\u00e9s a m\u00e9s, caldria afegir que el cap d\u2019estat del Regne d\u2019Espanya t\u00e9 una consideraci\u00f3 en termes judicials completament diferent a la de les altres institucions representatives de l\u2019estat. Per qu\u00e8 a veure, s\u2019ha iniciat cap proc\u00e9s judicial contra els neonazis que a Val\u00e8ncia van cremar fotos del vice-president del Govern catal\u00e0? La resposta \u00e9s no. S\u2019ha d\u2019afegir a m\u00e9s, que el cap d\u2019estat espanyol pot dir totes les barbaritats que li passin pel cap ja que ning\u00fa el podr\u00e0 portar als tribunals, \u00e9s m\u00e9s, qui ho intenti acabar\u00e0 processat, i si no que els hi ho preguntin als membres de la Plataforma per la Llengua que van posar una den\u00fancia contra l\u2019hereu franquista per afirmar que <em>&#8220;Espa\u00f1a<\/em>&#8221; mai ha imposat a ning\u00fa parlar el castell\u00e0. Per tant queda clar que d\u2019estat de dret i d\u2019igualtat entre ciutadans a &#8220;<em>Espa\u00f1a&#8221;,<\/em> poca. <\/div>\n<div align=\"justify\">Deia que era un gran dia per diferents motius. S\u00ed, ho \u00e9s. Ho \u00e9s per democr\u00e0cia perqu\u00e8 com he dit es aberrant que es jutgi alg\u00fa per cremar una foto i que s\u2019absolguin \u00e9s un triomf de la democr\u00e0cia. Per la llibertat d\u2019expressi\u00f3, perqu\u00e8 es deixa clar que es pot opinar sobre la monarquia. I tamb\u00e9 perqu\u00e8 el pa\u00eds desperti d\u2019aquesta dol\u00e7a somnol\u00e8ncia en qu\u00e8 sembla instal\u00b7lat. Des de fa uns anys el jovent independentista d\u2019arreu dels Pa\u00efsos Catalans est\u00e0 duent a terme una gran tasca en pro de denunciar que encara avui ning\u00fa tracta a la fam\u00edlia &#8220;<em>real espa\u00f1ola&#8221;<\/em> tal i com se l\u2019hauria de tractar, que no \u00e9s altra que com a col\u00b7laboradors i part\u00edcips d\u2019un r\u00e8gim totalitari i feixista que va provocar l\u2019assassinat, molts premeditats, i que va imposar una f\u00e8rria dictadura a l\u2019estat espanyol.<\/div>\n<div align=\"justify\">\u00c9s des d\u2019aquest punt de vista que \u00e9s d\u2019agrair que gr\u00e0cies a accions poc convencionals com la crema de fotografies es posi sobre la taula el debat de la monarquia espanyola, que repeteixo, \u00e9s hereva directe del franquisme.<br \/><\/span><\/div>\n<div class=\"blogger-post-footer\"><img width='1' height='1' src='https:\/\/blogger.googleusercontent.com\/tracker\/2467933452740288616-5155992294122083498?l=peresabat.blogspot.com' alt='' \/><\/div>\n","protected":false},"excerpt":{"rendered":"<p>Avui \u00e9s sens dubte un gran dia per la llibertat d\u2019expressi\u00f3, un gran dia per la democr\u00e0cia i un gran dia contra l\u2019adormiment malalt\u00eds de la societat catalana. Avui han estat absolts els 16 independentistes per haver cremat fotos del successor del dictador espanyol Francisco Franco, &#8220;el rey de espa\u00f1a&#8221;. La veritat \u00e9s que aquesta&#8230;<\/p>\n","protected":false},"author":2,"featured_media":0,"comment_status":"open","ping_status":"open","sticky":false,"template":"","format":"standard","meta":{"footnotes":""},"categories":[26],"tags":[],"class_list":["post-441","post","type-post","status-publish","format-standard","hentry","category-uncategorized"],"_links":{"self":[{"href":"https:\/\/www.blocdelsabat.cat\/index.php?rest_route=\/wp\/v2\/posts\/441","targetHints":{"allow":["GET"]}}],"collection":[{"href":"https:\/\/www.blocdelsabat.cat\/index.php?rest_route=\/wp\/v2\/posts"}],"about":[{"href":"https:\/\/www.blocdelsabat.cat\/index.php?rest_route=\/wp\/v2\/types\/post"}],"author":[{"embeddable":true,"href":"https:\/\/www.blocdelsabat.cat\/index.php?rest_route=\/wp\/v2\/users\/2"}],"replies":[{"embeddable":true,"href":"https:\/\/www.blocdelsabat.cat\/index.php?rest_route=%2Fwp%2Fv2%2Fcomments&post=441"}],"version-history":[{"count":0,"href":"https:\/\/www.blocdelsabat.cat\/index.php?rest_route=\/wp\/v2\/posts\/441\/revisions"}],"wp:attachment":[{"href":"https:\/\/www.blocdelsabat.cat\/index.php?rest_route=%2Fwp%2Fv2%2Fmedia&parent=441"}],"wp:term":[{"taxonomy":"category","embeddable":true,"href":"https:\/\/www.blocdelsabat.cat\/index.php?rest_route=%2Fwp%2Fv2%2Fcategories&post=441"},{"taxonomy":"post_tag","embeddable":true,"href":"https:\/\/www.blocdelsabat.cat\/index.php?rest_route=%2Fwp%2Fv2%2Ftags&post=441"}],"curies":[{"name":"wp","href":"https:\/\/api.w.org\/{rel}","templated":true}]}}