{"id":444,"date":"2008-10-31T17:13:00","date_gmt":"2008-10-31T17:13:00","guid":{"rendered":"http:\/\/peresabat.wordpress.com\/2008\/10\/31\/fer-estat"},"modified":"2008-10-31T17:13:00","modified_gmt":"2008-10-31T17:13:00","slug":"fer-estat","status":"publish","type":"post","link":"https:\/\/www.blocdelsabat.cat\/?p=444","title":{"rendered":"Fer Estat"},"content":{"rendered":"<p><a href=\"http:\/\/peresabat.files.wordpress.com\/2008\/10\/mossos1.jpg\"><img decoding=\"async\" alt=\"\" src=\"http:\/\/peresabat.files.wordpress.com\/2008\/10\/mossos1.jpg?w=290\" border=\"0\" \/><\/a><\/p>\n<div align=\"justify\"><span style=\"font-family:arial;font-size:130%;\">Avui Catalunya ja \u00e9s m\u00e9s estat que ahir. Aquesta frase descontextualitzada, i sobretot veient tal i com est\u00e0 el pa\u00eds, podria sonar a &#8220;<em>catxondeo&#8221;,<\/em> per\u00f2 avui despr\u00e8s de molts anys, masses, Catalunya ja disposa d\u2019un cos de policia nacional. Avui els Mossos d\u2019esquadra, la policia nacional, ja \u00e9s present a tot el Principat. <\/span><\/div>\n<p><span style=\"font-family:arial;font-size:130%;\"><\/p>\n<div align=\"justify\">Avui \u00e9s un dia que permet respirar i permet veure que un horitz\u00f3 nacional millor \u00e9s possible, i que tot i els obstacles que ens hem trobat, ens trobem i trobarem, quan volem aconseguir un objectiu, ho fem. Els Mossos no van ser flor d\u2019un dia, per tenir-los van caldre homes d\u2019estat, homes amb pensament d\u2019estat, catal\u00e0, que veieren que per afrontar possibles conflictes futurs Catalunya havia de ser aut\u00f2noma a nivell policial. Avui \u00e9s un bon dia per recordar i per honorar aquelles persones que van apostar fins a les \u00faltimes conseq\u00fc\u00e8ncies per l\u2019arribada dels Mossos d\u2019esquadra. <\/div>\n<div align=\"justify\">Sobre els Mossos queda a partir d\u2019ara molta feina per fer, caldr\u00e0 fer-la realment la policia nacional de Catalunya, i fer que no nom\u00e9s se l\u2019anomeni d\u2019aquesta manera, sin\u00f3 que a m\u00e9s n\u2019exerceixi. Perqu\u00e8, la veritat, si no \u00e9s perqu\u00e8 els Mossos fossin realment la policia nacional del pa\u00eds no s\u00e9 perqu\u00e8 els vam reinstaurar. <\/div>\n<div align=\"justify\">Tot i aquest apunt, soc un ferm defensor dels Mossos, i per tant no entenc aquells que auto anomenant-se patriotes en diuen pestes i fan i desfan per desprestigiar-los. Aquesta no \u00e9s una actitud pr\u00f2pia d\u2019aquells que diuen que volen la independ\u00e8ncia ni dels que volen un estat catal\u00e0 lliure i sobir\u00e0. Aquesta actitud te m\u00e9s semblances amb la que van agafar al 1936 els grans responsables de la desfeta republicana i de Catalunya, els de la FAI, que estaven m\u00e9s preocupats d\u2019aconseguir i fer la revoluci\u00f3 que no pas de guanyar la Guerra i salvar la democr\u00e0cia. <\/div>\n<div align=\"justify\">Fa uns dies escrivia un post titulat <em>&#8220;I despr\u00e8s de la Independ\u00e8ncia, qu\u00e8?&#8221;<\/em> en ell exposava que ens haur\u00edem de comen\u00e7ar a plantejar quin \u00e9s el model de pa\u00eds que volem. Relacionat amb aquest tema, el company Jordi Molinera escrivia un post al seu bloc (<\/span><\/div>\n<p><a href=\"http:\/\/www.jordimolinera.wordpress.com\/\"><span style=\"font-family:arial;font-size:130%;\">www.jordimolinera.wordpress.com<\/span><\/a><span style=\"font-family:arial;font-size:130%;\">) sobre els reptes que tindrem un cop aconseguida la llibertat, i ho encarava sobre la necess\u00e0ria dotaci\u00f3 d\u2019un exercit per part de la futura Rep\u00fablica Catalana. Aquest pas segur que no ser\u00e0 f\u00e0cil, i segur que els auto anomenats patriotes que anteposen la revoluci\u00f3 a la independ\u00e8ncia, posaran el crit al cel i diran v\u00e9s a saber qu\u00e8, per\u00f2 aquest pas, el de la creaci\u00f3 de l\u2019ex\u00e8rcit, l\u2019haur\u00e0 donat una generaci\u00f3 amb pensament d\u2019estat, allunyat dels pactismes malaltissos de la classe pol\u00edtica que ha governat el pa\u00eds des del retorn del President Tarradellas. <\/span><span style=\"font-family:arial;font-size:130%;\"><\/p>\n<div align=\"justify\">Avui \u00e9s un dia per recordar que quasi tot \u00e9s possible si realment es vol. Crec que avui \u00e9s de just\u00edcia recon\u00e8ixer amb tot l\u2019honor possible els governs que van endegar aquest projecte. Sovint he criticat durament els governs de CiU i de Pujol, i quan ho he fet ho he fet amb tota convicci\u00f3, ara b\u00e9, cal recordar que \u00e9s impossible fer-ho malament, o no del tot b\u00e9, durant 23 anys. I els Mossos, igual que TV3, \u00e9s un \u00e8xit dels governs Pujol, i cal dir-ho sense por a ennuegar-se. <\/div>\n<div align=\"justify\">Avui Catalunya \u00e9s m\u00e9s estat que ahir. Ara nom\u00e9s cal acabar-lo de construir. <\/span><\/div>\n<div align=\"justify\"><\/div>\n<div align=\"justify\"><span style=\"font-family:arial;font-size:130%;\"><\/span><\/div>\n<div class=\"blogger-post-footer\"><img width='1' height='1' src='https:\/\/blogger.googleusercontent.com\/tracker\/2467933452740288616-7469561123706930676?l=peresabat.blogspot.com' alt='' \/><\/div>\n","protected":false},"excerpt":{"rendered":"<p>Avui Catalunya ja \u00e9s m\u00e9s estat que ahir. Aquesta frase descontextualitzada, i sobretot veient tal i com est\u00e0 el pa\u00eds, podria sonar a &#8220;catxondeo&#8221;, per\u00f2 avui despr\u00e8s de molts anys, masses, Catalunya ja disposa d\u2019un cos de policia nacional. Avui els Mossos d\u2019esquadra, la policia nacional, ja \u00e9s present a tot el Principat. Avui \u00e9s&#8230;<\/p>\n","protected":false},"author":2,"featured_media":0,"comment_status":"open","ping_status":"open","sticky":false,"template":"","format":"standard","meta":{"footnotes":""},"categories":[26],"tags":[],"class_list":["post-444","post","type-post","status-publish","format-standard","hentry","category-uncategorized"],"_links":{"self":[{"href":"https:\/\/www.blocdelsabat.cat\/index.php?rest_route=\/wp\/v2\/posts\/444","targetHints":{"allow":["GET"]}}],"collection":[{"href":"https:\/\/www.blocdelsabat.cat\/index.php?rest_route=\/wp\/v2\/posts"}],"about":[{"href":"https:\/\/www.blocdelsabat.cat\/index.php?rest_route=\/wp\/v2\/types\/post"}],"author":[{"embeddable":true,"href":"https:\/\/www.blocdelsabat.cat\/index.php?rest_route=\/wp\/v2\/users\/2"}],"replies":[{"embeddable":true,"href":"https:\/\/www.blocdelsabat.cat\/index.php?rest_route=%2Fwp%2Fv2%2Fcomments&post=444"}],"version-history":[{"count":0,"href":"https:\/\/www.blocdelsabat.cat\/index.php?rest_route=\/wp\/v2\/posts\/444\/revisions"}],"wp:attachment":[{"href":"https:\/\/www.blocdelsabat.cat\/index.php?rest_route=%2Fwp%2Fv2%2Fmedia&parent=444"}],"wp:term":[{"taxonomy":"category","embeddable":true,"href":"https:\/\/www.blocdelsabat.cat\/index.php?rest_route=%2Fwp%2Fv2%2Fcategories&post=444"},{"taxonomy":"post_tag","embeddable":true,"href":"https:\/\/www.blocdelsabat.cat\/index.php?rest_route=%2Fwp%2Fv2%2Ftags&post=444"}],"curies":[{"name":"wp","href":"https:\/\/api.w.org\/{rel}","templated":true}]}}