{"id":478,"date":"2008-11-19T17:46:00","date_gmt":"2008-11-19T17:46:00","guid":{"rendered":"http:\/\/peresabat.wordpress.com\/2008\/11\/19\/20-n-aubry-vs-segolene"},"modified":"2008-11-19T17:46:00","modified_gmt":"2008-11-19T17:46:00","slug":"20-n-aubry-vs-segolene","status":"publish","type":"post","link":"https:\/\/www.blocdelsabat.cat\/?p=478","title":{"rendered":"20-N: Aubry vs Segolene"},"content":{"rendered":"<p><a href=\"http:\/\/peresabat.files.wordpress.com\/2008\/11\/aubry-royal1.jpg\"><img decoding=\"async\" alt=\"\" src=\"http:\/\/peresabat.files.wordpress.com\/2008\/11\/aubry-royal1.jpg?w=300\" border=\"0\" \/><\/a><\/p>\n<div align=\"justify\"><span style=\"font-family:arial;font-size:130%;\">El passat cap de setmana hi va haver el Congr\u00e9s Nacional del Partit Socialista Franc\u00e9s, un congr\u00e9s que pretenia acabar amb la lluita fratricida que viu el partit i que havia de desembocar en l\u2019elecci\u00f3 d\u2019un nou lideratge. No va ser possible i aquest fet va conduir a qu\u00e8 dem\u00e0 els militants hauran d\u2019escollir en unes eleccions internes qui ser\u00e0 el seu secretari general. <\/span><span style=\"font-family:arial;\"><\/p>\n<p><span style=\"font-family:arial;font-size:130%;\">A aquestes eleccions s\u2019hi presenten dues dones, dues dones que representen dues maneres molt diferents d\u2019entendre el partit, tan a nivell ideol\u00f2gic com a nivell organitzatiu. <\/span><\/div>\n<div align=\"justify\"><span style=\"font-family:arial;font-size:130%;\">La favorita si es t\u00e9 en compte la votaci\u00f3 de l\u2019estrat\u00e8gia pol\u00edtica pr\u00e8via al congr\u00e9s \u00e9s l\u2019ex candidata a les presidencials Segolene Royal que va obtenir un 29% dels vots dels militants. Royal defensa un partit que busqui l\u2019alian\u00e7a amb el centrista Moviment Democratic (MoDem) de Bayrou, de cara apartar Sarkozy en les pr\u00f2ximes presidencials. Per tant Royal proposa un sisme en la ruta ideol\u00f2gica del PSF, que passava per unir forces amb l\u2019esquerra m\u00e9s a l\u2019esquerra del PSF, estrat\u00e8gia que ha portat al PSF diversos cops a la Presid\u00e8ncia i tamb\u00e9 a ocupar el c\u00e0rrec de primer ministre. Royal considera que nom\u00e9s amb l\u2019aproximaci\u00f3 a les posicions del MoDem es podr\u00e0 derrotar a Sarkozy. <\/span><\/div>\n<div align=\"justify\"><span style=\"font-family:arial;font-size:130%;\">Per altra banda per\u00f2, hi ha l\u2019ex ministra i impulsora de la jornada de 35 hores, Martine Aubry. Aubry, que va obtenir un 25% dels vots, defensa seguir amb l\u2019estrat\u00e8gia del PSF de buscar la uni\u00f3 de les forces d\u2019esquerra, i per tant, aposta per refor\u00e7ar les l\u00ednies ideol\u00f2giques del PSF basades en la just\u00edcia social i la cr\u00edtica al model social i econ\u00f2mic del neoliberalisme imperant a la Fran\u00e7a sarkoziniana.<br \/>Aubry exclou de totes totes la possibilitat de buscar una alian\u00e7a amb el MoDem, aquesta opci\u00f3 per\u00f2 topa amb un petit problema. Aubry \u00e9s alcaldessa de Lille, per\u00f2 ho \u00e9s gr\u00e0cies al suport precisament del MoDem. <\/span><\/div>\n<div align=\"justify\"><span style=\"font-family:arial;font-size:130%;\">Si les difer\u00e8ncies en quan a l\u00ednia ideol\u00f2gica s\u00f3n grans, aproximaci\u00f3 al centre o reafrimament a l\u2019esquerra, les difer\u00e8ncies en termes de model de partit tampoc s\u00f3n menys.<\/span><\/div>\n<div align=\"justify\"><span style=\"font-family:arial;font-size:130%;\">Royal aposta per tornar a constituir de nou un gran partit de masses, en canvi Aubry vol continuar amb el partit amb els militants com a base. <\/span><\/div>\n<div align=\"justify\"><span style=\"font-family:arial;font-size:130%;\">Dues visions bastant distants d\u2019entendre el PSF. <\/span><\/div>\n<div align=\"justify\"><span style=\"font-family:arial;font-size:130%;\">Vist des d\u2019una part d\u2019una de les nacions que Fran\u00e7a oprimeix, la veritat \u00e9s que cap de les dues opcions aporta cap nou horitz\u00f3 per la Catalunya del Nord, per entendre\u2019ns, les dues s\u00f3n tan jacobines com qualsevol franc\u00e8s. <\/span><\/div>\n<div align=\"justify\"><span style=\"font-family:arial;font-size:130%;\">Ara b\u00e9, mirat des de l\u2019altre eix, l\u2019ideol\u00f2gic, \u00e9s evident que en una Europa dominada per les forces conservadores \u00e9s necessari un aprofundiment del projecte de l\u2019esquerra a tot arreu on sigui possible. <\/span><\/div>\n<div align=\"justify\"><span style=\"font-family:arial;font-size:130%;\">Buscar el suport del centre per pura superviv\u00e8ncia pol\u00edtica personal no sembla a priori la millor soluci\u00f3 per curar el PSF, i anar a buscar un model de partit que s\u2019ha demostrat superat per l\u2019evoluci\u00f3 de la hist\u00f2ria no sembla que sigui la millor jugada, i m\u00e9s si davant hi tens una tal Segolene i no un tal Obama. <\/span><\/div>\n<div align=\"justify\"><span style=\"font-family:arial;font-size:130%;\">L\u2019elecci\u00f3 per tan \u00e9s clara, Martine Aubry hauria de ser la nova secret\u00e0ria general del PSF, per projecte ideol\u00f2gic i per ser la millor opci\u00f3 per fer front a les pol\u00edtiques de Sarkozy.<br \/><\/span><\/div>\n<p><\/span><\/p>\n<div class=\"blogger-post-footer\"><img width='1' height='1' src='https:\/\/blogger.googleusercontent.com\/tracker\/2467933452740288616-3022843728037201021?l=peresabat.blogspot.com' alt='' \/><\/div>\n","protected":false},"excerpt":{"rendered":"<p>El passat cap de setmana hi va haver el Congr\u00e9s Nacional del Partit Socialista Franc\u00e9s, un congr\u00e9s que pretenia acabar amb la lluita fratricida que viu el partit i que havia de desembocar en l\u2019elecci\u00f3 d\u2019un nou lideratge. No va ser possible i aquest fet va conduir a qu\u00e8 dem\u00e0 els militants hauran d\u2019escollir en&#8230;<\/p>\n","protected":false},"author":2,"featured_media":0,"comment_status":"open","ping_status":"open","sticky":false,"template":"","format":"standard","meta":{"footnotes":""},"categories":[26],"tags":[],"class_list":["post-478","post","type-post","status-publish","format-standard","hentry","category-uncategorized"],"_links":{"self":[{"href":"https:\/\/www.blocdelsabat.cat\/index.php?rest_route=\/wp\/v2\/posts\/478","targetHints":{"allow":["GET"]}}],"collection":[{"href":"https:\/\/www.blocdelsabat.cat\/index.php?rest_route=\/wp\/v2\/posts"}],"about":[{"href":"https:\/\/www.blocdelsabat.cat\/index.php?rest_route=\/wp\/v2\/types\/post"}],"author":[{"embeddable":true,"href":"https:\/\/www.blocdelsabat.cat\/index.php?rest_route=\/wp\/v2\/users\/2"}],"replies":[{"embeddable":true,"href":"https:\/\/www.blocdelsabat.cat\/index.php?rest_route=%2Fwp%2Fv2%2Fcomments&post=478"}],"version-history":[{"count":0,"href":"https:\/\/www.blocdelsabat.cat\/index.php?rest_route=\/wp\/v2\/posts\/478\/revisions"}],"wp:attachment":[{"href":"https:\/\/www.blocdelsabat.cat\/index.php?rest_route=%2Fwp%2Fv2%2Fmedia&parent=478"}],"wp:term":[{"taxonomy":"category","embeddable":true,"href":"https:\/\/www.blocdelsabat.cat\/index.php?rest_route=%2Fwp%2Fv2%2Fcategories&post=478"},{"taxonomy":"post_tag","embeddable":true,"href":"https:\/\/www.blocdelsabat.cat\/index.php?rest_route=%2Fwp%2Fv2%2Ftags&post=478"}],"curies":[{"name":"wp","href":"https:\/\/api.w.org\/{rel}","templated":true}]}}