{"id":482,"date":"2008-11-21T17:18:00","date_gmt":"2008-11-21T17:18:00","guid":{"rendered":"http:\/\/peresabat.wordpress.com\/2008\/11\/21\/vegueria-i-partits"},"modified":"2008-11-21T17:18:00","modified_gmt":"2008-11-21T17:18:00","slug":"vegueria-i-partits","status":"publish","type":"post","link":"https:\/\/www.blocdelsabat.cat\/?p=482","title":{"rendered":"Vegueria i partits"},"content":{"rendered":"<p><a href=\"http:\/\/peresabat.files.wordpress.com\/2008\/11\/vvp1.jpg\"><img decoding=\"async\" alt=\"\" src=\"http:\/\/peresabat.files.wordpress.com\/2008\/11\/vvp1.jpg?w=300\" border=\"0\" \/><\/a><\/p>\n<div align=\"justify\"><span style=\"font-family:arial;font-size:130%;\">La setmana passada ens felicit\u00e0vem tots per l\u2019aprovaci\u00f3 de l\u2019\u00e0mbit de planificaci\u00f3 territorial del Pened\u00e8s per part del Govern de la naci\u00f3, una aprovaci\u00f3 que ha de ser el primer pas per aconseguir, durant la propera legislatura, l\u2019objectiu final que no \u00e9s altre de qu\u00e8 el Pened\u00e8s sigui una Vegueria. <\/span><\/div>\n<p><span style=\"font-family:arial;font-size:130%;\"><\/p>\n<div align=\"justify\">No ha passat ni una setmana que els partits que no van poder participar de l\u2019aprovaci\u00f3, ja han mostrat el seu escepticisme respecte a l\u2019acord de govern, per\u00f2 b\u00e9, \u00e9s leg\u00edtim intentar deformar la realitat per motius electoralistes i partidaris i no pas en pro de l\u2019inter\u00e8s del pa\u00eds o del territori. <\/div>\n<div align=\"justify\">Les baixeses morals i pol\u00edtiques de certs partits per\u00f2 no \u00e9s l\u2019objectiu de l\u2019escrit d\u2019avui. L\u2019objectiu d\u2019avui \u00e9s la de veure com els diferents partits pol\u00edtics, tan els que estan en contra de la Vegueria del Pened\u00e8s com dels que hi estan a favor, distribueixen les comarques que conformen la Vegueria Pened\u00e8s, perqu\u00e8 en definitiva, l\u2019organitzaci\u00f3 interna de cada formaci\u00f3 d\u00f3na moltes pistes sobre el comprom\u00eds i sinceritat de cada partit de cara la lluita que el Pened\u00e8s ha iniciat. <\/div>\n<div align=\"justify\">Comencem.<\/div>\n<div align=\"justify\">El PSC-PSOE \u00e9s el m\u00e9s anti vegueria Pened\u00e8s, ja que d\u2019instaurar-se, perdria poder ja que el territori que avarca la Diputaci\u00f3 de Barcelona, i futura vegueria, es veuria redu\u00eft. El PSC-PSOE distribueix les comarques del Pened\u00e8s en tres divisions territorials: Federaci\u00f3 Anoia; Federaci\u00f3 Alt Pened\u00e8s-Garraf; i Federaci\u00f3 Camp de Tarragona.<br \/>Tres divisions que demostren l\u2019esquarterament del territori i demostren la nul\u00b7la voluntat d\u2019unir els territoris. <\/div>\n<div align=\"justify\">Seguim amb el principal partit de l\u2019oposici\u00f3 i que \u00faltimament s\u2019ha mostrat a favor de la Vegueria, tot i que el 1995 va votar-hi en contra.<br \/>CDC com els socialistes tamb\u00e9 divideixen el territori del Pened\u00e8s amb tres federacions diferenciades. L\u2019Alt Pened\u00e8s i l\u2019Anoia es troben a la Federaci\u00f3 de Comarques Centrals; la del Garraf a la de Comarques de Barcelona; i el Baix Pened\u00e8s al Camp de Tarragona. <\/div>\n<div align=\"justify\">Continuem amb els partits de dretes del Parlament.<br \/>El PP, fent un gest de coher\u00e8ncia pol\u00edtica, adapta el seu organigrama al de les prov\u00edncies espanyoles, i per tant tamb\u00e9 divideix el Pened\u00e8s, per\u00f2 a difer\u00e8ncia de convergents i socialistes, nom\u00e9s ho fa en dues parts. Anoia, Alt Pened\u00e8s i Garraf a la prov\u00edncia de Barcelona; i el Baix Pened\u00e8s a la de Tarragona. <\/div>\n<div align=\"justify\">Iniciativa \u00e9s el partit que m\u00e9s s\u2019avan\u00e7a als esdeveniments, prova d\u2019aix\u00f2 \u00e9s que ja ha adaptat la seva divisi\u00f3 territorial interna a les futures Vegueries. Iniciativa doncs ha adaptat el mapa territorial tal i com el va plantejar al 1995 l\u2019informe que Miquel Roca va elaborar i que instru\u00efa en 7 el nombre de vegueries. Set, i per tant la del Pened\u00e8s no hi \u00e9s present.<br \/>IcV de la mateixa manera que socialistes i convergents divideix el Pened\u00e8s en tres territoris. Alt Pened\u00e8s i Garraf a la vegueria de Barcelona; el Baix Pened\u00e8s a la del Camp de Tarragona; i l\u2019Anoia a la de Comarques Centrals. <\/div>\n<div align=\"justify\">Per \u00faltim queda Esquerra. Esquerra divideix el territori de la futura vegueria en dues parts. Alt Pened\u00e8s, Baix Pened\u00e8s i Garraf, que conformen la Federaci\u00f3 Pened\u00e8s, i l\u2019Anoia que forma part de la Catalunya Central.<br \/>Per poder corregir aquest error, Esquerra va constituir la setmana passada el Consell Municipal de la Vegueria, on els regidors de la Vegueria Pened\u00e8s es constituirien en Assemblea per poder plantejar accions conjuntes i comen\u00e7ar a treballar en clau de Vegueria. <\/div>\n<div align=\"justify\">Aqu\u00ed acaba el resum de les estructures internes dels partits pol\u00edtics, unes estructures on tots els partits haurien de fer canvis si de veritat creuen en la Vegueria Pened\u00e8s. Tot i aquesta constataci\u00f3 no ho \u00e9s menys la que \u00e9s evident. Hi ha partits que passen ol\u00edmpicament de la unitat territorial del Pened\u00e8s i ni posen en la mateixa federaci\u00f3 els territoris hist\u00f2rics del Pened\u00e8s (Alt, Baix i Garraf) com per exemple el PSC-PSOE, Converg\u00e8ncia, el PP i Iniciativa. Nom\u00e9s hi ha un partit que englobi dins una mateixa federaci\u00f3 els territoris anomenats: Esquerra. <\/div>\n<div align=\"justify\">Abans de criticar, que cadasc\u00fa endreci casa seva, i com deia aquell, fets i no paraules.<\/span><\/div>\n<div> <\/div>\n<div class=\"blogger-post-footer\"><img width='1' height='1' src='https:\/\/blogger.googleusercontent.com\/tracker\/2467933452740288616-3299897962892693290?l=peresabat.blogspot.com' alt='' \/><\/div>\n","protected":false},"excerpt":{"rendered":"<p>La setmana passada ens felicit\u00e0vem tots per l\u2019aprovaci\u00f3 de l\u2019\u00e0mbit de planificaci\u00f3 territorial del Pened\u00e8s per part del Govern de la naci\u00f3, una aprovaci\u00f3 que ha de ser el primer pas per aconseguir, durant la propera legislatura, l\u2019objectiu final que no \u00e9s altre de qu\u00e8 el Pened\u00e8s sigui una Vegueria. No ha passat ni una&#8230;<\/p>\n","protected":false},"author":2,"featured_media":0,"comment_status":"open","ping_status":"open","sticky":false,"template":"","format":"standard","meta":{"footnotes":""},"categories":[26],"tags":[],"class_list":["post-482","post","type-post","status-publish","format-standard","hentry","category-uncategorized"],"_links":{"self":[{"href":"https:\/\/www.blocdelsabat.cat\/index.php?rest_route=\/wp\/v2\/posts\/482","targetHints":{"allow":["GET"]}}],"collection":[{"href":"https:\/\/www.blocdelsabat.cat\/index.php?rest_route=\/wp\/v2\/posts"}],"about":[{"href":"https:\/\/www.blocdelsabat.cat\/index.php?rest_route=\/wp\/v2\/types\/post"}],"author":[{"embeddable":true,"href":"https:\/\/www.blocdelsabat.cat\/index.php?rest_route=\/wp\/v2\/users\/2"}],"replies":[{"embeddable":true,"href":"https:\/\/www.blocdelsabat.cat\/index.php?rest_route=%2Fwp%2Fv2%2Fcomments&post=482"}],"version-history":[{"count":0,"href":"https:\/\/www.blocdelsabat.cat\/index.php?rest_route=\/wp\/v2\/posts\/482\/revisions"}],"wp:attachment":[{"href":"https:\/\/www.blocdelsabat.cat\/index.php?rest_route=%2Fwp%2Fv2%2Fmedia&parent=482"}],"wp:term":[{"taxonomy":"category","embeddable":true,"href":"https:\/\/www.blocdelsabat.cat\/index.php?rest_route=%2Fwp%2Fv2%2Fcategories&post=482"},{"taxonomy":"post_tag","embeddable":true,"href":"https:\/\/www.blocdelsabat.cat\/index.php?rest_route=%2Fwp%2Fv2%2Ftags&post=482"}],"curies":[{"name":"wp","href":"https:\/\/api.w.org\/{rel}","templated":true}]}}