{"id":492,"date":"2008-11-27T17:10:00","date_gmt":"2008-11-27T17:10:00","guid":{"rendered":"http:\/\/peresabat.wordpress.com\/2008\/11\/27\/piscina-reial-anticrisi"},"modified":"2008-11-27T17:10:00","modified_gmt":"2008-11-27T17:10:00","slug":"piscina-reial-anticrisi","status":"publish","type":"post","link":"https:\/\/www.blocdelsabat.cat\/?p=492","title":{"rendered":"Piscina Reial anticrisi"},"content":{"rendered":"<p><a href=\"http:\/\/peresabat.files.wordpress.com\/2008\/11\/juanca2bespanya1.jpg\"><img decoding=\"async\" alt=\"\" src=\"http:\/\/peresabat.files.wordpress.com\/2008\/11\/juanca2bespanya1.jpg?w=300\" border=\"0\" \/><\/a><\/p>\n<div align=\"justify\"><span style=\"font-family:arial;font-size:130%;\">Fa uns dies Esquerra va anunciar que veter\u00e0 els pressupostos generals del Regne d\u2019Espanya al Senat, fent aix\u00ed un acte de coher\u00e8ncia pol\u00edtica. <\/span><\/div>\n<p><span style=\"font-family:arial;font-size:130%;\"><\/p>\n<div align=\"justify\">De raons per no votar els pressupostos n\u2019hi moltes i diverses, des de la minsa inversi\u00f3 de Zapatero a Catalunya, els incompliments reiterats i premeditats del &#8220;<em>gobierno de espa\u00f1a<\/em>&#8221; contra all\u00f2 prom\u00e8s i pactat, la nul\u00b7la voluntat pol\u00edtica d\u2019executar l\u2019estatut\u2026 en fi tot un seguit de raons que condueixen inevitablement a la votaci\u00f3 negativa dels pressupostos. <\/div>\n<div align=\"justify\">Aquestes han estat les raons m\u00e9s p\u00fabliques del perqu\u00e8 del vot negatiu, correctes totes elles. Ara b\u00e9, jo en voldria afegir una altra. <\/div>\n<div align=\"justify\">Cada any als pressupostos del Regne d\u2019Espanya hi ha un seguit de partides que les podr\u00edem qualificar com antigalles franquistes. Aquestes antigalles fan refer\u00e8ncia a tota la dotaci\u00f3 pressupostaria que rep la fam\u00edlia reial espanyola per les seves tasques de representaci\u00f3 com a cap d\u2019estat del Regne d\u2019Espanya. <\/div>\n<div align=\"justify\">En els m\u00e9s de 10 milions d\u2019euros que costa mantenir aquesta rel\u00edquia feixista, hi ha partides del tot apropiades en temps de crisi econ\u00f2mica, que seran tan efectives com totes les que proposa Zapatero, i que interpreten el sentiment tan profund que la fam\u00edlia reial deu sentir cap als milers i milers de treballadors que estan engreixant la llista de l\u2019atur dia rere dia i de totes aquelles fam\u00edlies que pateixen en carns pr\u00f2pies les punyalades de la crisi econ\u00f2mica global, la fam\u00edlia reial doncs, per mostrar-se solid\u00e0ria i propera al poble que pret\u00e9n representar, es gasta un bon pessic en redecorar el seu jard\u00ed, reformar la piscina exterior i altres reformes tamb\u00e9 molt necess\u00e0ries i que serviran per poder fer front a la crisi. Perqu\u00e8 a veure, total aquestes reformes han costat nom\u00e9s 3,3 milions d\u2019euros, i qui no t\u00e9 3,3 milions d\u2019euros per fer reformes a casa?<\/div>\n<div align=\"justify\">Aquest fet, tal com recordava fa uns dies Tribuna Catalana, no ha sortit a cap mitj\u00e0 de comunicaci\u00f3, i ai las, tampoc a cap mitj\u00e0 de Madrid. Per qu\u00e8 dic de Madrid i no de Tarragona? Potser, i nom\u00e9s potser, perqu\u00e8 va ser d\u2019aquella sinistra ciutat d\u2019on va sortit una tirada de portades i d\u2019informacions mig falses i mig manipulades on es criticaven partides dels pressupostos de la Generalitat i del Parlament. I la veritat, crec que una cosa no es pot comparar amb l\u2019altra, una cosa \u00e9s una petita modificaci\u00f3 del cotxe del President del Parlament per poder facilitar-li la feina i tot per menys de 9000 euros, i l\u2019altra \u00e9s modificar &#8220;<em>por que yo lo valgo&#8221;<\/em> la piscina exterior i el jard\u00ed de la Zarzuela per m\u00e9s de 3,3 milions d\u2019euros. <\/div>\n<div align=\"justify\">Aquesta not\u00edcia per\u00f2 ens porta a fer una nova reflexi\u00f3. Davant d\u2019aquest fet ni PP ni PSOE han obert boca, tots han callat i han unit forces entorn a una instituci\u00f3 de la seva naci\u00f3, i junts han seguit defensant-la sempre, perqu\u00e8 la seva naci\u00f3 \u00e9s el m\u00e9s important. <\/div>\n<div align=\"justify\">Ai, en fi, quina difer\u00e8ncia entre l\u2019actitud patri\u00f2tica de PP i PSOE i la mesella i botiflera de CiUni\u00f3n.<\/div>\n<p><\/p>\n<div align=\"justify\"><span style=\"font-size:100%;\"><em>(per a m\u00e9s informaci\u00f3, <\/em><\/span><\/span><\/div>\n<p><a href=\"http:\/\/www.tribuna.cat\/noticies\/politica\/15-politica\/87761-per-la-casa-reial-no-hi-ha-crisi-que-valgui-on-es-ara-la-brunete\"><span style=\"font-family:arial;font-size:100%;\"><em>http:\/\/www.tribuna.cat\/noticies\/politica\/15-politica\/87761-per-la-casa-reial-no-hi-ha-crisi-que-valgui-on-es-ara-la-brunete<\/em><\/span><\/a>)<\/p>\n<div><\/div>\n<div class=\"blogger-post-footer\"><img width='1' height='1' src='https:\/\/blogger.googleusercontent.com\/tracker\/2467933452740288616-1442905016059223617?l=peresabat.blogspot.com' alt='' \/><\/div>\n","protected":false},"excerpt":{"rendered":"<p>Fa uns dies Esquerra va anunciar que veter\u00e0 els pressupostos generals del Regne d\u2019Espanya al Senat, fent aix\u00ed un acte de coher\u00e8ncia pol\u00edtica. De raons per no votar els pressupostos n\u2019hi moltes i diverses, des de la minsa inversi\u00f3 de Zapatero a Catalunya, els incompliments reiterats i premeditats del &#8220;gobierno de espa\u00f1a&#8221; contra all\u00f2 prom\u00e8s&#8230;<\/p>\n","protected":false},"author":2,"featured_media":0,"comment_status":"open","ping_status":"open","sticky":false,"template":"","format":"standard","meta":{"footnotes":""},"categories":[26],"tags":[],"class_list":["post-492","post","type-post","status-publish","format-standard","hentry","category-uncategorized"],"_links":{"self":[{"href":"https:\/\/www.blocdelsabat.cat\/index.php?rest_route=\/wp\/v2\/posts\/492","targetHints":{"allow":["GET"]}}],"collection":[{"href":"https:\/\/www.blocdelsabat.cat\/index.php?rest_route=\/wp\/v2\/posts"}],"about":[{"href":"https:\/\/www.blocdelsabat.cat\/index.php?rest_route=\/wp\/v2\/types\/post"}],"author":[{"embeddable":true,"href":"https:\/\/www.blocdelsabat.cat\/index.php?rest_route=\/wp\/v2\/users\/2"}],"replies":[{"embeddable":true,"href":"https:\/\/www.blocdelsabat.cat\/index.php?rest_route=%2Fwp%2Fv2%2Fcomments&post=492"}],"version-history":[{"count":0,"href":"https:\/\/www.blocdelsabat.cat\/index.php?rest_route=\/wp\/v2\/posts\/492\/revisions"}],"wp:attachment":[{"href":"https:\/\/www.blocdelsabat.cat\/index.php?rest_route=%2Fwp%2Fv2%2Fmedia&parent=492"}],"wp:term":[{"taxonomy":"category","embeddable":true,"href":"https:\/\/www.blocdelsabat.cat\/index.php?rest_route=%2Fwp%2Fv2%2Fcategories&post=492"},{"taxonomy":"post_tag","embeddable":true,"href":"https:\/\/www.blocdelsabat.cat\/index.php?rest_route=%2Fwp%2Fv2%2Ftags&post=492"}],"curies":[{"name":"wp","href":"https:\/\/api.w.org\/{rel}","templated":true}]}}