{"id":511,"date":"2008-12-09T17:56:00","date_gmt":"2008-12-09T17:56:00","guid":{"rendered":"http:\/\/peresabat.wordpress.com\/2008\/12\/09\/necrologica-federal"},"modified":"2008-12-09T17:56:00","modified_gmt":"2008-12-09T17:56:00","slug":"necrologica-federal","status":"publish","type":"post","link":"https:\/\/www.blocdelsabat.cat\/?p=511","title":{"rendered":"Necrol\u00f2gica Federal"},"content":{"rendered":"<p><a href=\"http:\/\/peresabat.files.wordpress.com\/2008\/12\/rip1.jpg\"><img decoding=\"async\" alt=\"\" src=\"http:\/\/peresabat.files.wordpress.com\/2008\/12\/rip1.jpg?w=300\" border=\"0\" \/><\/a><\/p>\n<div align=\"justify\"><span style=\"font-family:arial;font-size:130%;\">Durant els actes commemoratius del 30\u00e9 aniversari de la Constituci\u00f3 espanyola, el President de &#8220;el gobierno de espa\u00f1a&#8221;, Rodr\u00edguez Zapatero va anunciar solemnement que la reforma de la constituci\u00f3 no passava per les prioritats del seu govern.<\/span><\/div>\n<p><span style=\"font-family:arial;font-size:130%;\"><\/p>\n<div align=\"justify\">B\u00e9, per fi una prova m\u00e9s, per aquells il\u00b7lusos que continuen creient que una altra espanya \u00e9s possible, de qu\u00e8 no, que una altra espanya no \u00e9s possible, o com a m\u00ednim una altra espanya permeable amb Catalunya no ho \u00e9s, perqu\u00e8 d\u2019altres espanyes si que en s\u00f3n possibles.<\/div>\n<div align=\"justify\">No deixa de ser curi\u00f3s que aquell que al 2003 feia somiar, a m\u00e9s d\u2019un, amb un nou proc\u00e9s que finalitz\u00e9s amb un nou ordre constitucional de caire federal i plurinacional, ara al 2008 el tanqui i en llenci la clau a les profunditats del mar. <\/div>\n<div align=\"justify\">La veritat \u00e9s que actualment, des de Catalunya, plantejar una reforma de la Constituci\u00f3 seria m\u00e9s imprudent que veure\u2019s una ampolla sencera d\u2019\u00e0cid b\u00f2ric, ja que en cas que es port\u00e9s endavant aquesta reforma seria encarada a la centralitzaci\u00f3 competencial de l\u2019estat, un plantejament per tant, molt allunyat de les necessitats i de la voluntat de Catalunya.<\/div>\n<div align=\"justify\">L\u2019espanya constitucional actual seguir\u00e0 aix\u00ed per molts anys, a no ser, que les forces nacionalistes espanyoles s\u2019ali\u00efn per tirar endavant una recentralitzaci\u00f3 de l\u2019estat. Ara b\u00e9, la q\u00fcesti\u00f3 actualment, per\u00f2, no \u00e9s discutir sobre reformes improbables o en tot cas contraries a Catalunya, sin\u00f3 si sota la Constituci\u00f3 espanyola els catalans poden desenvolupar els seus drets democr\u00e0ticament. <\/div>\n<div align=\"justify\">I aquest \u00e9s el punt clau. A la taula del Tribunal Constitucional, a partir d\u2019ara TC amb C de corrupte, hi ha set recursos que acusen l\u2019estatut aprovat per el poble catal\u00e0 d\u2019inconstitucional, set recursos que amenacen a turmenta i a retallada. <\/div>\n<div align=\"justify\">Els textos legals evolucionen, ja que tamb\u00e9 ho fa la societat, si el TC retalla d\u2019estatut estar\u00e0 fent fora de l\u2019ordenament legal espanyol a tot el poble de Catalunya, ja que aquest va prendre la decisi\u00f3 de votar un text, segons el TC, contrari a la sagrada Constituci\u00f3. <\/div>\n<div align=\"justify\">La voluntat del poble catal\u00e0 est\u00e0 segrestada pels dotze magn\u00edfics del TC, que simplement es limitaran a bastir amb arguments legals interpretables el gui\u00f3 que des de Ferraz, G\u00e8nova i la Moncloa els hi han passat. <\/div>\n<div align=\"justify\">El somni d\u2019una altra espanya s\u2019ha esva\u00eft del mapa i nom\u00e9s els c\u00ednics ho poden seguir plantejant. Zapatero en la celebraci\u00f3 de la Constituci\u00f3 espanyola el va acabar d\u2019enterrar per si hi havia alg\u00fa que encara no se\u2019n havia adonat.<\/div>\n<div align=\"justify\"> <\/div>\n<p><\/span><\/p>\n<div class=\"blogger-post-footer\"><img width='1' height='1' src='https:\/\/blogger.googleusercontent.com\/tracker\/2467933452740288616-5640802867376506882?l=peresabat.blogspot.com' alt='' \/><\/div>\n","protected":false},"excerpt":{"rendered":"<p>Durant els actes commemoratius del 30\u00e9 aniversari de la Constituci\u00f3 espanyola, el President de &#8220;el gobierno de espa\u00f1a&#8221;, Rodr\u00edguez Zapatero va anunciar solemnement que la reforma de la constituci\u00f3 no passava per les prioritats del seu govern. B\u00e9, per fi una prova m\u00e9s, per aquells il\u00b7lusos que continuen creient que una altra espanya \u00e9s possible,&#8230;<\/p>\n","protected":false},"author":2,"featured_media":0,"comment_status":"open","ping_status":"open","sticky":false,"template":"","format":"standard","meta":{"footnotes":""},"categories":[26],"tags":[],"class_list":["post-511","post","type-post","status-publish","format-standard","hentry","category-uncategorized"],"_links":{"self":[{"href":"https:\/\/www.blocdelsabat.cat\/index.php?rest_route=\/wp\/v2\/posts\/511","targetHints":{"allow":["GET"]}}],"collection":[{"href":"https:\/\/www.blocdelsabat.cat\/index.php?rest_route=\/wp\/v2\/posts"}],"about":[{"href":"https:\/\/www.blocdelsabat.cat\/index.php?rest_route=\/wp\/v2\/types\/post"}],"author":[{"embeddable":true,"href":"https:\/\/www.blocdelsabat.cat\/index.php?rest_route=\/wp\/v2\/users\/2"}],"replies":[{"embeddable":true,"href":"https:\/\/www.blocdelsabat.cat\/index.php?rest_route=%2Fwp%2Fv2%2Fcomments&post=511"}],"version-history":[{"count":0,"href":"https:\/\/www.blocdelsabat.cat\/index.php?rest_route=\/wp\/v2\/posts\/511\/revisions"}],"wp:attachment":[{"href":"https:\/\/www.blocdelsabat.cat\/index.php?rest_route=%2Fwp%2Fv2%2Fmedia&parent=511"}],"wp:term":[{"taxonomy":"category","embeddable":true,"href":"https:\/\/www.blocdelsabat.cat\/index.php?rest_route=%2Fwp%2Fv2%2Fcategories&post=511"},{"taxonomy":"post_tag","embeddable":true,"href":"https:\/\/www.blocdelsabat.cat\/index.php?rest_route=%2Fwp%2Fv2%2Ftags&post=511"}],"curies":[{"name":"wp","href":"https:\/\/api.w.org\/{rel}","templated":true}]}}