{"id":516,"date":"2008-12-11T19:08:00","date_gmt":"2008-12-11T19:08:00","guid":{"rendered":"http:\/\/peresabat.wordpress.com\/2008\/12\/11\/visca-espanya-mori-el-nacionalisme"},"modified":"2008-12-11T19:08:00","modified_gmt":"2008-12-11T19:08:00","slug":"visca-espanya-mori-el-nacionalisme","status":"publish","type":"post","link":"https:\/\/www.blocdelsabat.cat\/?p=516","title":{"rendered":"Visca Espanya, Mori el Nacionalisme"},"content":{"rendered":"<p><a href=\"http:\/\/peresabat.files.wordpress.com\/2008\/12\/penjat21.png\"><img decoding=\"async\" alt=\"\" src=\"http:\/\/peresabat.files.wordpress.com\/2008\/12\/penjat21.png?w=180\" border=\"0\" \/><\/a><\/p>\n<div>\n<div align=\"justify\"><span style=\"font-family:arial;font-size:130%;\">&#8220;Visca Espanya, Mort als nacionalismes&#8221;. Aquesta \u00e9s la frase que podria il\u00b7lustrar l\u2019esmorzar que el fundador del PP, ministre franquista i redactor de la Constituci\u00f3 espanyola, Manuel Fraga ha ofert aquest mat\u00ed a la capital del Regne d\u2019Espanya. <\/span><\/div>\n<p><span style=\"font-family:arial;font-size:130%;\"><\/p>\n<div align=\"justify\">Fraga ha afirmat al marc d\u2019aquest esmorzar &#8220;informatiu&#8221; que els nacionalistes s\u2019haurien de penjar d\u2019algun lloc, ja que s\u00f3n contraris a la idea d\u2019Espanya. Seguint aquesta crida a la llibertat i a la democr\u00e0cia, es veu que tot de &#8220;nacionalistes&#8221; ja han comen\u00e7at a desfilar a buscar el seu lloc per penjar-se.<br \/>Segons algunes fonts, Jos\u00e9 Maria Aznar s\u2019ha reservat un pont de la M-30, Juan Antonio Samaranch el pont de Martorell, es veu que pensa que aix\u00ed se li perdonar\u00e0 millor la seva milit\u00e0ncia tan patri\u00f2tica al costat de Franco, Rodr\u00edguez Ibarra ha optat per penjar-se amb la seva pr\u00f2pia llengua, que com que \u00e9s molt llarga ja far\u00e0 el fet i per \u00faltim tamb\u00e9 ha transcendit que el mateix Fraga ha optat per fer \u00fas del Valle de los Caidos per dur a terme tan patri\u00f2tica acci\u00f3.<\/div>\n<div align=\"justify\">B\u00e9, despr\u00e8s d\u2019anomenar alguns il\u00b7lustres nacionalistes que ja tenen lloc per penjar-se, al tema.<\/div>\n<div align=\"justify\">Fraga en aquest esmorzar ha afirmat que te una gran preocupaci\u00f3 per l\u2019estatut catal\u00e0, ja que segons ell, va en contra de la Constituci\u00f3 i proposa fer efectiu l\u2019article 155 de la Constituci\u00f3, aquell que d\u00f3na poders al govern per abolir l\u2019autonomia d\u2019una Comunitat. Aquest pas \u00e9s un gran pas de Fraga, ja que en comptes del 155 podia haver invocat el 8, aquell que atribueix a l\u2019ex\u00e8rcit la missi\u00f3 de defensar la unitat d\u2019Espanya per la via de les armes, i Fraga l\u2019hagu\u00e9s pogut invocar amb la mateixa tranquil\u00b7litat amb la que va firmar les penes de mort durant el franquisme o quan va autoritzar a assassinar els treballadors de Gasteiz, per\u00f2 es veu que ara es conforma amb &#8220;nom\u00e9s&#8221; la suspensi\u00f3 de l\u2019autonomia, que per altra banda no \u00e9s m\u00e9s que una declaraci\u00f3 d\u2019estat d\u2019excepci\u00f3. <\/div>\n<div align=\"justify\">En tot Fraga t\u00e9 ra\u00f3, el nacionalisme \u00e9s contrari a la unitat d\u2019Espanya, ja que \u00e9s el nacionalisme exacerbat que predica el 90% de la societat i la classe pol\u00edtica espanyola la que fa inviable la unitat d\u2019Espanya amb totes les nacions que integren actualment, i per poc temps esperem, l\u2019estat espanyol. <\/div>\n<div align=\"justify\">Si hi ha un perill per la unitat d\u2019Espanya, a llarg temps, no \u00e9s pas el sentiment de Catalunya o Euskadi i els o els processos d\u2019increment d\u2019autogovern degut als anomenats &#8220;nacionalismes perif\u00e8rics&#8221;, sin\u00f3 \u00e9s precisament gr\u00e0cies al mateix nacionalisme espanyol que amb la seva pr\u00f2pia manera d\u2019actuar, una manera excloent i imperialista, produeix anticossos a les altres nacions de l\u2019estat espanyol. <\/div>\n<div align=\"justify\">I la veritat, no sembla que els cervells grisos ho hagin vist. Els cervells espanyols han optat per l\u2019aniquilaci\u00f3 de les altres nacions de l\u2019estat, i per tant han optat per la variant ultra i castrense del nacionalisme espanyol, un nacionalisme que tot i la nova pintura progre i &#8220;guai&#8221;, no deixa de ser el mateix que sempre.<\/div>\n<div align=\"justify\">Aix\u00f2 si, mentrestant alguns encara busquen algun pont. <\/span><\/div>\n<div><span style=\"font-family:arial;\"><\/span><\/div>\n<\/div>\n<div class=\"blogger-post-footer\"><img width='1' height='1' src='https:\/\/blogger.googleusercontent.com\/tracker\/2467933452740288616-6724680325653439947?l=peresabat.blogspot.com' alt='' \/><\/div>\n","protected":false},"excerpt":{"rendered":"<p>&#8220;Visca Espanya, Mort als nacionalismes&#8221;. Aquesta \u00e9s la frase que podria il\u00b7lustrar l\u2019esmorzar que el fundador del PP, ministre franquista i redactor de la Constituci\u00f3 espanyola, Manuel Fraga ha ofert aquest mat\u00ed a la capital del Regne d\u2019Espanya. Fraga ha afirmat al marc d\u2019aquest esmorzar &#8220;informatiu&#8221; que els nacionalistes s\u2019haurien de penjar d\u2019algun lloc, ja&#8230;<\/p>\n","protected":false},"author":2,"featured_media":0,"comment_status":"open","ping_status":"open","sticky":false,"template":"","format":"standard","meta":{"footnotes":""},"categories":[26],"tags":[],"class_list":["post-516","post","type-post","status-publish","format-standard","hentry","category-uncategorized"],"_links":{"self":[{"href":"https:\/\/www.blocdelsabat.cat\/index.php?rest_route=\/wp\/v2\/posts\/516","targetHints":{"allow":["GET"]}}],"collection":[{"href":"https:\/\/www.blocdelsabat.cat\/index.php?rest_route=\/wp\/v2\/posts"}],"about":[{"href":"https:\/\/www.blocdelsabat.cat\/index.php?rest_route=\/wp\/v2\/types\/post"}],"author":[{"embeddable":true,"href":"https:\/\/www.blocdelsabat.cat\/index.php?rest_route=\/wp\/v2\/users\/2"}],"replies":[{"embeddable":true,"href":"https:\/\/www.blocdelsabat.cat\/index.php?rest_route=%2Fwp%2Fv2%2Fcomments&post=516"}],"version-history":[{"count":0,"href":"https:\/\/www.blocdelsabat.cat\/index.php?rest_route=\/wp\/v2\/posts\/516\/revisions"}],"wp:attachment":[{"href":"https:\/\/www.blocdelsabat.cat\/index.php?rest_route=%2Fwp%2Fv2%2Fmedia&parent=516"}],"wp:term":[{"taxonomy":"category","embeddable":true,"href":"https:\/\/www.blocdelsabat.cat\/index.php?rest_route=%2Fwp%2Fv2%2Fcategories&post=516"},{"taxonomy":"post_tag","embeddable":true,"href":"https:\/\/www.blocdelsabat.cat\/index.php?rest_route=%2Fwp%2Fv2%2Ftags&post=516"}],"curies":[{"name":"wp","href":"https:\/\/api.w.org\/{rel}","templated":true}]}}