{"id":526,"date":"2008-12-17T18:19:00","date_gmt":"2008-12-17T18:19:00","guid":{"rendered":"http:\/\/peresabat.wordpress.com\/2008\/12\/17\/espanya-legitima-franco"},"modified":"2008-12-17T18:19:00","modified_gmt":"2008-12-17T18:19:00","slug":"espanya-legitima-franco","status":"publish","type":"post","link":"https:\/\/www.blocdelsabat.cat\/?p=526","title":{"rendered":"Espanya legitima Franco"},"content":{"rendered":"<p><a href=\"http:\/\/peresabat.files.wordpress.com\/2008\/12\/selecciocatalana1.jpg\"><img decoding=\"async\" alt=\"\" src=\"http:\/\/peresabat.files.wordpress.com\/2008\/12\/selecciocatalana1.jpg?w=261\" border=\"0\" \/><\/a><\/p>\n<div align=\"justify\"><span style=\"font-family:arial;font-size:130%;\">Ahir un tribunal franc\u00e8s va legitimar la dictadura del general feixista Francisco Franco, i ho va fer fent evident tota la ideologia d\u2019aquell r\u00e8gim, actuant en contra de Catalunya. <\/span><\/div>\n<p><span style=\"font-family:arial;font-size:130%;\"><\/p>\n<div align=\"justify\">Anem a pams. La federaci\u00f3 catalana de rugbi els anys 30 del segle XX va ser membre fundadora de la Internacional de rugbi, i aix\u00ed consta en els escrits oficials. Uns anys despr\u00e8s la catalana va convidar a integrar-se a aquesta federaci\u00f3 internacional els representants d\u2019Espanya, d\u2019aquesta manera dins de la Internacional convivien tan la federaci\u00f3 catalana com l\u2019espanyola. Molt b\u00e9. Tot va canviar amb la vict\u00f2ria dels nacionalistes espanyols durant la Guerra d\u2019Espanya, ja que al 1941 els representants de l\u2019Espanya de Franco, l\u2019Espanya de sempre, van obligar a expulsar la catalana de la Internacional.<\/div>\n<div align=\"justify\">Aquests s\u00f3n els fets hist\u00f2rics, uns fets que ja de per si mostren clarament la pol\u00edtica anticatalana del r\u00e8gim espanyol mai condemnat per el PP. <\/div>\n<div align=\"justify\">Ara per\u00f2 la federaci\u00f3 catalana ha demanat que es restitueixi el seu estatus dins la Internacional i per aix\u00f2 havia presentat tota la documentaci\u00f3 perqu\u00e8 aix\u00ed es realitz\u00e9s, no hi ha hagut sort. <\/div>\n<div align=\"justify\">Un tribunal de primera inst\u00e0ncia de Fran\u00e7a ha determinat que la catalana no pot reincorporar-se a la Internacional tot i ser-ne fundadora, fet que no fa m\u00e9s que legitimar una acci\u00f3 del r\u00e8gim feixista, antidemocr\u00e0tic i il\u00b7legal com va ser el de Franco. <\/div>\n<div align=\"justify\">Felicitar en \u00faltim terme a un dels advocats que ha assessorat a la federaci\u00f3 espanyola en el seu litigi per legitimar el franquisme, es tracta d\u2019un ex fiscal del tribunal de l\u2019esport de Catalunya, Jos\u00e9 Domingo Valls, que seguint l\u2019estela de Juan Antonio Samaranch est\u00e0 ple d\u2019auto odi cap a la terra que el va veure, en mal dia, n\u00e9ixer. <\/div>\n<div align=\"justify\">Aquesta setmana per\u00f2 aquesta no \u00e9s l\u2019\u00fanica mala not\u00edcia referent a les seleccions catalanes, ja que un jutge ha prohibit que la Plataforma Pro-Seleccions pugui fer servir el lema &#8220;Una Naci\u00f3, Una Selecci\u00f3&#8221;, a m\u00e9s que ha ordenat retirar l\u2019spot que la Plataforma va utilitzar fa dos anys per reclamar l\u2019oficialitat de les catalanes. <\/div>\n<div align=\"justify\">Dedueixo que tota la xacra d\u2019espanyolistes, consideraran aquest fet com a normal i que \u00e9s tal i com hauria d\u2019actuar la just\u00edcia, aquest \u00e9s sens dubte un grav\u00edssim atac a la llibertat d\u2019expressi\u00f3, a m\u00e9s d\u2019un nou advertiment de quin \u00e9s el sistema judicial espanyol, un sistema que encara es basa amb el lema del r\u00e8gim que Fran\u00e7a ahir va legitimar: &#8220;Una, grande y libre&#8221;.<\/div>\n<p><\/span><\/p>\n<div class=\"blogger-post-footer\"><img width='1' height='1' src='https:\/\/blogger.googleusercontent.com\/tracker\/2467933452740288616-6464380038864412129?l=peresabat.blogspot.com' alt='' \/><\/div>\n","protected":false},"excerpt":{"rendered":"<p>Ahir un tribunal franc\u00e8s va legitimar la dictadura del general feixista Francisco Franco, i ho va fer fent evident tota la ideologia d\u2019aquell r\u00e8gim, actuant en contra de Catalunya. Anem a pams. La federaci\u00f3 catalana de rugbi els anys 30 del segle XX va ser membre fundadora de la Internacional de rugbi, i aix\u00ed consta&#8230;<\/p>\n","protected":false},"author":2,"featured_media":0,"comment_status":"open","ping_status":"open","sticky":false,"template":"","format":"standard","meta":{"footnotes":""},"categories":[26],"tags":[],"class_list":["post-526","post","type-post","status-publish","format-standard","hentry","category-uncategorized"],"_links":{"self":[{"href":"https:\/\/www.blocdelsabat.cat\/index.php?rest_route=\/wp\/v2\/posts\/526","targetHints":{"allow":["GET"]}}],"collection":[{"href":"https:\/\/www.blocdelsabat.cat\/index.php?rest_route=\/wp\/v2\/posts"}],"about":[{"href":"https:\/\/www.blocdelsabat.cat\/index.php?rest_route=\/wp\/v2\/types\/post"}],"author":[{"embeddable":true,"href":"https:\/\/www.blocdelsabat.cat\/index.php?rest_route=\/wp\/v2\/users\/2"}],"replies":[{"embeddable":true,"href":"https:\/\/www.blocdelsabat.cat\/index.php?rest_route=%2Fwp%2Fv2%2Fcomments&post=526"}],"version-history":[{"count":0,"href":"https:\/\/www.blocdelsabat.cat\/index.php?rest_route=\/wp\/v2\/posts\/526\/revisions"}],"wp:attachment":[{"href":"https:\/\/www.blocdelsabat.cat\/index.php?rest_route=%2Fwp%2Fv2%2Fmedia&parent=526"}],"wp:term":[{"taxonomy":"category","embeddable":true,"href":"https:\/\/www.blocdelsabat.cat\/index.php?rest_route=%2Fwp%2Fv2%2Fcategories&post=526"},{"taxonomy":"post_tag","embeddable":true,"href":"https:\/\/www.blocdelsabat.cat\/index.php?rest_route=%2Fwp%2Fv2%2Ftags&post=526"}],"curies":[{"name":"wp","href":"https:\/\/api.w.org\/{rel}","templated":true}]}}