{"id":528,"date":"2008-12-19T11:34:00","date_gmt":"2008-12-19T11:34:00","guid":{"rendered":"http:\/\/peresabat.wordpress.com\/2008\/12\/19\/un-bon-pacte"},"modified":"2008-12-19T11:34:00","modified_gmt":"2008-12-19T11:34:00","slug":"un-bon-pacte","status":"publish","type":"post","link":"https:\/\/www.blocdelsabat.cat\/?p=528","title":{"rendered":"Un bon Pacte"},"content":{"rendered":"<p><a href=\"http:\/\/peresabat.files.wordpress.com\/2008\/12\/pacte-nacional-immigracio1.jpg\"><img decoding=\"async\" alt=\"\" src=\"http:\/\/peresabat.files.wordpress.com\/2008\/12\/pacte-nacional-immigracio1.jpg?w=194\" border=\"0\" \/><\/a><\/p>\n<div align=\"justify\"><span style=\"font-family:arial;font-size:130%;\">Quan sembla que la unitat catalana pel finan\u00e7ament s\u2019esberla per la sempre male\u00efda t\u00e0ctica partidista, en un altre camp, i no menys important, tant el Govern d\u2019entesa com el principal partit de l\u2019oposici\u00f3 han arribat a un acord pel que fa a un nou Pacte Nacional, en aquest cas, el de la immigraci\u00f3. <\/span><\/div>\n<p><span style=\"font-family:arial;font-size:130%;\"><\/p>\n<div align=\"justify\">Que s\u2019hagi pogut signar aquest pacte nacional \u00e9s realment un pas molt important ja que a Catalunya hi ha m\u00e9s d\u2019un mili\u00f3 de nouvinguts i la majoria d\u2019aquests han arribat al pa\u00eds en els \u00faltims 8 anys. Passar de 6 milions i mig a 7\u20195 en tan sols 8 anys \u00e9s una barbaritat monstruosa i pocs pa\u00efsos ho haurien pogut suportar, Catalunya per\u00f2 si, i a m\u00e9s ho ha suportat raonablement b\u00e9. Tot i aix\u00f2 per\u00f2, no es poden tirar campanes perqu\u00e8 tot just estem al cap del cam\u00ed.<\/div>\n<div align=\"justify\">Catalunya s\u2019ha torbat en pocs anys que havia de fer front a una nova onada immigrat\u00f2ria quan encara no havia pogut acabar d\u2019integrar la dels anys 60, la conseq\u00fc\u00e8ncia \u00e9s que en aquests moments el pa\u00eds est\u00e0 fent front a dues onades, aix\u00f2 si, en processos diferenciats.<br \/>El pacte nacional ha de permetre que la conviv\u00e8ncia sigui possible i que en base a uns deures s\u2019hi incorporin uns drets, fet que permeti la integraci\u00f3 del que arriba al nostre pa\u00eds. <\/div>\n<div align=\"justify\">Un dels punts pol\u00e8mics, per alguns, del Pacte Nacional \u00e9s el requeriment de saber catal\u00e0 pels immigrants. Aquest fet que s\u2019hauria d\u2019entendre dins l\u2019absoluta normalitat d\u2019un pa\u00eds normal, per alguns ha significat &#8220;la imposici\u00f3&#8221; de la ideologia nacionalista per damunt dels drets dels nouvinguts a parlar el que bonament els hi plagui. Nom\u00e9s des d\u2019una visi\u00f3 profunda d\u2019auto-odi i provincianisme, es pot fer una afirmaci\u00f3 tan demencial com aquesta, perqu\u00e8 a veure, si un catal\u00e0 se soca-rel, aquests de tota la vida, vol anar a Fran\u00e7a a treballar, oi que haur\u00e0 d\u2019aprendre el franc\u00e8s per poder-ho fer? Oi que un que vulgui anar als Estats Units haur\u00e0 de saber l\u2019angl\u00e8s? Doncs evidentment un que vingui a Catalunya haur\u00e0 de saber el catal\u00e0. <\/div>\n<div align=\"justify\">M\u00e9s enll\u00e0 de pol\u00e8miques interessades com la de la llengua, el pacte nacional \u00e9s molt important perqu\u00e8 el que est\u00e0 en joc \u00e9s la cohesi\u00f3 social del pa\u00eds durant els pr\u00f2xims anys. El pacte nacional posa especial inter\u00e8s en impedir la competici\u00f3 dels catalans amb els nous catalans pels serveis p\u00fablics, es a dir, que no s\u2019exclogui ning\u00fa en els serveis p\u00fablics arran de l\u2019onada d\u2019immigraci\u00f3 actual. <\/div>\n<div align=\"justify\">Aquest fet per\u00f2, no nom\u00e9s dep\u00e8n de la Generalitat o del que es pugui pactar en el Pacte Nacional, ja que per tal d\u2019evitar aquesta competici\u00f3 de serveis el que \u00e9s vital es poder garantir una xarxa potent i de primera l\u00ednia en tots els serveis, des de educaci\u00f3 fins a sanitat, ja que si no \u00e9s aix\u00ed el Pacte Nacional quedar\u00e0 en paper mullat, per\u00f2 per portar-ho a terme cal finan\u00e7ament, finan\u00e7ament que actualment el &#8220;gobierno de espa\u00f1a&#8221; de Zapatero i Chac\u00f3n es neguen a donar. <\/div>\n<div align=\"justify\">Per \u00faltim, \u00e9s d\u2019agrair que tant IcV com CiUni\u00f3n hagin finalment firmat el pacte, ja que no era del tot clar, sobretot arran del congr\u00e9s dels primers en que varen posar el fre de m\u00e0 als pactes nacionals per no haver de pactar amb CiUni\u00f3n mostrant aix\u00ed una gran visi\u00f3 de pa\u00eds alhora que una gran responsabilitat, i els segons que per fi han abandonat els carnets per punts pels immigrants i s\u2019han sumat a un Pacte Nacional que ha de garantir la cohesi\u00f3 social del pa\u00eds, per poder seguir sent un sol poble.<\/div>\n<div align=\"justify\"> <\/div>\n<p><\/span><\/p>\n<div class=\"blogger-post-footer\"><img width='1' height='1' src='https:\/\/blogger.googleusercontent.com\/tracker\/2467933452740288616-2401914713769217697?l=peresabat.blogspot.com' alt='' \/><\/div>\n","protected":false},"excerpt":{"rendered":"<p>Quan sembla que la unitat catalana pel finan\u00e7ament s\u2019esberla per la sempre male\u00efda t\u00e0ctica partidista, en un altre camp, i no menys important, tant el Govern d\u2019entesa com el principal partit de l\u2019oposici\u00f3 han arribat a un acord pel que fa a un nou Pacte Nacional, en aquest cas, el de la immigraci\u00f3. Que s\u2019hagi&#8230;<\/p>\n","protected":false},"author":2,"featured_media":0,"comment_status":"open","ping_status":"open","sticky":false,"template":"","format":"standard","meta":{"footnotes":""},"categories":[26],"tags":[],"class_list":["post-528","post","type-post","status-publish","format-standard","hentry","category-uncategorized"],"_links":{"self":[{"href":"https:\/\/www.blocdelsabat.cat\/index.php?rest_route=\/wp\/v2\/posts\/528","targetHints":{"allow":["GET"]}}],"collection":[{"href":"https:\/\/www.blocdelsabat.cat\/index.php?rest_route=\/wp\/v2\/posts"}],"about":[{"href":"https:\/\/www.blocdelsabat.cat\/index.php?rest_route=\/wp\/v2\/types\/post"}],"author":[{"embeddable":true,"href":"https:\/\/www.blocdelsabat.cat\/index.php?rest_route=\/wp\/v2\/users\/2"}],"replies":[{"embeddable":true,"href":"https:\/\/www.blocdelsabat.cat\/index.php?rest_route=%2Fwp%2Fv2%2Fcomments&post=528"}],"version-history":[{"count":0,"href":"https:\/\/www.blocdelsabat.cat\/index.php?rest_route=\/wp\/v2\/posts\/528\/revisions"}],"wp:attachment":[{"href":"https:\/\/www.blocdelsabat.cat\/index.php?rest_route=%2Fwp%2Fv2%2Fmedia&parent=528"}],"wp:term":[{"taxonomy":"category","embeddable":true,"href":"https:\/\/www.blocdelsabat.cat\/index.php?rest_route=%2Fwp%2Fv2%2Fcategories&post=528"},{"taxonomy":"post_tag","embeddable":true,"href":"https:\/\/www.blocdelsabat.cat\/index.php?rest_route=%2Fwp%2Fv2%2Ftags&post=528"}],"curies":[{"name":"wp","href":"https:\/\/api.w.org\/{rel}","templated":true}]}}