{"id":534,"date":"2008-12-24T19:13:00","date_gmt":"2008-12-24T19:13:00","guid":{"rendered":"http:\/\/peresabat.wordpress.com\/2008\/12\/24\/macia-el-president"},"modified":"2008-12-24T19:13:00","modified_gmt":"2008-12-24T19:13:00","slug":"macia-el-president","status":"publish","type":"post","link":"https:\/\/www.blocdelsabat.cat\/?p=534","title":{"rendered":"Maci\u00e0, el President"},"content":{"rendered":"<div align=\"justify\"><a href=\"http:\/\/peresabat.files.wordpress.com\/2008\/12\/macic3a0-miting1.jpg\"><img decoding=\"async\" alt=\"\" src=\"http:\/\/peresabat.files.wordpress.com\/2008\/12\/macic3a0-miting1.jpg?w=220\" border=\"0\" \/><\/a> <span style=\"font-family:arial;font-size:130%;\">Dem\u00e0 far\u00e0 75 anys que el President que va retornar la Generalitat i l\u2019autogovern a Catalunya va morir.<br \/>Francesc Maci\u00e0 va posar fi a una vida de servei al pa\u00eds i a la seva gent un 25 de desembre, i ho va fer exercint el c\u00e0rrec de President de la Generalitat. <\/span><\/div>\n<p><span style=\"font-family:arial;font-size:130%;\"><\/p>\n<div align=\"justify\">Maci\u00e0 \u00e9s aquell que va protagonitzar els fets de Prats de Moll\u00f3, una operaci\u00f3 que si no hagu\u00e9s estat perqu\u00e8 els italians van fer-se els suecs, hagu\u00e9s tingut un desenlla\u00e7 segurament bastant diferent. L\u2019acci\u00f3 de recuperar Catalunya per la via de les armes era en aquells moments una opci\u00f3 m\u00e9s que respectable, ja que Catalunya es trobava sotmesa, de manera semblant a l\u2019actualitat, sota una dictadura anticatalanista, una dictadura que va gaudir el suport de diversos dirigents regionalistes com per exemple de l\u2019avi del possible candidat de CiU a les europees. <\/div>\n<p align=\"justify\">Maci\u00e0 va fracassar en aquesta acci\u00f3, per\u00f2 no va desistir pas en l\u2019objectiu. Maci\u00e0 va aconseguir gr\u00e0cies al judici que li van fer a Fran\u00e7a projectar la seva imatge com a l\u00edder, a m\u00e9s de donar a con\u00e8ixer el conflicte catal\u00e0 al m\u00f3n.<\/p>\n<p align=\"justify\">Van passar anys, per\u00f2 Maci\u00e0 va seguir lluitant, Maci\u00e0 va seguir anhelant una Catalunya lliure, una Catalunya per la gent, la Catalunya de la casa i l\u2019hortet. Maci\u00e0 tot i provenir del catalanisme burg\u00e8s i conservador cada cop va anar derivant cap a posicions m\u00e9s independentistes i progressistes d\u2019esquerres. No \u00e9s possible el progr\u00e9s nacional sense que aquest vagi acompanyat d\u2019un progr\u00e9s social, i viceversa. <\/p>\n<p align=\"justify\">Maci\u00e0 \u00e9s aquell que funda Estat Catal\u00e0, Maci\u00e0 \u00e9s aquell que pacta el naixement d\u2019Esquerra Republicana de Catalunya, Maci\u00e0 \u00e9s aquell que condueix ERC a la vict\u00f2ria espectacular del 12 d\u2019abril del 31, Maci\u00e0 \u00e9s aquell que proclama l\u2019estat Catal\u00e0, Maci\u00e0 \u00e9s aquell que es converteix en President de la Generalitat, Maci\u00e0 \u00e9s aquell que diu que el 17 d\u2019abril ha estat el dia m\u00e9s dif\u00edcil de la seva vida. Maci\u00e0 \u00e9s l\u2019avi, Maci\u00e0 \u00e9s aquell que emociona, Maci\u00e0 \u00e9s aquell que tira endavant l\u2019estatut de N\u00faria, Maci\u00e0 \u00e9s aquell que modernitza el pa\u00eds, \u00e9s aquell de l\u2019escola republicana. Maci\u00e0 \u00e9s aquell que treu la gent als carrers de Barcelona al dia del seu enterrament. Maci\u00e0 \u00e9s tot aix\u00f2 i m\u00e9s. <\/p>\n<p align=\"justify\">Maci\u00e0 \u00e9s un s\u00edmbol nacional, prova d\u2019aix\u00f2 \u00e9s que peri\u00f2dicament tota classe de pol\u00edtics intenten fer-lo seu. Durant la campanya de l\u2019estatut de La Moncloa, el Bloc del S\u00ed va afirmar una vegada i una altra que Maci\u00e0 hauria votat que si a la farsa d\u2019estatut que Mas i ZP van pactar. No hi podria estar menys d\u2019acord. Maci\u00e0 s\u00ed va donar suport a l\u2019estatut sortit de les Corts republicanes al 1932, va ser perqu\u00e8 Catalunya no tenia res i era aquell estatutet o res, no aix\u00ed al 2006, quan no era o tot o res, ja que el pa\u00eds ja gaudia d\u2019autogovern i per tant el seg\u00fcent pas a fer hauria de ser un augment significatiu del poder pol\u00edtic, i \u00e9s evident de que no era el cas ja que el nou estatut era una petita modificaci\u00f3 de l\u2019estatut del \u201879.<\/p>\n<p align=\"justify\">Els defensors del S\u00ed a l\u2019estatut de La Moncloa van fer servir Maci\u00e0 barroerament, per\u00f2 aix\u00f2 no ha embrutat la mem\u00f2ria del President. Avui al Palau de la Generalitat s\u2019ha presentat l\u2019inici de &#8220;l\u2019any Maci\u00e0&#8221; que commemora el 150\u00e8 aniversari del seu naixement. <\/p>\n<p align=\"justify\">En el discurs el President Montilla ha lloat Maci\u00e0 per ser un home de pacte i per haver buscat sempre la unitat entre catalans, alhora que per haver posat el pa\u00eds per davant d\u2019interessos partidistes.<br \/>Per la seva banda, i sort, el vice-president del govern n\u2019ha destacat els objectius i ideals pol\u00edtics del primer President escollit democr\u00e0ticament, independentisme i esquerra, no fos cas que Maci\u00e0 fos presentat com un dirigent regionalista, cosa que en cap cas va ser. <\/p>\n<div align=\"justify\">Maci\u00e0 era i segueix sent un referent nacional, Maci\u00e0 era i segueix encarnant les \u00e0nsies de llibertat de Catalunya i dels Pa\u00efsos Catalans, Maci\u00e0 segueix plasmant que som un sol poble.<br \/>Per acabar una frase del President Maci\u00e0, una frase que per si sola ja ho diu tot:<\/div>\n<div align=\"justify\"><\/div>\n<div align=\"center\"><span style=\"font-size:180%;\">&#8220;Nosaltres som ciutadans d\u2019un poble que ha <\/span><span style=\"font-size:180%;\">estat lliure, <\/span><\/div>\n<div align=\"center\"><\/div>\n<div align=\"center\"><span style=\"font-size:180%;\">i que vol tornar-ho a ser&#8221;<\/div>\n<p><\/span><\/span><\/p>\n<div class=\"blogger-post-footer\"><img width='1' height='1' src='https:\/\/blogger.googleusercontent.com\/tracker\/2467933452740288616-7796312204794894115?l=peresabat.blogspot.com' alt='' \/><\/div>\n","protected":false},"excerpt":{"rendered":"<p>Dem\u00e0 far\u00e0 75 anys que el President que va retornar la Generalitat i l\u2019autogovern a Catalunya va morir.Francesc Maci\u00e0 va posar fi a una vida de servei al pa\u00eds i a la seva gent un 25 de desembre, i ho va fer exercint el c\u00e0rrec de President de la Generalitat. Maci\u00e0 \u00e9s aquell que va&#8230;<\/p>\n","protected":false},"author":2,"featured_media":0,"comment_status":"open","ping_status":"open","sticky":false,"template":"","format":"standard","meta":{"footnotes":""},"categories":[26],"tags":[],"class_list":["post-534","post","type-post","status-publish","format-standard","hentry","category-uncategorized"],"_links":{"self":[{"href":"https:\/\/www.blocdelsabat.cat\/index.php?rest_route=\/wp\/v2\/posts\/534","targetHints":{"allow":["GET"]}}],"collection":[{"href":"https:\/\/www.blocdelsabat.cat\/index.php?rest_route=\/wp\/v2\/posts"}],"about":[{"href":"https:\/\/www.blocdelsabat.cat\/index.php?rest_route=\/wp\/v2\/types\/post"}],"author":[{"embeddable":true,"href":"https:\/\/www.blocdelsabat.cat\/index.php?rest_route=\/wp\/v2\/users\/2"}],"replies":[{"embeddable":true,"href":"https:\/\/www.blocdelsabat.cat\/index.php?rest_route=%2Fwp%2Fv2%2Fcomments&post=534"}],"version-history":[{"count":0,"href":"https:\/\/www.blocdelsabat.cat\/index.php?rest_route=\/wp\/v2\/posts\/534\/revisions"}],"wp:attachment":[{"href":"https:\/\/www.blocdelsabat.cat\/index.php?rest_route=%2Fwp%2Fv2%2Fmedia&parent=534"}],"wp:term":[{"taxonomy":"category","embeddable":true,"href":"https:\/\/www.blocdelsabat.cat\/index.php?rest_route=%2Fwp%2Fv2%2Fcategories&post=534"},{"taxonomy":"post_tag","embeddable":true,"href":"https:\/\/www.blocdelsabat.cat\/index.php?rest_route=%2Fwp%2Fv2%2Ftags&post=534"}],"curies":[{"name":"wp","href":"https:\/\/api.w.org\/{rel}","templated":true}]}}