{"id":545,"date":"2008-12-31T16:29:00","date_gmt":"2008-12-31T16:29:00","guid":{"rendered":"http:\/\/peresabat.wordpress.com\/2008\/12\/31\/operacio-personatge-de-lany-barack-obama"},"modified":"2008-12-31T16:29:00","modified_gmt":"2008-12-31T16:29:00","slug":"operacio-personatge-de-lany-barack-obama","status":"publish","type":"post","link":"https:\/\/www.blocdelsabat.cat\/?p=545","title":{"rendered":"Operaci\u00f3 &#8220;Personatge de l&#8217;Any&#8221;: Barack Obama"},"content":{"rendered":"<p><a href=\"http:\/\/peresabat.files.wordpress.com\/2008\/12\/obamabarack1.jpg\"><img decoding=\"async\" alt=\"\" src=\"http:\/\/peresabat.files.wordpress.com\/2008\/12\/obamabarack1.jpg?w=280\" border=\"0\" \/><\/a><\/p>\n<div align=\"justify\"><span style=\"font-family:arial;font-size:130%;\">Avui \u00faltim dia de l\u2019any, avui \u00e9s un dia de balan\u00e7, de valorar el qu\u00e8 s\u2019ha fet durant l\u2019any, del proposat, del realitzat i del que encara no s\u2019ha tirat endavant.<br \/>Pels nostres ulls passen tots els \u00e8xits, tots els fracassos, tots i cadascun dels fets que han anat transcorrent en aquest 2008.<\/span><\/div>\n<p><span style=\"font-family:arial;font-size:130%;\"><\/p>\n<div align=\"justify\">Podr\u00edem durant hores i hores valorar el qu\u00e8 ens ha donat aquest 2008, podr\u00edem. Fent una ullada r\u00e0pida als \u00faltims dotze mesos es f\u00e0cil adonar-se que han passat moltes coses, per dir-ho d\u2019alguna manera aquest 2008 ha estat un no parar. D\u2019una cosa a l\u2019altra i aix\u00ed successivament, sense parar. Mirar endarrera es entendre que aquest 2008 ha estat feixuc, atape\u00eft. Atape\u00eft per\u00f2 tot i aix\u00ed ha estat un any per gaudir, per aprendre, per ensenyar. Es diu que cada dia s\u2019apr\u00e8n alguna cosa nova, doncs imaginem-nos en un any. <\/div>\n<div align=\"justify\">Un any atape\u00eft deia, s\u00ed, d\u00e9u n\u2019hi do. Crec que aquest any, a la hist\u00f2ria quedar\u00e0 com l\u2019inici d\u2019una nova etapa, d\u2019un nou cam\u00ed. Un nou cam\u00ed que ser\u00e0 molt semblant a l\u2019actual i que far\u00e0 que al m\u00f3n continu\u00efn passant barbaritats monstruoses, per\u00f2 que alhora hauria de conduir a un nou inici. D\u2019aquest nou inici aquest 2008 n\u2019hem tingut algunes mostres, mostres que es poden quedar en no res, per\u00f2 que indubtablement hi han sigut.<br \/>Una d\u2019aquestes ha estat l\u2019intent de reforma del sistema capitalista, una reforma que encara s\u2019ha de concretar, per\u00f2 com a m\u00ednim, els grans estats del m\u00f3n, els grans i un acoplat, han ent\u00e8s que el sistema no pot continuar de la manera actual i que calen reformes.<br \/>Per\u00f2 si una ha estat la mostra m\u00e9s fefaent de qu\u00e8 el m\u00f3n iniciava una nova etapa, per b\u00e9 o per mal ja que encara no es pot saber, ha estat l\u2019elecci\u00f3 de Barack Obama com a 44\u00e9 President dels Estats Units d\u2019Am\u00e8rica. <\/div>\n<div align=\"justify\">Barack Obama i el seu c\u00e8lebre <em>&#8220;Yes We Can&#8221;<\/em> ha embriagat la poblaci\u00f3 mundial gr\u00e0cies a un discurs d\u2019esperan\u00e7a i de patriotisme, d\u2019il\u00b7lusi\u00f3 i de futur. <\/div>\n<div align=\"justify\">Tots els grans mitjans han elegit el pr\u00f2xim President americ\u00e0 com el personatge de l\u2019any, com per exemple la prestigiosa revista TIME, de la mateixa manera que els lectors d\u2019aquest bloc mitjan\u00e7ant &#8220;Operaci\u00f3 Personatge de l\u2019Any&#8221;.<br \/>Obama ha estat amb el 47% dels vots el guanyador de &#8220;Operaci\u00f3 Personatge de l\u2019Any&#8221;, superant altres figures que tamb\u00e9 optaven al t\u00edtol com JK Rowling o Luther King. <\/div>\n<div align=\"justify\">Aix\u00ed doncs, amb el final de OPA i donant Obama com a guanyador, tanquem aquest 2008, tanquem onze mesos de bloc i 291 post publicats, tot esperant que l\u2019any que arriba sigui tan apassionant com el que d\u2019aqu\u00ed a poques hores deixarem endarrera, nom\u00e9s dir a tothom que llegeix aquest bloc que gr\u00e0cies per la fidelitat i la companyia i desitjar-vos un molt bon any 2009.<\/div>\n<div align=\"justify\">Salut i endavant! <\/div>\n<div align=\"justify\"> <\/div>\n<div align=\"justify\"> <\/div>\n<p><\/span><\/p>\n<div class=\"blogger-post-footer\"><img width='1' height='1' src='https:\/\/blogger.googleusercontent.com\/tracker\/2467933452740288616-5183516356935457825?l=peresabat.blogspot.com' alt='' \/><\/div>\n","protected":false},"excerpt":{"rendered":"<p>Avui \u00faltim dia de l\u2019any, avui \u00e9s un dia de balan\u00e7, de valorar el qu\u00e8 s\u2019ha fet durant l\u2019any, del proposat, del realitzat i del que encara no s\u2019ha tirat endavant.Pels nostres ulls passen tots els \u00e8xits, tots els fracassos, tots i cadascun dels fets que han anat transcorrent en aquest 2008. Podr\u00edem durant hores&#8230;<\/p>\n","protected":false},"author":2,"featured_media":0,"comment_status":"open","ping_status":"open","sticky":false,"template":"","format":"standard","meta":{"footnotes":""},"categories":[26],"tags":[],"class_list":["post-545","post","type-post","status-publish","format-standard","hentry","category-uncategorized"],"_links":{"self":[{"href":"https:\/\/www.blocdelsabat.cat\/index.php?rest_route=\/wp\/v2\/posts\/545","targetHints":{"allow":["GET"]}}],"collection":[{"href":"https:\/\/www.blocdelsabat.cat\/index.php?rest_route=\/wp\/v2\/posts"}],"about":[{"href":"https:\/\/www.blocdelsabat.cat\/index.php?rest_route=\/wp\/v2\/types\/post"}],"author":[{"embeddable":true,"href":"https:\/\/www.blocdelsabat.cat\/index.php?rest_route=\/wp\/v2\/users\/2"}],"replies":[{"embeddable":true,"href":"https:\/\/www.blocdelsabat.cat\/index.php?rest_route=%2Fwp%2Fv2%2Fcomments&post=545"}],"version-history":[{"count":0,"href":"https:\/\/www.blocdelsabat.cat\/index.php?rest_route=\/wp\/v2\/posts\/545\/revisions"}],"wp:attachment":[{"href":"https:\/\/www.blocdelsabat.cat\/index.php?rest_route=%2Fwp%2Fv2%2Fmedia&parent=545"}],"wp:term":[{"taxonomy":"category","embeddable":true,"href":"https:\/\/www.blocdelsabat.cat\/index.php?rest_route=%2Fwp%2Fv2%2Fcategories&post=545"},{"taxonomy":"post_tag","embeddable":true,"href":"https:\/\/www.blocdelsabat.cat\/index.php?rest_route=%2Fwp%2Fv2%2Ftags&post=545"}],"curies":[{"name":"wp","href":"https:\/\/api.w.org\/{rel}","templated":true}]}}