{"id":55,"date":"2008-02-18T16:44:00","date_gmt":"2008-02-18T16:44:00","guid":{"rendered":"http:\/\/peresabat.wordpress.com\/2008\/02\/18\/dues-parts"},"modified":"2008-02-18T16:44:00","modified_gmt":"2008-02-18T16:44:00","slug":"dues-parts","status":"publish","type":"post","link":"https:\/\/www.blocdelsabat.cat\/?p=55","title":{"rendered":"Dues Parts"},"content":{"rendered":"<p><a href=\"http:\/\/peresabat.files.wordpress.com\/2008\/02\/dolorsnadal1.jpg\"><img decoding=\"async\" alt=\"\" src=\"http:\/\/peresabat.files.wordpress.com\/2008\/02\/dolorsnadal1.jpg?w=100\" border=\"0\" \/><\/a><br \/><span style=\"font-family:arial;font-size:130%;\">Durant els per\u00edodes electorals de tot \u00edndole ja siguin nacional, municipals\u2026 els candidats dels diversos partits tenen el costum de fer un tour universitari. En les catalanes a la Pompeu Fabra van anar-hi en Puigcerc\u00f3s i en Mas amb un gran \u00e8xit i tamb\u00e9 en Saura i en Rivera que van passat m\u00e9s desapercebuts, o tamb\u00e9 en les municipals en Trias i en Portabella van fer-hi acte de pres\u00e8ncia.<br \/><\/span><\/p>\n<div align=\"justify\"><span style=\"font-family:arial;font-size:130%;\">Amb l\u2019inici de la campanya per el 9-M a tocar, avui s\u2019iniciava aquest tour amb la candidata nacionalista espanyola (a les coses se\u2019ls ha de donar el seu nom) del PP Dolors Nadal.<br \/>Davant aquesta not\u00edcia diversos col\u00b7lectius d\u2019estudiants han protestat per la pres\u00e8ncia d\u2019aquesta candidata al recinte universitari. La protesta ha tingut dues parts molt diferenciades. La primera en qu\u00e8 tan sols s\u2019han mostrat cartells i una pancarta a m\u00e9s de cridar diverses consignes, i la segona en qu\u00e8 s\u2019ha entrat a l\u2019aula i s\u2019ha rebentat l\u2019acte.<br \/><\/span><\/div>\n<p><\/p>\n<div align=\"justify\"><span style=\"font-family:arial;font-size:130%;\">Aqu\u00ed s\u2019haurien de fer diverses consideracions.<br \/>Primer, tothom t\u00e9 el dret de dir i defensar el que pensi, cregui, consideri i vulgui i ning\u00fa ha d\u2019impedir tal fet. I segon, tothom t\u00e9 el dret a manifestar-se en contra o a favor del que cregui convenient i ning\u00fa ha d\u2019impedir tal fet. Queda clar doncs.<br \/>Personalment crec que la segona part de la protesta ha sigut un error. N\u2019hi havia prou que el col\u00b7lectiu d\u2019estudiants es qued\u00e9s fora de l\u2019aula protestant pac\u00edficament i deixant que es realitz\u00e9s l\u2019acte.<br \/>En quant a la primera part de la protesta, totalment d\u2019acord.<br \/><\/span><\/div>\n<p><\/p>\n<div align=\"justify\"><span style=\"font-family:arial;font-size:130%;\">Manifestar pac\u00edficament, com ha estat la primera part de la protesta, que la pres\u00e8ncia d\u2019aquesta gent resulta una provocaci\u00f3 crec que era necessari. Sempre pac\u00edficament. <\/span><\/div>\n<p><\/p>\n<div align=\"justify\"><span style=\"font-family:arial;font-size:130%;\">O \u00e9s que aquesta gent pot<em> &#8220;campar&#8221;<\/em> com si res sense que ning\u00fa els recordi que el mal que han fet i continuen fent? <em>Ells<\/em> que ens van mentir en la Guerra de l\u2019Iraq condemnat milers i milers d\u2019iraquians a un infern. <em>Ells<\/em> que van manipular el tr\u00e0gic i brutal atemptat terrorista de l\u201911-M a Madrid tan sols per mantenir La Moncloa. <em>Ells<\/em> que fan de la catalanof\u00f2bia esport nacional espanyol. <em>Ells<\/em> que ataquen la llengua catalana. <em>Ells<\/em> que intenten explosionar la conviv\u00e8ncia a les aules catalanes. <em>Ells<\/em> que han bloquejat el Proc\u00e9s de Pau. <em>Ells<\/em> que utilitzen les v\u00edctimes del terrorisme per motius electorals. <em>Ells<\/em> que actuen en contra dels interessos econ\u00f2mics i socials dels catalans i catalanes. <em>ELLS<\/em>.<br \/><\/span><\/div>\n<p><\/p>\n<div align=\"justify\"><span style=\"font-family:arial;font-size:130%;\">Repeteixo, que es rebentin actes no m\u2019agrada. Per\u00f2 que amb la mentida i amb la demag\u00f2gia s\u2019ataqui als catalans i a Catalunya, menys.<\/span><\/div>\n<div class=\"blogger-post-footer\"><img width='1' height='1' src='https:\/\/blogger.googleusercontent.com\/tracker\/2467933452740288616-34590771366719313?l=peresabat.blogspot.com' alt='' \/><\/div>\n","protected":false},"excerpt":{"rendered":"<p>Durant els per\u00edodes electorals de tot \u00edndole ja siguin nacional, municipals\u2026 els candidats dels diversos partits tenen el costum de fer un tour universitari. En les catalanes a la Pompeu Fabra van anar-hi en Puigcerc\u00f3s i en Mas amb un gran \u00e8xit i tamb\u00e9 en Saura i en Rivera que van passat m\u00e9s desapercebuts, o&#8230;<\/p>\n","protected":false},"author":2,"featured_media":0,"comment_status":"open","ping_status":"open","sticky":false,"template":"","format":"standard","meta":{"footnotes":""},"categories":[26],"tags":[],"class_list":["post-55","post","type-post","status-publish","format-standard","hentry","category-uncategorized"],"_links":{"self":[{"href":"https:\/\/www.blocdelsabat.cat\/index.php?rest_route=\/wp\/v2\/posts\/55","targetHints":{"allow":["GET"]}}],"collection":[{"href":"https:\/\/www.blocdelsabat.cat\/index.php?rest_route=\/wp\/v2\/posts"}],"about":[{"href":"https:\/\/www.blocdelsabat.cat\/index.php?rest_route=\/wp\/v2\/types\/post"}],"author":[{"embeddable":true,"href":"https:\/\/www.blocdelsabat.cat\/index.php?rest_route=\/wp\/v2\/users\/2"}],"replies":[{"embeddable":true,"href":"https:\/\/www.blocdelsabat.cat\/index.php?rest_route=%2Fwp%2Fv2%2Fcomments&post=55"}],"version-history":[{"count":0,"href":"https:\/\/www.blocdelsabat.cat\/index.php?rest_route=\/wp\/v2\/posts\/55\/revisions"}],"wp:attachment":[{"href":"https:\/\/www.blocdelsabat.cat\/index.php?rest_route=%2Fwp%2Fv2%2Fmedia&parent=55"}],"wp:term":[{"taxonomy":"category","embeddable":true,"href":"https:\/\/www.blocdelsabat.cat\/index.php?rest_route=%2Fwp%2Fv2%2Fcategories&post=55"},{"taxonomy":"post_tag","embeddable":true,"href":"https:\/\/www.blocdelsabat.cat\/index.php?rest_route=%2Fwp%2Fv2%2Ftags&post=55"}],"curies":[{"name":"wp","href":"https:\/\/api.w.org\/{rel}","templated":true}]}}