{"id":551,"date":"2009-01-10T12:24:00","date_gmt":"2009-01-10T12:24:00","guid":{"rendered":"http:\/\/peresabat.wordpress.com\/2009\/01\/10\/llibres-dhivern-memories-jordi-pujol"},"modified":"2009-01-10T12:24:00","modified_gmt":"2009-01-10T12:24:00","slug":"llibres-dhivern-memories-jordi-pujol","status":"publish","type":"post","link":"https:\/\/www.blocdelsabat.cat\/?p=551","title":{"rendered":"Llibres d&#8217;hivern: Mem\u00f2ries, Jordi Pujol"},"content":{"rendered":"<p><a href=\"http:\/\/peresabat.files.wordpress.com\/2009\/01\/memc3b2ries1.jpg\"><img decoding=\"async\" alt=\"\" src=\"http:\/\/peresabat.files.wordpress.com\/2009\/01\/memc3b2ries1.jpg?w=195\" border=\"0\" \/><\/a><\/p>\n<div align=\"justify\"><span style=\"font-family:arial;font-size:130%;\">Aquestes passades vacances de Nadal en bona part les he dedicat a llegir, a llegir llibres que tenia pendents des de feia cert temps. \u00c9s un fet que passa sovint, deixar llibres pendents sobre la taula, fins que arriba un moment en qu\u00e8 m\u00e9s aviat sembla la maqueta de la Torre din\u00e0mica de Dubai. <\/span><\/div>\n<p><span style=\"font-family:arial;font-size:130%;\"><\/p>\n<div align=\"justify\">Un d\u2019aquests llibres era el primer volum de les mem\u00f2ries del qui va ser durant 23 anys President del principat, Jordi Pujol.<br \/>No descobrir\u00e9 res si dic que la figura governamental de Pujol particularment no m\u2019emociona gaire i que considero que gran part dels seus anys al Palau de la Generalitat no van aportar el que havien d\u2019haver aportat al pa\u00eds. Aix\u00f2 per\u00f2 faria refer\u00e8ncia al segon volum de les seves mem\u00f2ries.<br \/>En aquest primer volum hi apareix un home que es podria anomenar com a &#8220;formigueta&#8221;. Pujol durant anys i anys va fer de formigueta fent i fent tot d\u2019accions amb un \u00fanic objectiu: Fer pa\u00eds, construir Catalunya. <\/div>\n<div align=\"justify\">Pujol en tots els anys de clandestinitat va fer un munt d\u2019iniciatives per fer ren\u00e9ixer l\u2019estima i la consci\u00e8ncia del pa\u00eds, i aix\u00f2, tot i les discrep\u00e0ncies ideol\u00f2giques, s\u2019ha de recon\u00e8ixer i agrair. Pujol podr\u00edem dir va ser un home poli\u00e8dric, capa\u00e7 de crear el primer banc nacional, capa\u00e7 de tirar endavant l\u2019enciclop\u00e8dia catalana, capa\u00e7 de crear centres d\u2019an\u00e0lisi, capa\u00e7 de\u2026. de moltes coses.<br \/>Al llarg del llibre Pujol exposa el proc\u00e9s de construcci\u00f3 del seu univers intel\u00b7lectual, una construcci\u00f3 que es podria qualificar de &#8220;fet a mida&#8221;. Pujol va buscar, va moure\u2019s, va preguntar, va escoltar, va esfor\u00e7ar-se\u2026. Pujol es va fer a si mateix bevent de diferents fonts, unes fonts que el van acabar de formar amb el que va ser. <\/div>\n<div align=\"justify\">Pujol exposa en el volum de mem\u00f2ries la seva idea pol\u00edtica, una idea que tot i ser nacionalista en relaci\u00f3 al principat, no deixava de ser regionalista en el sentit d\u2019estat espanyol. Pujol modernitza els postulats del catalanisme d\u2019inici de segle XX i practica el que es podria anomenar com a <em>&#8220;autonomisme nacional&#8221;.<\/em> Una praxi pol\u00edtica que es basava en el fam\u00f3s peix al cove, en rascar el m\u00e0xim nombre de compet\u00e8ncies per\u00f2 sense sortir del marc constitucional, a m\u00e9s de practicar un nomenament simb\u00f2lic en termes nacionals, per exemple Teatre Nacional\u2026, encara que la pr\u00e0ctica governamental no segu\u00eds aquesta l\u00ednia d\u2019acci\u00f3. <\/div>\n<div align=\"justify\">Com a mode de conclusi\u00f3, es pot afirmar que Pujol va ser un &#8220;formigueta&#8221; durant molts i molts anys i que la seva acci\u00f3 va ser altament positiva, ja que va ajudar a recuperar el pa\u00eds, per\u00f2 aquesta pot quedar entelada per la seva acci\u00f3 pol\u00edtica posterior.<\/div>\n<div align=\"justify\">Un llibre altament positiu, que permet con\u00e8ixer un Pujol diferent. Esperarem, doncs, el segon volum.<\/div>\n<div align=\"justify\"> <\/div>\n<p><\/span><\/p>\n<div class=\"blogger-post-footer\"><img width='1' height='1' src='https:\/\/blogger.googleusercontent.com\/tracker\/2467933452740288616-9062564818981990204?l=peresabat.blogspot.com' alt='' \/><\/div>\n","protected":false},"excerpt":{"rendered":"<p>Aquestes passades vacances de Nadal en bona part les he dedicat a llegir, a llegir llibres que tenia pendents des de feia cert temps. \u00c9s un fet que passa sovint, deixar llibres pendents sobre la taula, fins que arriba un moment en qu\u00e8 m\u00e9s aviat sembla la maqueta de la Torre din\u00e0mica de Dubai. Un&#8230;<\/p>\n","protected":false},"author":2,"featured_media":0,"comment_status":"open","ping_status":"open","sticky":false,"template":"","format":"standard","meta":{"footnotes":""},"categories":[26],"tags":[],"class_list":["post-551","post","type-post","status-publish","format-standard","hentry","category-uncategorized"],"_links":{"self":[{"href":"https:\/\/www.blocdelsabat.cat\/index.php?rest_route=\/wp\/v2\/posts\/551","targetHints":{"allow":["GET"]}}],"collection":[{"href":"https:\/\/www.blocdelsabat.cat\/index.php?rest_route=\/wp\/v2\/posts"}],"about":[{"href":"https:\/\/www.blocdelsabat.cat\/index.php?rest_route=\/wp\/v2\/types\/post"}],"author":[{"embeddable":true,"href":"https:\/\/www.blocdelsabat.cat\/index.php?rest_route=\/wp\/v2\/users\/2"}],"replies":[{"embeddable":true,"href":"https:\/\/www.blocdelsabat.cat\/index.php?rest_route=%2Fwp%2Fv2%2Fcomments&post=551"}],"version-history":[{"count":0,"href":"https:\/\/www.blocdelsabat.cat\/index.php?rest_route=\/wp\/v2\/posts\/551\/revisions"}],"wp:attachment":[{"href":"https:\/\/www.blocdelsabat.cat\/index.php?rest_route=%2Fwp%2Fv2%2Fmedia&parent=551"}],"wp:term":[{"taxonomy":"category","embeddable":true,"href":"https:\/\/www.blocdelsabat.cat\/index.php?rest_route=%2Fwp%2Fv2%2Fcategories&post=551"},{"taxonomy":"post_tag","embeddable":true,"href":"https:\/\/www.blocdelsabat.cat\/index.php?rest_route=%2Fwp%2Fv2%2Ftags&post=551"}],"curies":[{"name":"wp","href":"https:\/\/api.w.org\/{rel}","templated":true}]}}