{"id":567,"date":"2009-01-22T18:33:00","date_gmt":"2009-01-22T18:33:00","guid":{"rendered":"http:\/\/peresabat.wordpress.com\/2009\/01\/22\/ahir-va-fer-tres-anys"},"modified":"2009-01-22T18:33:00","modified_gmt":"2009-01-22T18:33:00","slug":"ahir-va-fer-tres-anys","status":"publish","type":"post","link":"https:\/\/www.blocdelsabat.cat\/?p=567","title":{"rendered":"Ahir va fer tres anys"},"content":{"rendered":"<div align=\"justify\"><span style=\"font-family:arial;font-size:130%;\">Avui he tingut una conversa, molt interessant, amb un company amb el qui solc discutir de pol\u00edtica. Coment\u00e0vem com evolucionava tot el tema de la negociaci\u00f3 del finan\u00e7ament i de com s\u2019estaven comportant els diferents partits pol\u00edtics, cadasc\u00fa per\u00f2, tenia la seva opini\u00f3.<\/span><\/div>\n<p><span style=\"font-family:arial;font-size:130%;\"><\/p>\n<div align=\"justify\">S\u00f3c de la teoria que com molt b\u00e9 diu la saviesa popular, per no repetir els errors del passat, cal no oblidar-lo, i a m\u00e9s, diria que cal entendre\u2019l i acceptar-lo per m\u00e9s dolor\u00f3s que pugui ser. <\/div>\n<div align=\"justify\">Aquest amic sempre defensa que entre els partits d\u2019obedi\u00e8ncia catalana s\u2019han d\u2019oblidar les &#8220;tra\u00efcions&#8221; passades i que s\u2019ha de girar p\u00e0gina i avan\u00e7ar cap a un nou escenari de conc\u00f2rdia i entesa. <\/div>\n<div align=\"justify\">\u00c9s una opci\u00f3, per\u00f2 passar p\u00e0gina sense ser conscients del qu\u00e8 ha passat en els \u00faltims anys crec que no \u00e9s del tot saludable. <\/div>\n<div align=\"justify\">Avui el pa\u00eds est\u00e0 patint una situaci\u00f3 gaireb\u00e9 l\u00edmit, una situaci\u00f3 que com va dir el professor de Dret Constitucional de la Pompeu, derivar\u00e0 en una gran humiliaci\u00f3 o nom\u00e9s en una humiliaci\u00f3, conseq\u00fc\u00e8ncia de la retallada de l\u2019Estatut al Tribunal Constitucional i tamb\u00e9 pel nou sistema de finan\u00e7ament, un nou sistema que evidentment ser\u00e0 negatiu per Catalunya, ergo, pels catalans. <\/div>\n<div align=\"justify\">Com se sol dir per\u00f2, per arribar a aquesta humiliaci\u00f3, tot t\u00e9 un inici, tot t\u00e9 un comen\u00e7ament, i el comen\u00e7ament de la humiliaci\u00f3 de Catalunya fa tres anys i un dia que va iniciar-se. <\/div>\n<div align=\"justify\">Com ja he dit, cal recordar per no cometre, avui, els errors d\u2019ahir.<\/div>\n<div align=\"justify\"> <\/div>\n<p><\/span><\/p>\n<p align=\"center\">\n<p align=\"center\">\n<div class=\"blogger-post-footer\"><img width='1' height='1' src='https:\/\/blogger.googleusercontent.com\/tracker\/2467933452740288616-9219175651477264117?l=peresabat.blogspot.com' alt='' \/><\/div>\n","protected":false},"excerpt":{"rendered":"<p>Avui he tingut una conversa, molt interessant, amb un company amb el qui solc discutir de pol\u00edtica. Coment\u00e0vem com evolucionava tot el tema de la negociaci\u00f3 del finan\u00e7ament i de com s\u2019estaven comportant els diferents partits pol\u00edtics, cadasc\u00fa per\u00f2, tenia la seva opini\u00f3. S\u00f3c de la teoria que com molt b\u00e9 diu la saviesa popular,&#8230;<\/p>\n","protected":false},"author":2,"featured_media":0,"comment_status":"open","ping_status":"open","sticky":false,"template":"","format":"standard","meta":{"footnotes":""},"categories":[26],"tags":[],"class_list":["post-567","post","type-post","status-publish","format-standard","hentry","category-uncategorized"],"_links":{"self":[{"href":"https:\/\/www.blocdelsabat.cat\/index.php?rest_route=\/wp\/v2\/posts\/567","targetHints":{"allow":["GET"]}}],"collection":[{"href":"https:\/\/www.blocdelsabat.cat\/index.php?rest_route=\/wp\/v2\/posts"}],"about":[{"href":"https:\/\/www.blocdelsabat.cat\/index.php?rest_route=\/wp\/v2\/types\/post"}],"author":[{"embeddable":true,"href":"https:\/\/www.blocdelsabat.cat\/index.php?rest_route=\/wp\/v2\/users\/2"}],"replies":[{"embeddable":true,"href":"https:\/\/www.blocdelsabat.cat\/index.php?rest_route=%2Fwp%2Fv2%2Fcomments&post=567"}],"version-history":[{"count":0,"href":"https:\/\/www.blocdelsabat.cat\/index.php?rest_route=\/wp\/v2\/posts\/567\/revisions"}],"wp:attachment":[{"href":"https:\/\/www.blocdelsabat.cat\/index.php?rest_route=%2Fwp%2Fv2%2Fmedia&parent=567"}],"wp:term":[{"taxonomy":"category","embeddable":true,"href":"https:\/\/www.blocdelsabat.cat\/index.php?rest_route=%2Fwp%2Fv2%2Fcategories&post=567"},{"taxonomy":"post_tag","embeddable":true,"href":"https:\/\/www.blocdelsabat.cat\/index.php?rest_route=%2Fwp%2Fv2%2Ftags&post=567"}],"curies":[{"name":"wp","href":"https:\/\/api.w.org\/{rel}","templated":true}]}}