{"id":573,"date":"2009-01-24T12:32:00","date_gmt":"2009-01-24T12:32:00","guid":{"rendered":"http:\/\/peresabat.wordpress.com\/2009\/01\/24\/llibres-dhivern-un-pas-endavant"},"modified":"2009-01-24T12:32:00","modified_gmt":"2009-01-24T12:32:00","slug":"llibres-dhivern-un-pas-endavant","status":"publish","type":"post","link":"https:\/\/www.blocdelsabat.cat\/?p=573","title":{"rendered":"Llibres d&#8217;hivern: Un Pas Endavant"},"content":{"rendered":"<p><a href=\"http:\/\/peresabat.files.wordpress.com\/2009\/01\/un-pas-endavant31.jpg\"><img decoding=\"async\" alt=\"\" src=\"http:\/\/peresabat.files.wordpress.com\/2009\/01\/un-pas-endavant31.jpg?w=202\" border=\"0\" \/><\/a><\/p>\n<div align=\"justify\"><span style=\"font-family:arial;font-size:130%;\">La hist\u00f2ria tendeix a posar cadasc\u00fa al seu lloc, hi ha gent que passa la major part de la seva vida rebent atencions i condecoracions per la tasca que ha anat desenvolupant, per\u00f2 que passats els anys qui tan l\u2019havia adorat s\u2019adona que no era m\u00e9s que un farsant i que tot el que havia dut a terme no havia sigut res m\u00e9s que un tap cap a gestes majors. D\u2019altres per\u00f2 \u00e9s al rev\u00e9s, hi ha gent que tot i el gran servei a la comunitat que donen no reben en absolut els elogis que la seva tasca mereix, \u00e9s m\u00e9s, sovint reben patacades i menyspreu per aquells que voldrien els farsants del tap.<\/span><\/div>\n<p><span style=\"font-family:arial;font-size:130%;\"><\/p>\n<div align=\"justify\">Un d\u2019aquests \u00faltims, un d\u2019aquests a qui segurament no s\u2019ha sigut just, \u00e9s Miquel Sellar\u00e8s. Sellar\u00e8s va ser la persona que m\u00e9s va creure en la Policia Nacional de Catalunya i va ser qui va remoure cel i terra per poder-la tenir. Sellar\u00e8s ha explicat en un llibre tota la hist\u00f2ria que va portar a la creaci\u00f3 dels Mossos i al seu desplegament. <\/div>\n<div align=\"justify\">El llibre &#8220;Un Pas Endavant. La hist\u00f2ria dels Mossos que mai no s\u2019havia explicat&#8221; tracta precisament dels camins que s\u2019han hagut de caminar perqu\u00e8 25 anys despr\u00e8s de la primera promoci\u00f3, els Mossos ocupin tot el territori del Principat.<br \/>Sellar\u00e8s explica que el que \u00e9s evident, el desenvolupament dels Mossos no ha sigut un cam\u00ed de roses, ni molt menys.<br \/>Primerament es va haver de fer front a una classe pol\u00edtica catalana totalment acomplexada, acomplexada per por de parlar de &#8220;policia catalana&#8221; i acomplexada tamb\u00e9 pel nul sentit d\u2019estat que tenia. Ni Tarradellas ni despr\u00e8s Pujol van entendre la import\u00e0ncia de tenir un cos policial propi. Tarradellas, explica Sellar\u00e8s, advocava perqu\u00e8 fos la Gu\u00e0rdia Civil la que depengu\u00e9s de la Generalitat fent mostra de qu\u00e8 la seva idea de Generalitat poc tenia a veure en construir una naci\u00f3 real. Pujol per\u00f2 tampoc ho acabava d\u2019entendre, i no ho va entendre fins que es va fer absolutament imprescindible. Va haver de passar l\u2019intent de cop d\u2019estat al r\u00e8gim que s\u2019iniciava a l\u2019estat espanyol perqu\u00e8 certa classe pol\u00edtica on el sentit d\u2019estat (catal\u00e0) brillava per la seva abs\u00e8ncia entengu\u00e9s que potser si que era necess\u00e0ria una policia catalana. \u00c9s aix\u00ed com es va posar fil a l\u2019agulla a la creaci\u00f3 de la policia.<\/div>\n<div align=\"justify\">S\u00ed el primer obstacle havien estat els dirigents catalans acomplexats, com tants n\u2019hi ha ara, la segona pedra no era menys pesada. Si fer entendre als &#8220;teus&#8221; que la policia era important, fer-ho entendre als &#8220;altres&#8221; resultava quasi quim\u00e8ric. Per\u00f2 es van fer passos.<br \/>Sellar\u00e8s va ser qui va iniciar el proc\u00e9s des de la Direcci\u00f3 General de Protecci\u00f3 Ciutadana, des d\u2019on es va impulsar la creaci\u00f3 dels Mossos. Tot i la feina feta, i tornant a mostrar la falta de sentit d\u2019estat dels pol\u00edtics catalans, Sellar\u00e8s no va estar-se a la Direcci\u00f3 ni un any, ja que amb l\u2019excusa d\u2019unes declaracions, el President Pujol el va cessar. <\/div>\n<div align=\"justify\">Del llibre em quedo amb un seguit d\u2019an\u00e8cdotes que explica Sellar\u00e8s. Diu que quan anava a les casernes de la Gu\u00e0rdia Civil a Barcelona, Travessera i Via Laietana, hi feia un discurs d\u2019agra\u00efment pel suport que aquest cos va donar l\u2019any 1936 a la Generalitat contra la sublevaci\u00f3 feixista, explica que un dels seus col\u00b7laboradors va t\u00e9mer que no en sortirien vius.<\/div>\n<div align=\"justify\">Aquest \u00e9s un llibre que mostra la hist\u00f2ria d\u2019un somni, d\u2019un somni que va haver de fer front a la incomprensi\u00f3 dels propis i a la bilis dels altres, per\u00f2 al cap i a la fi, aquesta \u00e9s la hist\u00f2ria d\u2019un somni d\u2019\u00e8xits, una hist\u00f2ria d\u2019\u00e8xits que haur\u00e0 de fer just\u00edcia.<\/div>\n<div align=\"justify\"> <\/div>\n<p><\/span><\/p>\n<div class=\"blogger-post-footer\"><img width='1' height='1' src='https:\/\/blogger.googleusercontent.com\/tracker\/2467933452740288616-9211677498151760254?l=peresabat.blogspot.com' alt='' \/><\/div>\n","protected":false},"excerpt":{"rendered":"<p>La hist\u00f2ria tendeix a posar cadasc\u00fa al seu lloc, hi ha gent que passa la major part de la seva vida rebent atencions i condecoracions per la tasca que ha anat desenvolupant, per\u00f2 que passats els anys qui tan l\u2019havia adorat s\u2019adona que no era m\u00e9s que un farsant i que tot el que havia&#8230;<\/p>\n","protected":false},"author":2,"featured_media":0,"comment_status":"open","ping_status":"open","sticky":false,"template":"","format":"standard","meta":{"footnotes":""},"categories":[26],"tags":[],"class_list":["post-573","post","type-post","status-publish","format-standard","hentry","category-uncategorized"],"_links":{"self":[{"href":"https:\/\/www.blocdelsabat.cat\/index.php?rest_route=\/wp\/v2\/posts\/573","targetHints":{"allow":["GET"]}}],"collection":[{"href":"https:\/\/www.blocdelsabat.cat\/index.php?rest_route=\/wp\/v2\/posts"}],"about":[{"href":"https:\/\/www.blocdelsabat.cat\/index.php?rest_route=\/wp\/v2\/types\/post"}],"author":[{"embeddable":true,"href":"https:\/\/www.blocdelsabat.cat\/index.php?rest_route=\/wp\/v2\/users\/2"}],"replies":[{"embeddable":true,"href":"https:\/\/www.blocdelsabat.cat\/index.php?rest_route=%2Fwp%2Fv2%2Fcomments&post=573"}],"version-history":[{"count":0,"href":"https:\/\/www.blocdelsabat.cat\/index.php?rest_route=\/wp\/v2\/posts\/573\/revisions"}],"wp:attachment":[{"href":"https:\/\/www.blocdelsabat.cat\/index.php?rest_route=%2Fwp%2Fv2%2Fmedia&parent=573"}],"wp:term":[{"taxonomy":"category","embeddable":true,"href":"https:\/\/www.blocdelsabat.cat\/index.php?rest_route=%2Fwp%2Fv2%2Fcategories&post=573"},{"taxonomy":"post_tag","embeddable":true,"href":"https:\/\/www.blocdelsabat.cat\/index.php?rest_route=%2Fwp%2Fv2%2Ftags&post=573"}],"curies":[{"name":"wp","href":"https:\/\/api.w.org\/{rel}","templated":true}]}}