{"id":579,"date":"2009-01-28T19:39:00","date_gmt":"2009-01-28T19:39:00","guid":{"rendered":"http:\/\/peresabat.wordpress.com\/2009\/01\/28\/1-any-de-bloc"},"modified":"2009-01-28T19:39:00","modified_gmt":"2009-01-28T19:39:00","slug":"1-any-de-bloc","status":"publish","type":"post","link":"https:\/\/www.blocdelsabat.cat\/?p=579","title":{"rendered":"1 ANY DE BLOC"},"content":{"rendered":"<div align=\"justify\"><span style=\"font-family:arial;font-size:130%;\">Avui \u00e9s 28 de gener, aparentment un dia normal, per\u00f2 nom\u00e9s aparentment. Avui no \u00e9s un dia m\u00e9s, no almenys en relaci\u00f3 a aquest bloc, ja que avui el bloc est\u00e0 d\u2019aniversari. Avui fa 365 dies a les 18:34 hores, es va publicar el primer post del bloc.<\/span><\/div>\n<p><span style=\"font-family:Arial;font-size:130%;\"><\/span><span style=\"font-family:arial;font-size:130%;\"><\/p>\n<div align=\"justify\">Segurament per alg\u00fa li semblar\u00e0 massa que avui el post el dediqui a recordar aquesta fita, per\u00f2 sincerament crec que \u00e9s necessari, a m\u00e9s que sobretot \u00e9s perqu\u00e8 a mi em fa il\u00b7lusi\u00f3.<\/p>\n<p>Avui escric el post n\u00famero 310, un post podr\u00edem dir-ne d\u2019auto-bombo, i aquest fet m\u2019ha fet reflexionar sobre com els mitjans tracten les not\u00edcies que fan refer\u00e8ncia als \u00edndex d\u2019audi\u00e8ncia o sobre la xifra de share que aconsegueixen o el nombre de diaris que venen al dia, not\u00edcies que generalment reben la corresponent qualificaci\u00f3 de &#8220;es passen&#8221;, &#8220;nom\u00e9s parlen d\u2019ells mateixos&#8221; o &#8221; i a qui li interessa aix\u00f2!?&#8221;. Tot i que tamb\u00e9 hi ha un punt de treure pit, majorit\u00e0riament ho fan perqu\u00e8 estan orgullosos i satisfets de la tasca que han portat a terme i de la feina feta. En definitiva que se senten que formen part d\u2019alguna cosa per la qual val la pena dedicar-hi un cert temps de la seva vida.<br \/>Doncs b\u00e9, aix\u00ed podr\u00edem definir com em sento avui jo mateix, avui que fa un any que es va obrir aquest bloc, un bloc que va comen\u00e7ar amb la pretensi\u00f3 no gens modesta d\u2019intentar fer pensar a m\u00e9s d\u2019expressar la pr\u00f2pia opini\u00f3. La veritat no s\u00e9 si ho he aconseguit, per\u00f2 em conformaria amb pensar que a partir dels articles publicats s\u2019han pogut obrir noves finestres i que la realitat ha deixat de ser aquesta l\u00ednia fina sense alteracions de quan ens pensem que tenim la veritat absoluta i que ha passat a ser un tortu\u00f3s terreny boterut i empedregat, on diferents visions s\u2019entrellacen, i juntes, formen una nova visi\u00f3, m\u00e9s complexa, m\u00e9s completa, per\u00f2 necess\u00e0riament inacabada. <\/div>\n<div align=\"justify\">En \u00faltim lloc nom\u00e9s queda agrair amb les gr\u00e0cies m\u00e9s grans que s\u2019hagin escrit mai, a tots els que llegiu el bloc, la veritat moltes gr\u00e0cies, i en especial a l\u2019equip de comentaristes que no deixen de comentar i que fan que no es pugui abaixar la gu\u00e0rdia en cap moment. Gr\u00e0cies. <\/div>\n<div align=\"justify\">A partir d\u2019ara, es podria dir, el bloc comen\u00e7a una nova etapa, una nova etapa en qu\u00e8 hi haur\u00e0 noves seccions i potser, tamb\u00e9 sorgir\u00e0 algun canvi. Aix\u00f2 s\u00ed, la pretensi\u00f3 de fer pensar, continua en peu\u2026. <\/div>\n<div align=\"justify\"> <\/div>\n<div align=\"justify\"> <\/div>\n<p><img decoding=\"async\" alt=\"\" src=\"http:\/\/2.bp.blogspot.com\/_kjTqSD8ASz4\/SYC0vEYb7gI\/AAAAAAAAA1U\/RRBR_lPg_fk\/s400\/pastis.bmp\" border=\"0\" \/><\/p>\n<p><\/span><\/p>\n<div class=\"blogger-post-footer\"><img width='1' height='1' src='https:\/\/blogger.googleusercontent.com\/tracker\/2467933452740288616-6239943993976280506?l=peresabat.blogspot.com' alt='' \/><\/div>\n","protected":false},"excerpt":{"rendered":"<p>Avui \u00e9s 28 de gener, aparentment un dia normal, per\u00f2 nom\u00e9s aparentment. Avui no \u00e9s un dia m\u00e9s, no almenys en relaci\u00f3 a aquest bloc, ja que avui el bloc est\u00e0 d\u2019aniversari. Avui fa 365 dies a les 18:34 hores, es va publicar el primer post del bloc. Segurament per alg\u00fa li semblar\u00e0 massa que&#8230;<\/p>\n","protected":false},"author":2,"featured_media":0,"comment_status":"open","ping_status":"open","sticky":false,"template":"","format":"standard","meta":{"footnotes":""},"categories":[26],"tags":[],"class_list":["post-579","post","type-post","status-publish","format-standard","hentry","category-uncategorized"],"_links":{"self":[{"href":"https:\/\/www.blocdelsabat.cat\/index.php?rest_route=\/wp\/v2\/posts\/579","targetHints":{"allow":["GET"]}}],"collection":[{"href":"https:\/\/www.blocdelsabat.cat\/index.php?rest_route=\/wp\/v2\/posts"}],"about":[{"href":"https:\/\/www.blocdelsabat.cat\/index.php?rest_route=\/wp\/v2\/types\/post"}],"author":[{"embeddable":true,"href":"https:\/\/www.blocdelsabat.cat\/index.php?rest_route=\/wp\/v2\/users\/2"}],"replies":[{"embeddable":true,"href":"https:\/\/www.blocdelsabat.cat\/index.php?rest_route=%2Fwp%2Fv2%2Fcomments&post=579"}],"version-history":[{"count":0,"href":"https:\/\/www.blocdelsabat.cat\/index.php?rest_route=\/wp\/v2\/posts\/579\/revisions"}],"wp:attachment":[{"href":"https:\/\/www.blocdelsabat.cat\/index.php?rest_route=%2Fwp%2Fv2%2Fmedia&parent=579"}],"wp:term":[{"taxonomy":"category","embeddable":true,"href":"https:\/\/www.blocdelsabat.cat\/index.php?rest_route=%2Fwp%2Fv2%2Fcategories&post=579"},{"taxonomy":"post_tag","embeddable":true,"href":"https:\/\/www.blocdelsabat.cat\/index.php?rest_route=%2Fwp%2Fv2%2Ftags&post=579"}],"curies":[{"name":"wp","href":"https:\/\/api.w.org\/{rel}","templated":true}]}}