{"id":580,"date":"2009-01-29T17:22:00","date_gmt":"2009-01-29T17:22:00","guid":{"rendered":"http:\/\/peresabat.wordpress.com\/2009\/01\/29\/no-hi-ha-pintura-que-valgui"},"modified":"2009-01-29T17:22:00","modified_gmt":"2009-01-29T17:22:00","slug":"no-hi-ha-pintura-que-valgui","status":"publish","type":"post","link":"https:\/\/www.blocdelsabat.cat\/?p=580","title":{"rendered":"No hi ha pintura que valgui"},"content":{"rendered":"<p><a href=\"http:\/\/peresabat.files.wordpress.com\/2009\/01\/mas1.jpg\"><img decoding=\"async\" alt=\"\" src=\"http:\/\/peresabat.files.wordpress.com\/2009\/01\/mas1.jpg?w=300\" border=\"0\" \/><\/a><\/p>\n<div align=\"justify\"><span style=\"font-family:arial;font-size:130%;\">L\u2019altre dia passant per un dels carrers de Vilafranca em vaig fixar en les cases, n\u2019hi ha de grans i ben arreglades d\u2019aquestes que han anat guanyant terreny i que amb els nous temps s\u2019han anat fent, per\u00f2 continuen resistint el pas dels anys aquelles m\u00e9s estretes i allargassades tan caracter\u00edstiques d\u2019altres \u00e8poques passades. <\/span><\/div>\n<p><span style=\"font-family:arial;font-size:130%;\"><\/p>\n<div align=\"justify\">En una de les primeres, amb fa\u00e7ana de color groc p\u00e0l\u00b7lid, hi havia un parell de pintors que estaven donant una capa de pintura sobre una part de la paret que estava guixada i gargotejada amb esprai negre. Realment s\u2019hi esfor\u00e7aven, i pel que vaig deduir, ja havien gastat un parell de pots de la pintura de color groc per poder tapar la pretesa obra d\u2019art. Quan passava just pel costat no vaig poder abstenir-me d\u2019escoltar la conversa que tenien, b\u00e9 la veritat \u00e9s que nom\u00e9s vaig poder sentir un petit comentari per\u00f2 m\u00e9s que suficient. El que estava remenant el pot de pintura li va dir a l\u2019altre &#8221; ostres tu, com costa de qu\u00e8 marxi la merda aquesta&#8221;, l\u2019altre, el que encara estava esmer\u00e7ant-se per tapar el gargot, va contestar &#8220;S\u00ed, hi ha taques que no marxen mai&#8221;. <\/div>\n<div align=\"justify\">No s\u00e9 si certs nuclis pol\u00edtics fan de pintors, per\u00f2 la veritat \u00e9s que alguns ho intenten, per\u00f2 com els pintors, a l\u2019hora de treure &#8220;la merda&#8221; no se\u2019n en surten.<br \/>Tot i els intents de CiU de pintar amb nova pintura i nou color tots els racons de casa seva, es veu que no avancen. S\u2019ha d\u2019agrair els esfor\u00e7os de certs dirigents de pintar de nou &#8220;el pal de paller&#8221; i canviar el color, i el nom, per el de &#8220;la casa gran&#8221;, per\u00f2 la veritat \u00e9s que veien tal i com avancen els esdeveniments poca cosa va b\u00e9, tot i que \u00e9s cert que el nomenament del (in)dependent Tremosa \u00e9s certament encoratjador. <\/div>\n<div align=\"justify\">Per\u00f2 es veu que el color antic, el de sempre, encara es mant\u00e9. Avui el qui segons Antoni Castell\u00e0, haur\u00e0 de substituir Artur Mas a partir del 2010, ha assegurat que ara cal parlar de crisi i de com solucionar-la i no d\u2019independ\u00e8ncia perqu\u00e8 \u00e9s el que interessa a la gent. Primerament, el senyor Duran Lleida hauria de recordar que la crisi se soluciona quan tens poder per poder solucionar tal crisi, i precisament Catalunya aquest poder en gran part no el t\u00e9. Segon, i lligat al primer, un dels motius per poder aconseguir la independ\u00e8ncia \u00e9s precisament per poder fer front a situacions com l\u2019actual, ja que d\u2019aquesta manera Catalunya gaudiria dels mateixos poders i possibilitats que la resta dels estats europeus i mundials per combatre la crisi. <\/div>\n<div align=\"justify\">El color antic i molt llarg de CiU es torna a manifestar avui amb declaracions del l\u00edder convergent a Madrid, declaracions que Mas ha fet al lloc on va cometre l\u2019error pol\u00edtic m\u00e9s gran de la seva carrera pol\u00edtica, ja que les ha fet des del lloc on va dormir quan va perpetrar la horripilant baixada de pantalons davant Zapatero.<br \/>Mas ha declarat que l\u2019estatut en gran part es va fer per poder obtenir el finan\u00e7ament necessari per Catalunya i per tant, per reduir de manera substancial el d\u00e8ficit fiscal que el pa\u00eds pateix. El l\u00edder de CiU ha declarat que l\u2019estat no compleix la llei. B\u00e9, no la compleix en quant a terminis, per\u00f2 com que el text \u00e9s tant ambigu, els espanyols b\u00e9 poden defensar que si que mantenen el que es va acordar a la negra nit del 21 de gener del 2006. Mas a m\u00e9s, i a l\u2019estil Tremosa, ha defensat el pacte de l\u2019estatut perqu\u00e8 s\u2019havia de &#8220;desencallar un Estatut que estava embarrancat&#8221;. Com deia aquell, equivocar-se \u00e9s d\u2019humans, per\u00f2 rectificar \u00e9s de savis. Es veu que el Mas, \u00e9s nom\u00e9s hum\u00e0.<\/div>\n<div align=\"justify\">De les paraules de Mas per\u00f2 tamb\u00e9 se\u2019n despr\u00e8n, i perdonin la demag\u00f2gia, que CiU s\u2019oferir\u00e0 a pactar, ara sense pantalons, el nou sistema de finan\u00e7ament ja que la negociaci\u00f3 est\u00e0 &#8220;embarrancada&#8221;. <\/div>\n<div align=\"justify\">En fi, que com deia el pintor de la fa\u00e7ana de Vilafranca, &#8220;hi ha taques que no marxen mai&#8221;, i la pr\u00f2pia de CiU \u00e9s aquesta, per m\u00e9s pintura que s\u2019hi posi a sobre.<\/div>\n<p><\/p>\n<div align=\"justify\"><\/div>\n<div align=\"justify\"><\/span><\/div>\n<div class=\"blogger-post-footer\"><img width='1' height='1' src='https:\/\/blogger.googleusercontent.com\/tracker\/2467933452740288616-6695836931365752614?l=peresabat.blogspot.com' alt='' \/><\/div>\n","protected":false},"excerpt":{"rendered":"<p>L\u2019altre dia passant per un dels carrers de Vilafranca em vaig fixar en les cases, n\u2019hi ha de grans i ben arreglades d\u2019aquestes que han anat guanyant terreny i que amb els nous temps s\u2019han anat fent, per\u00f2 continuen resistint el pas dels anys aquelles m\u00e9s estretes i allargassades tan caracter\u00edstiques d\u2019altres \u00e8poques passades. En&#8230;<\/p>\n","protected":false},"author":2,"featured_media":0,"comment_status":"open","ping_status":"open","sticky":false,"template":"","format":"standard","meta":{"footnotes":""},"categories":[26],"tags":[],"class_list":["post-580","post","type-post","status-publish","format-standard","hentry","category-uncategorized"],"_links":{"self":[{"href":"https:\/\/www.blocdelsabat.cat\/index.php?rest_route=\/wp\/v2\/posts\/580","targetHints":{"allow":["GET"]}}],"collection":[{"href":"https:\/\/www.blocdelsabat.cat\/index.php?rest_route=\/wp\/v2\/posts"}],"about":[{"href":"https:\/\/www.blocdelsabat.cat\/index.php?rest_route=\/wp\/v2\/types\/post"}],"author":[{"embeddable":true,"href":"https:\/\/www.blocdelsabat.cat\/index.php?rest_route=\/wp\/v2\/users\/2"}],"replies":[{"embeddable":true,"href":"https:\/\/www.blocdelsabat.cat\/index.php?rest_route=%2Fwp%2Fv2%2Fcomments&post=580"}],"version-history":[{"count":0,"href":"https:\/\/www.blocdelsabat.cat\/index.php?rest_route=\/wp\/v2\/posts\/580\/revisions"}],"wp:attachment":[{"href":"https:\/\/www.blocdelsabat.cat\/index.php?rest_route=%2Fwp%2Fv2%2Fmedia&parent=580"}],"wp:term":[{"taxonomy":"category","embeddable":true,"href":"https:\/\/www.blocdelsabat.cat\/index.php?rest_route=%2Fwp%2Fv2%2Fcategories&post=580"},{"taxonomy":"post_tag","embeddable":true,"href":"https:\/\/www.blocdelsabat.cat\/index.php?rest_route=%2Fwp%2Fv2%2Ftags&post=580"}],"curies":[{"name":"wp","href":"https:\/\/api.w.org\/{rel}","templated":true}]}}