{"id":582,"date":"2009-01-30T18:24:00","date_gmt":"2009-01-30T18:24:00","guid":{"rendered":"http:\/\/peresabat.wordpress.com\/2009\/01\/30\/el-petit-princep-i-els-sectors"},"modified":"2009-01-30T18:24:00","modified_gmt":"2009-01-30T18:24:00","slug":"el-petit-princep-i-els-sectors","status":"publish","type":"post","link":"https:\/\/www.blocdelsabat.cat\/?p=582","title":{"rendered":"El Petit Pr\u00edncep i els sectors"},"content":{"rendered":"<div align=\"justify\"><a href=\"http:\/\/peresabat.files.wordpress.com\/2009\/01\/petit-princep1.gif\"><img decoding=\"async\" alt=\"\" src=\"http:\/\/peresabat.files.wordpress.com\/2009\/01\/petit-princep1.gif?w=280\" border=\"0\" \/><\/a> <span style=\"font-family:arial;font-size:130%;\">Sovint quan es formen grups de gran quantitat de persones poden sorgir discrep\u00e0ncies entorn a la presa d\u2019alguna decisi\u00f3 o degut a un determinat objectiu. Quan aquest fet es produeix i hi ha una votaci\u00f3, sovint, el grup queda enquadrat en &#8220;sectors&#8221;. Des de fa algun temps aquesta paraula s\u2019ha estat utilitzant molts cops, per\u00f2 a veure: &#8220;sector&#8221;, primerament la paraula &#8220;sector&#8221; ja transmet visions negatives, qu\u00e8 vol dir &#8220;sector&#8221;? Sector de qu\u00e8? De qui?<\/span><span style=\"font-family:arial;font-size:130%;\"><\/div>\n<div align=\"justify\">Sovint s\u2019ha utilitzat la paraula per definir un grup que t\u00e9 alguna difer\u00e8ncia dins una col\u00b7lectivitat m\u00e9s gran. Catalunya \u00e9s un sector? No. Per tant cal aprofundir m\u00e9s. Sector potser es refereix que dins d\u2019un nucli bastant homogeni hi ha un cert grup que no acaba d\u2019estar d\u2019acord amb un\/s tema\/es amb la majoria, ergo, sector vol dir minoritari. <\/div>\n<div align=\"justify\">Feia temps que pensava sobre la utilitzaci\u00f3 del terme &#8220;sector&#8221; i sobretot en relaci\u00f3 a quan la utilitzem. Per exemple, quan es parla de Reagrupament Independentista, es diu que \u00e9s el &#8220;sector&#8221; cr\u00edtic d\u2019Esquerra o quan es feia refer\u00e8ncia a l\u2019Elefant Blau s\u2019estava referint a uns socis contraris al Nu\u00f1isme. En tot, aquests dos &#8220;sectors&#8221;, tot i ser minoritaris, estaven perfectament integrats en la col\u00b7lectivitat de la que formaven part, \u00e9s a dir, els objectius de RI s\u00f3n els mateixos que Esquerra tot i divergir en el ritme, o els membres de l\u2019Elefant Blau eren tan barcelonistes com els de la junta de Nu\u00f1ez tot i discrepar en com es gestionava el Bar\u00e7a. Aquest seria un tipus de sector, un sector minoritari, per\u00f2 que el fet de ser sector no \u00e9s per grans diverg\u00e8ncies sin\u00f3 per meres q\u00fcestions de gesti\u00f3.<\/div>\n<div align=\"justify\">En canvi, i pensant sobre l\u2019\u00fas de la paraula que ens ocupa, hi ha un altre tipus de sector. Aquests altres &#8220;sectors&#8221; mantenen la caracter\u00edstica de minoritari, ja que \u00e9s inherent al terme, per\u00f2 a m\u00e9s a m\u00e9s, a difer\u00e8ncia dels primers, les diverg\u00e8ncies s\u00f3n m\u00e9s profundes, ja que no tenen el mateix objectiu que la majoria de la col\u00b7lectivitat. Dins d\u2019aquest segon grup de &#8220;sectors&#8221; s\u2019hi podria trobar el &#8220;sector sobiranista&#8221; de CDC, minoritari, i tamb\u00e9 el &#8220;sector catalanista del PSC&#8221;.<br \/>Si el primer ja costa de veure, el segon \u00e9s que ja es podria donar per mort, \u00e9s a dir, que es nota menys que el Tamudo ahir al Camp Nou. Considerant que Tamudo no va jugar ni un minut, es pot entendre la gran transcend\u00e8ncia del &#8220;sector catalanista&#8221; del PSC.<\/div>\n<div align=\"justify\">Aquest sector, sobretot arran dels mitjans de comunicaci\u00f3, t\u00e9 diversos dirigents que per tradici\u00f3 sembla que pertanyin a aquest grup &#8220;catalanista&#8221;. Un dels abanderats d\u2019aquest sector \u00e9s el conseller d\u2019economia Antoni Castells. Si b\u00e9 \u00e9s cert que l\u2019acci\u00f3 pol\u00edtica del conseller en relaci\u00f3 a la negociaci\u00f3 del sistema de finan\u00e7ament \u00e9s correcte, fins al moment, \u00e9s m\u00e9s que possible que la fermesa demostrada no sigui tan per conviccions, sin\u00f3 m\u00e9s aviat perqu\u00e8 a can Nicaragua saben que dep\u00e8n de com acabi el tema del finan\u00e7ament el Govern pot estar en perill, ja que Esquerra no acceptar\u00e0 un mal acord.<br \/>Un altre dels que ha fet carrera amb l\u2019etiqueta de catalanista a l\u2019espatlla, \u00e9s i ha estat Raimon Obiols. Obiols \u00e9s qui sembla que mant\u00e9 l\u2019her\u00e8ncia de l\u2019\u00e0nima catalanista del PSC, una her\u00e8ncia que rep de Ravent\u00f3s, Pallach o Maragall.<br \/>Obiols a m\u00e9s ser\u00e0 novament el candidat del PSC, dins les llistes del PSOE, a les eleccions europees, i dins d\u2019aquest context ha demanat a Oriol Junqueras i al candidat de CiU que aparquin el discurs sobiranista per aquestes eleccions perqu\u00e8 <em>&#8220;no farem amics a Europa si posem sempre per davant reivindicacions identit\u00e0ries&#8221;,<\/em> a m\u00e9s que els ha demanat que <em>&#8220;no alcin massa la veu<\/em>&#8221; ni que defensin amb la m\u00e0xima energia l\u2019\u00fas del catal\u00e0 al Parlament Europeu, ja que aix\u00f2 s\u2019ha de fer amb intel\u00b7lig\u00e8ncia per anar fent evolucionar les coses. I ha acabat la traca defensant que la lluita pel catal\u00e0 l\u2019han de fer tots units. <\/div>\n<div align=\"justify\">T\u00e9 gr\u00e0cia que alg\u00fa que ha estat vice-president del Parlament Europeu digui que s\u2019ha d\u2019anar lluitant amb intel\u00b7lig\u00e8ncia fins que s\u2019aconsegueixi parlar en catal\u00e0 al legislatiu europeu, deu ser que t\u00e9 un baix concepte de la seva capacitat mental. En segon terme, seria positiu desmitificar la paraula &#8220;unitat&#8221;, ja que la unitat \u00e9s positiva per\u00f2 nom\u00e9s quan \u00e9s en pro d\u2019aconseguir quelcom important, i no com pret\u00e9n Obiols per fossilitzar la situaci\u00f3 actual. Tercer, qu\u00e8 carai vol dir que no alcin massa la veu en les reivindicacions identit\u00e0ries? Vol dir que no s\u2019ha de reclamar que la democr\u00e0cia es pugui fer servir a Catalunya? Vol dir que no es reclami que es pugui preguntar als catalans qu\u00e8 volen ser? I a m\u00e9s, qu\u00e8 ent\u00e9n per identit\u00e0ries? Demanar infrastructures decents \u00e9s indetit\u00e0ri? Demanar que l\u2019aeroport del Prat sigui intercontinental \u00e9s identit\u00e0ri? <\/div>\n<div align=\"justify\">En fi, que el senyor Obiols amb declaracions com aquestes demostra, per en\u00e8sima vegada, que el &#8220;sector&#8221; catalanista del PSC, a m\u00e9s de minoritari, \u00e9s tan real com el Petit Pr\u00edncep, \u00e9s a dir, que nom\u00e9s ho \u00e9s en la imaginaci\u00f3 d\u2019un nen.<\/div>\n<div align=\"justify\"> <\/div>\n<p><\/span><\/p>\n<div class=\"blogger-post-footer\"><img width='1' height='1' src='https:\/\/blogger.googleusercontent.com\/tracker\/2467933452740288616-2958948286322240066?l=peresabat.blogspot.com' alt='' \/><\/div>\n","protected":false},"excerpt":{"rendered":"<p>Sovint quan es formen grups de gran quantitat de persones poden sorgir discrep\u00e0ncies entorn a la presa d\u2019alguna decisi\u00f3 o degut a un determinat objectiu. Quan aquest fet es produeix i hi ha una votaci\u00f3, sovint, el grup queda enquadrat en &#8220;sectors&#8221;. Des de fa algun temps aquesta paraula s\u2019ha estat utilitzant molts cops, per\u00f2&#8230;<\/p>\n","protected":false},"author":2,"featured_media":0,"comment_status":"open","ping_status":"open","sticky":false,"template":"","format":"standard","meta":{"footnotes":""},"categories":[26],"tags":[],"class_list":["post-582","post","type-post","status-publish","format-standard","hentry","category-uncategorized"],"_links":{"self":[{"href":"https:\/\/www.blocdelsabat.cat\/index.php?rest_route=\/wp\/v2\/posts\/582","targetHints":{"allow":["GET"]}}],"collection":[{"href":"https:\/\/www.blocdelsabat.cat\/index.php?rest_route=\/wp\/v2\/posts"}],"about":[{"href":"https:\/\/www.blocdelsabat.cat\/index.php?rest_route=\/wp\/v2\/types\/post"}],"author":[{"embeddable":true,"href":"https:\/\/www.blocdelsabat.cat\/index.php?rest_route=\/wp\/v2\/users\/2"}],"replies":[{"embeddable":true,"href":"https:\/\/www.blocdelsabat.cat\/index.php?rest_route=%2Fwp%2Fv2%2Fcomments&post=582"}],"version-history":[{"count":0,"href":"https:\/\/www.blocdelsabat.cat\/index.php?rest_route=\/wp\/v2\/posts\/582\/revisions"}],"wp:attachment":[{"href":"https:\/\/www.blocdelsabat.cat\/index.php?rest_route=%2Fwp%2Fv2%2Fmedia&parent=582"}],"wp:term":[{"taxonomy":"category","embeddable":true,"href":"https:\/\/www.blocdelsabat.cat\/index.php?rest_route=%2Fwp%2Fv2%2Fcategories&post=582"},{"taxonomy":"post_tag","embeddable":true,"href":"https:\/\/www.blocdelsabat.cat\/index.php?rest_route=%2Fwp%2Fv2%2Ftags&post=582"}],"curies":[{"name":"wp","href":"https:\/\/api.w.org\/{rel}","templated":true}]}}