{"id":591,"date":"2009-02-06T18:21:00","date_gmt":"2009-02-06T18:21:00","guid":{"rendered":"http:\/\/peresabat.wordpress.com\/2009\/02\/06\/el-perque-de-ser-al-govern"},"modified":"2009-02-06T18:21:00","modified_gmt":"2009-02-06T18:21:00","slug":"el-perque-de-ser-al-govern","status":"publish","type":"post","link":"https:\/\/www.blocdelsabat.cat\/?p=591","title":{"rendered":"El perqu\u00e8 de ser al Govern"},"content":{"rendered":"<p><a href=\"http:\/\/peresabat.files.wordpress.com\/2009\/02\/esquerra-logo1.jpg\"><img decoding=\"async\" alt=\"\" src=\"http:\/\/peresabat.files.wordpress.com\/2009\/02\/esquerra-logo1.jpg?w=300\" border=\"0\" \/><\/a><\/p>\n<div align=\"justify\"><span style=\"font-family:arial;font-size:130%;\">&#8220;El Parlament podr\u00e0 convocar consultes&#8221;. Aix\u00ed ha titulat el diari AVUI la noticia de qu\u00e8, per fi, la llei de consultes populars per via de refer\u00e8ndum ser\u00e0 aprovada d\u2019aqu\u00ed poc temps pel Consell Executiu de la Generalitat.<\/span><\/div>\n<p><span style=\"font-family:arial;font-size:130%;\"><\/p>\n<div align=\"justify\">Aquest \u00e9s un \u00e8xit realment important, i \u00e9s evidentment un \u00e8xit d\u2019Esquerra, i a m\u00e9s \u00e9s un \u00e8xit que nom\u00e9s es pot produir des del Govern. Estic aqu\u00ed defensant sense matisos la pres\u00e8ncia de l\u2019independentisme al Govern? No, sincerament considero que l\u2019independentisme democr\u00e0tic nom\u00e9s ha de ser al govern quan pugui portar endavant el seu projecte, quan pugui transformar la societat, perqu\u00e8 per entendre\u2019ns, per governar i que tot segueixi igual ja hi ha el PSC o CiU. En general per\u00f2, aquest no \u00e9s el cas el govern actual, tot i aix\u00ed, aix\u00f2 no exclou que des del Govern es facin coses i que es facin b\u00e9, com aquesta.<\/div>\n<div align=\"justify\">La veritat que la not\u00edcia de l\u2019aprovaci\u00f3, d\u2019aqu\u00ed poc, de la llei \u00e9s un element que permet, una mica, justificar el paper d\u2019Esquerra al Govern. No es descobrir\u00e0 res a ning\u00fa si es diu que sense Esquerra al Govern aquesta llei no s\u2019hagu\u00e9s aprovat mai, per tant en aquest punt Esquerra justifica la seva pres\u00e8ncia al Govern. <\/div>\n<div align=\"justify\">Aquesta llei de consultes ha de servir primordialment perqu\u00e8 quan arribi el moment adequat els ciutadans de Catalunya es puguin manifestar sobre si volen ser un estat dins la Uni\u00f3 Europea o continuar sent quatre prov\u00edncies. Per\u00f2 aquesta llei tamb\u00e9 ha de servir per preguntar al poble si vol que la Generalitat tingui el concert econ\u00f2mic o el que sigui. En definitiva ser\u00e0 una mesura per aprofundir en la pr\u00e0ctica democr\u00e0tica. <\/div>\n<div align=\"justify\">L\u2019aprovaci\u00f3 de la llei de consultes \u00e9s una mostra que l\u2019independentisme governamental, quan vol, \u00e9s perfectament viable i efica\u00e7, demostra que quan s\u2019actua desacomplexadament s\u2019aconsegueixen coses, aven\u00e7os significatius. Esquerra al govern necessita m\u00e9s lleis de consultes, necessita actuar d\u2019aquesta manera, amb convicci\u00f3, amb fermesa i amb efic\u00e0cia. Esquerra t\u00e9 un bon projecte, un projecte gran, un projecte que espanta molta gent i que a vegades pot sembla impossible, per\u00f2 actuant tal i com s\u2019ha fet amb la llei de consultes ser\u00e0 un projecte real. El problema \u00e9s per\u00f2, quan la llei de consultes \u00e9s nom\u00e9s la flor en l\u2019immens prat, i ja se sap qu\u00e8 es diu: &#8220;una flor no fa estiu&#8221;.<\/div>\n<div align=\"justify\"> <\/div>\n<p><\/span><\/p>\n<div class=\"blogger-post-footer\"><img width='1' height='1' src='https:\/\/blogger.googleusercontent.com\/tracker\/2467933452740288616-3660366810350223843?l=peresabat.blogspot.com' alt='' \/><\/div>\n","protected":false},"excerpt":{"rendered":"<p>&#8220;El Parlament podr\u00e0 convocar consultes&#8221;. Aix\u00ed ha titulat el diari AVUI la noticia de qu\u00e8, per fi, la llei de consultes populars per via de refer\u00e8ndum ser\u00e0 aprovada d\u2019aqu\u00ed poc temps pel Consell Executiu de la Generalitat. Aquest \u00e9s un \u00e8xit realment important, i \u00e9s evidentment un \u00e8xit d\u2019Esquerra, i a m\u00e9s \u00e9s un \u00e8xit&#8230;<\/p>\n","protected":false},"author":2,"featured_media":0,"comment_status":"open","ping_status":"open","sticky":false,"template":"","format":"standard","meta":{"footnotes":""},"categories":[26],"tags":[],"class_list":["post-591","post","type-post","status-publish","format-standard","hentry","category-uncategorized"],"_links":{"self":[{"href":"https:\/\/www.blocdelsabat.cat\/index.php?rest_route=\/wp\/v2\/posts\/591","targetHints":{"allow":["GET"]}}],"collection":[{"href":"https:\/\/www.blocdelsabat.cat\/index.php?rest_route=\/wp\/v2\/posts"}],"about":[{"href":"https:\/\/www.blocdelsabat.cat\/index.php?rest_route=\/wp\/v2\/types\/post"}],"author":[{"embeddable":true,"href":"https:\/\/www.blocdelsabat.cat\/index.php?rest_route=\/wp\/v2\/users\/2"}],"replies":[{"embeddable":true,"href":"https:\/\/www.blocdelsabat.cat\/index.php?rest_route=%2Fwp%2Fv2%2Fcomments&post=591"}],"version-history":[{"count":0,"href":"https:\/\/www.blocdelsabat.cat\/index.php?rest_route=\/wp\/v2\/posts\/591\/revisions"}],"wp:attachment":[{"href":"https:\/\/www.blocdelsabat.cat\/index.php?rest_route=%2Fwp%2Fv2%2Fmedia&parent=591"}],"wp:term":[{"taxonomy":"category","embeddable":true,"href":"https:\/\/www.blocdelsabat.cat\/index.php?rest_route=%2Fwp%2Fv2%2Fcategories&post=591"},{"taxonomy":"post_tag","embeddable":true,"href":"https:\/\/www.blocdelsabat.cat\/index.php?rest_route=%2Fwp%2Fv2%2Ftags&post=591"}],"curies":[{"name":"wp","href":"https:\/\/api.w.org\/{rel}","templated":true}]}}