{"id":593,"date":"2009-02-07T09:22:00","date_gmt":"2009-02-07T09:22:00","guid":{"rendered":"http:\/\/peresabat.wordpress.com\/2009\/02\/07\/finestra-oberta-galicia-primer-round"},"modified":"2009-02-07T09:22:00","modified_gmt":"2009-02-07T09:22:00","slug":"finestra-oberta-galicia-primer-round","status":"publish","type":"post","link":"https:\/\/www.blocdelsabat.cat\/?p=593","title":{"rendered":"Finestra Oberta: Gal\u00edcia; primer round"},"content":{"rendered":"<p><a href=\"http:\/\/peresabat.files.wordpress.com\/2009\/02\/galicia-bandera2.png\"><img decoding=\"async\" alt=\"\" src=\"http:\/\/peresabat.files.wordpress.com\/2009\/02\/galicia-bandera2.png?w=300\" border=\"0\" \/><\/a><\/p>\n<div align=\"justify\"><span style=\"font-family:arial;font-size:130%;\">L\u20191 de mar\u00e7 de 2009 ser\u00e0 una data fonamental en la pol\u00edtica estatal ja que se celebraran les eleccions auton\u00f2miques a Gal\u00edcia.Aquestes eleccions seran rellevats no nom\u00e9s pel fet de tractar-se d\u2019una Comunitat hist\u00f2rica o pels ajustats resultats de fa 4 anys, sin\u00f3 tamb\u00e9 perqu\u00e8 ser\u00e0 el primer escenari electoral post 9 de mar\u00e7, on el nou PP de Mariano Rajoy i el PSOE dirimiran les seves forces.El Partit Popular presentar\u00e0 com a cap de llista Alberto Nu\u00f1ez Feijoo, un candidat que implica una imatge de modernitat, frescor i de trencament amb el passat que representava Manuel Fraga. Tot i aix\u00f2, ha estat acusat des de diversos sectors com un pol\u00edtic acomplexat i incapa\u00e7 de conquerir l\u2019espai del centredreta gallec. <\/span><\/div>\n<p><span style=\"font-family:arial;font-size:130%;\"><\/p>\n<div align=\"justify\">Despr\u00e9s d\u2019un inici de legislatura complicat i d\u2019enquestes molt desfavorables, Feijoo ha anat remuntant i recuperant terreny fins al punt que les enquestes li atorguen unes previsions bastant semblants a les de Fraga al 2005. Fraga va quedar-se a un sol esc\u00f3 de la seva cinquena majoria absoluta consecutiva.<\/div>\n<p><\/p>\n<div align=\"justify\">Per la seva part, la coalici\u00f3 de govern PSdG-BNG presidida pel socialista P\u00e9rez Touri\u00f1o es presenta a les eleccions amb les possibilitats intactes de tornar a repetir pacte de govern. Despr\u00e9s d\u2019un inici de mandat amb vent a favor on fins i tot el PSdG (Partido dos Socialistas de Galicia) disposava de major intenci\u00f3 de vot que el populars, l\u2019expansi\u00f3 dels socialistes ha anat apagant-se mentre que la crisi econ\u00f2mica i les cont\u00ednues picabaralles a la coalici\u00f3 han fet la resta.<\/div>\n<p><\/p>\n<div align=\"justify\">Els nacionalistes gallecs (BNG) per la seva banda, liderats per Anxo Quintana han registrat en les \u00faltimes enquestes un augment significatiu de la seva intenci\u00f3 de vot en detriment del PSdG.I tampoc seria convenient oblidar al partit UPyD amb opcions de disputar-li un esc\u00f3 a les forces del bipartit que podria acabar sent clau per la futura governabilitat de la Comunitat.<\/div>\n<p><\/p>\n<div align=\"justify\">En conclusi\u00f3, Gal\u00edcia viu un panorama for\u00e7a incert respecte els resultats de les eleccions. Tot \u00e9s possible, les difer\u00e8ncies cada cop s\u00f3n m\u00e9s redu\u00efdes i tot sembla indicar que els indecisos i el vot gallec des de l\u2019Argentina acabaran decantant la balan\u00e7a d\u2019un costat o d\u2019un altre.<\/div>\n<div align=\"justify\">A m\u00e9s, aquestes eleccions seran el primer &#8220;round&#8221; en clau espanyola entre PSOE i PP. Suposaran un important punt d\u2019inflexi\u00f3 en una lluita que acabar\u00e0 per decidir-se despr\u00e9s de les eleccions basques (tamb\u00e9 celebrades l\u20191 de mar\u00e7) i les europees del juny.<\/div>\n<p><\/p>\n<div align=\"justify\">Aquestes tres cites electorals determinaran la for\u00e7a real de Rajoy dins del PP unit al seu futur com a president del partit, per\u00f2 tamb\u00e9 serviran per fer un primer diagn\u00f2stic sobre si la crisi ha suposat un greu o lleu desgast a l\u2019executiu de Zapatero.<\/div>\n<p><\/p>\n<div align=\"right\"><em><span style=\"font-family:courier new;\">post realitzat per Andreu Marin<\/span><\/em><\/div>\n<div align=\"right\"><\/span><\/div>\n<div class=\"blogger-post-footer\"><img width='1' height='1' src='https:\/\/blogger.googleusercontent.com\/tracker\/2467933452740288616-6667509866062641883?l=peresabat.blogspot.com' alt='' \/><\/div>\n","protected":false},"excerpt":{"rendered":"<p>L\u20191 de mar\u00e7 de 2009 ser\u00e0 una data fonamental en la pol\u00edtica estatal ja que se celebraran les eleccions auton\u00f2miques a Gal\u00edcia.Aquestes eleccions seran rellevats no nom\u00e9s pel fet de tractar-se d\u2019una Comunitat hist\u00f2rica o pels ajustats resultats de fa 4 anys, sin\u00f3 tamb\u00e9 perqu\u00e8 ser\u00e0 el primer escenari electoral post 9 de mar\u00e7, on&#8230;<\/p>\n","protected":false},"author":2,"featured_media":0,"comment_status":"open","ping_status":"open","sticky":false,"template":"","format":"standard","meta":{"footnotes":""},"categories":[26],"tags":[],"class_list":["post-593","post","type-post","status-publish","format-standard","hentry","category-uncategorized"],"_links":{"self":[{"href":"https:\/\/www.blocdelsabat.cat\/index.php?rest_route=\/wp\/v2\/posts\/593","targetHints":{"allow":["GET"]}}],"collection":[{"href":"https:\/\/www.blocdelsabat.cat\/index.php?rest_route=\/wp\/v2\/posts"}],"about":[{"href":"https:\/\/www.blocdelsabat.cat\/index.php?rest_route=\/wp\/v2\/types\/post"}],"author":[{"embeddable":true,"href":"https:\/\/www.blocdelsabat.cat\/index.php?rest_route=\/wp\/v2\/users\/2"}],"replies":[{"embeddable":true,"href":"https:\/\/www.blocdelsabat.cat\/index.php?rest_route=%2Fwp%2Fv2%2Fcomments&post=593"}],"version-history":[{"count":0,"href":"https:\/\/www.blocdelsabat.cat\/index.php?rest_route=\/wp\/v2\/posts\/593\/revisions"}],"wp:attachment":[{"href":"https:\/\/www.blocdelsabat.cat\/index.php?rest_route=%2Fwp%2Fv2%2Fmedia&parent=593"}],"wp:term":[{"taxonomy":"category","embeddable":true,"href":"https:\/\/www.blocdelsabat.cat\/index.php?rest_route=%2Fwp%2Fv2%2Fcategories&post=593"},{"taxonomy":"post_tag","embeddable":true,"href":"https:\/\/www.blocdelsabat.cat\/index.php?rest_route=%2Fwp%2Fv2%2Ftags&post=593"}],"curies":[{"name":"wp","href":"https:\/\/api.w.org\/{rel}","templated":true}]}}