{"id":601,"date":"2009-02-13T18:16:00","date_gmt":"2009-02-13T18:16:00","guid":{"rendered":"http:\/\/peresabat.wordpress.com\/2009\/02\/13\/zapatero-no-es-obama"},"modified":"2009-02-13T18:16:00","modified_gmt":"2009-02-13T18:16:00","slug":"zapatero-no-es-obama","status":"publish","type":"post","link":"https:\/\/www.blocdelsabat.cat\/?p=601","title":{"rendered":"Zapatero no \u00e9s Obama"},"content":{"rendered":"<p><a href=\"http:\/\/peresabat.files.wordpress.com\/2009\/02\/zpopins1.jpg\"><img decoding=\"async\" alt=\"\" src=\"http:\/\/peresabat.files.wordpress.com\/2009\/02\/zpopins1.jpg?w=219\" border=\"0\" \/><\/a><\/p>\n<div align=\"justify\"><span style=\"font-family:arial;font-size:130%;\">Durant la setmana de la presa de possessi\u00f3 com a President que va celebrar Barack Obama, al Regne d\u2019Espanya el que m\u00e9s es repetia, almenys en una certa premsa, era la pretesa semblan\u00e7a entre el mandatari americ\u00e0 i el jutge-president espanyol. Tot i els esfor\u00e7os i els rius de tinta que aquests mitjans van abocar per tal d\u2019inundar tot el que poguessin amb la &#8220;broma&#8221; de qu\u00e8 Zapatero i Obama s\u2019assemblaven, els fet ens porten a dir tot el contrari. <\/span><\/div>\n<p><span style=\"font-family:arial;font-size:130%;\"><\/p>\n<div align=\"justify\">A veure, \u00e9s cert que hi ha algunes coincid\u00e8ncies que s\u00f3n divertides, com per exemple que es porten exactament un any de difer\u00e8ncia ja que van n\u00e9ixer al mateix dia, la forma d\u2019arribar al poder just despr\u00e8s de vuit anys de conservadorisme dret\u00e0 o plantejar un programa de canvi profund. <\/div>\n<div align=\"justify\">Per\u00f2 aqu\u00ed acaben les semblances. Zapatero s\u2019ha caracteritzat per ser un President banal, un President que sempre diu el que la gent del voltant vol sentir. Que toca dir <em>&#8220;apoyar\u00e9 el estatuto que apruebe el Parlamento de Catalunya<\/em>&#8220;, doncs es diu encara que despr\u00e8s es faci tot el contrari. El projecte de Zapatero ha estat des de sempre envoltat d\u2019un fum esp\u00e8s que no permetia veure els fonaments del projecte. S\u2019ha pogut comprovar amb el temps, que els fonaments eren del mateix fum.<br \/>Obama \u00e9s cert tamb\u00e9 ha venut fum durant la campanya, per\u00f2 un fum diferent. El fum d\u2019Obama t\u00e9 fonaments s\u00f2lids, a m\u00e9s el seu discurs no es basa en dir a cada lloc i a cada persona el que vol sentir, sin\u00f3 que el fum d\u2019Obama s\u2019ha basat en donar esperan\u00e7a i retornar la il\u00b7lusi\u00f3 al seu poble, una esperan\u00e7a i una il\u00b7lusi\u00f3 fonamentada en un projecte de canvi i edificat damunt el gran patriotisme nord americ\u00e0. El projecte de Zapatero encara ara no se sap exactament quin \u00e9s. Va comen\u00e7ar sent &#8220;l\u2019espanya federal&#8221;, despr\u00e8s va passar a ser &#8220;<em>el proceso de armonizaci\u00f3n auton\u00f3mica&#8221;<\/em> o &#8220;<em>la espa\u00f1a plural<\/em>&#8221; i ara acaba amb &#8220;<em>la espa\u00f1a abierta<\/em>&#8220;. En fi, un rumb sense tim\u00f3. <\/div>\n<div align=\"justify\">Obama tot i el fum venut, quan encara no fa ni un mes que \u00e9s President ja ha comen\u00e7at a donar mostres de qu\u00e8 el seu projecte no era nom\u00e9s ret\u00f2rica. Es pot esgrimir que les pol\u00edtiques que s\u2019han dut a terme no eren exactament les que prometia el President durant la campanya, \u00e9s cert. Per\u00f2 no \u00e9s menys cert de qu\u00e8 Obama s\u2019ha trobat un Senat on els republicans encara tenen la possibilitat de fer embarrancar les iniciatives legislatives presidencials com \u00e9s actualment el pla d\u2019est\u00edmul econ\u00f2mic. <\/div>\n<div align=\"justify\">Obama en un mes ja s\u2019ha posat a treballar. Primerament va aprovar el tancament abans d\u2019un any de la pres\u00f3 il\u00b7legal de Guant\u00e1namo, tamb\u00e9 va tirar endavant les normes \u00e8tiques que han de guiar la seva administraci\u00f3 o tamb\u00e9 va impulsar l\u2019aprovaci\u00f3 de tot un pla per combatre el canvi clim\u00e0tic.<br \/>Obama per\u00f2, a m\u00e9s d\u2019aquestes iniciatives est\u00e0 tirant endavant un dels temes m\u00e9s ambiciosos del seu mandat, un tema en el qual tots els presidents dem\u00f2crates han fracassat anteriorment. La reforma sanit\u00e0ria. Aquest \u00e9s un dels temes m\u00e9s complicats que Obama haur\u00e0 de fer front en els primers quatre anys del seu mandat. Obama va prometre que reformaria la sanitat i que aquesta reforma aniria encarada a incloure a milions d\u2019americans que avui no es poden pagar l\u2019asseguran\u00e7a privada i que per tant, viuen sense la possibilitat d\u2019una bona atenci\u00f3 m\u00e8dica.<\/div>\n<div align=\"justify\">Obama ja ha comen\u00e7at, a poc a poc, per\u00f2 sense pausa ni vacil\u00b7laci\u00f3. El President va aprovar pocs dies despr\u00e8s d\u2019arribar a la Casa Blanca l\u2019implementaci\u00f3 d\u2019una cobertura sanit\u00e0ria que afectar\u00e0 a milers, milers i milers de nens sense recursos. <\/div>\n<div align=\"justify\">En definitiva, que mentre un ha fet de la mentida i l\u2019engany la base de la seva pr\u00e0ctica pol\u00edtica, l\u2019altre a base de treball, seriositat i pragmatisme avan\u00e7a cap a la consecuci\u00f3 del seu programa.<\/div>\n<div align=\"justify\">Zapatero, per desgr\u00e0cia seva i d\u2019Espanya, no \u00e9s Obama, per\u00f2 Obama, per sort seva i del m\u00f3n, no \u00e9s Zapatero.<\/div>\n<div align=\"justify\"> <\/div>\n<p><\/span><\/p>\n<div class=\"blogger-post-footer\"><img width='1' height='1' src='https:\/\/blogger.googleusercontent.com\/tracker\/2467933452740288616-7373939442461295767?l=peresabat.blogspot.com' alt='' \/><\/div>\n","protected":false},"excerpt":{"rendered":"<p>Durant la setmana de la presa de possessi\u00f3 com a President que va celebrar Barack Obama, al Regne d\u2019Espanya el que m\u00e9s es repetia, almenys en una certa premsa, era la pretesa semblan\u00e7a entre el mandatari americ\u00e0 i el jutge-president espanyol. Tot i els esfor\u00e7os i els rius de tinta que aquests mitjans van abocar&#8230;<\/p>\n","protected":false},"author":2,"featured_media":0,"comment_status":"open","ping_status":"open","sticky":false,"template":"","format":"standard","meta":{"footnotes":""},"categories":[26],"tags":[],"class_list":["post-601","post","type-post","status-publish","format-standard","hentry","category-uncategorized"],"_links":{"self":[{"href":"https:\/\/www.blocdelsabat.cat\/index.php?rest_route=\/wp\/v2\/posts\/601","targetHints":{"allow":["GET"]}}],"collection":[{"href":"https:\/\/www.blocdelsabat.cat\/index.php?rest_route=\/wp\/v2\/posts"}],"about":[{"href":"https:\/\/www.blocdelsabat.cat\/index.php?rest_route=\/wp\/v2\/types\/post"}],"author":[{"embeddable":true,"href":"https:\/\/www.blocdelsabat.cat\/index.php?rest_route=\/wp\/v2\/users\/2"}],"replies":[{"embeddable":true,"href":"https:\/\/www.blocdelsabat.cat\/index.php?rest_route=%2Fwp%2Fv2%2Fcomments&post=601"}],"version-history":[{"count":0,"href":"https:\/\/www.blocdelsabat.cat\/index.php?rest_route=\/wp\/v2\/posts\/601\/revisions"}],"wp:attachment":[{"href":"https:\/\/www.blocdelsabat.cat\/index.php?rest_route=%2Fwp%2Fv2%2Fmedia&parent=601"}],"wp:term":[{"taxonomy":"category","embeddable":true,"href":"https:\/\/www.blocdelsabat.cat\/index.php?rest_route=%2Fwp%2Fv2%2Fcategories&post=601"},{"taxonomy":"post_tag","embeddable":true,"href":"https:\/\/www.blocdelsabat.cat\/index.php?rest_route=%2Fwp%2Fv2%2Ftags&post=601"}],"curies":[{"name":"wp","href":"https:\/\/api.w.org\/{rel}","templated":true}]}}