{"id":609,"date":"2009-02-19T17:39:00","date_gmt":"2009-02-19T17:39:00","guid":{"rendered":"http:\/\/peresabat.wordpress.com\/2009\/02\/19\/euskadi-a-la-cruilla-de-la-campanya"},"modified":"2009-02-19T17:39:00","modified_gmt":"2009-02-19T17:39:00","slug":"euskadi-a-la-cruilla-de-la-campanya","status":"publish","type":"post","link":"https:\/\/www.blocdelsabat.cat\/?p=609","title":{"rendered":"Euskadi a la cru\u00eflla de la campanya"},"content":{"rendered":"<p><a href=\"http:\/\/peresabat.files.wordpress.com\/2009\/02\/ikurrina2.jpg\"><img decoding=\"async\" alt=\"\" src=\"http:\/\/peresabat.files.wordpress.com\/2009\/02\/ikurrina2.jpg?w=300\" border=\"0\" \/><\/a><\/p>\n<div align=\"justify\"><span style=\"font-family:arial;font-size:130%;\">La campanya electoral a Euskadi porta una setmana justa en acci\u00f3 i es confirma que la tranquil\u00b7litat \u00e9s la nota predominant per aquells que esperen poder governar, i\/o guanyar, les eleccions de l\u20191 de mar\u00e7. PNV i PSE-EE estan desenvolupant una campanya de perfil baix, basada en proclames suaus de m\u00e9s autogovern i en erigir-se com als millors gestors en temps de crisi. <\/span><\/div>\n<p><span style=\"font-family:arial;font-size:130%;\"><\/p>\n<div align=\"justify\">El PNV ha amagat tota refer\u00e8ncia a la consulta popular per l\u2019autodeterminaci\u00f3 que, tot i figurar en el programa, brilla per la seva abs\u00e8ncia en tots els actes electorals. La ra\u00f3 \u00e9s molt senzilla, i obeeix a necessitats electorals. Un partit el que mai pot fer \u00e9s presentar-se en unes eleccions amb la proposta estrella fracassada, i la consulta ha estat un aut\u00e8ntic frac\u00e0s. Qui si que fa \u00fas de la consulta en campanya \u00e9s Eusko Alkartasuna, un partit que necessita mobilitzar l\u2019electorat independentista basc per poder assegurar-se un bon resultat, a m\u00e9s, l\u2019electorat del PNV \u00e9s molt transversal nacionalment, ja que s\u2019hi pot trobar des d\u2019un autonomista com Josu Jon Imaz a un independentista com Joseba Egibar, en canvi l\u2019electorat de EA \u00e9s netament independentista i per tant m\u00e9s procliu a mobilitzar-se a partir de la consulta i al desig de ser independents.<\/div>\n<div align=\"justify\">La campanya electoral es troba lluny de la del 2005 i m\u00e9s encara de la del 2001, quan es van enfrontar dos blocs perfectament definits i on la possibilitat de qu\u00e8 els nacional-constitucionalistes (PP i PSOE) arribessin al poder de Gasteiz era una opci\u00f3 real, fet que va provocar una mobilitzaci\u00f3 record dels basquistes que va impedir un pacte espanyolista. <\/div>\n<div align=\"justify\">Patxi L\u00f3pez no para de repetir que ell est\u00e0 a favor d\u2019incrementar l\u2019autogovern del Pa\u00eds Basc, alhora que tampoc es cansa de repetir que no vol pactar amb el PP. Tot i aix\u00ed el candidat socialista fa pin\u00e7a amb el PP per presentar un Ibarretxe radical i allunyat dels problemes de la societat i allunyar-lo de l\u2019Ibarretxe de la gesti\u00f3, una imatge que el PNV est\u00e0 repartint a tot arreu on pot.<br \/>Per la seva part, tant PNV com EA avisen sobre un possible pacte espanyolista a tres bandes entre el PSE-EE, el PP i la UPyD de Rosa D\u00edaz, repetint una estrat\u00e8gia que va donar bons resultats el 2005 i sobretot al 2001. El PP per\u00f2, intenta retenir el vot m\u00e9s espanyolista atiant la q\u00fcesti\u00f3 ling\u00fc\u00edstica per frenar la fugida de vots cap a UPyD, a m\u00e9s que intenta colar la possibilitat de qu\u00e8 el PSE-EE i el PNV formin una gran coalici\u00f3 com al 1986, per intentar esgarrapar el vot espanyolista dels socialistes. <\/div>\n<div align=\"justify\">Per \u00faltim, durant aquesta setmana tamb\u00e9 es pot observar que tant EA com Aralar intenten posar m\u00e0 a la bossa de vots de Batasuna amb programes assumibles, menys la condemna de la viol\u00e8ncia, per l\u2019esquerra abertzale en un intent, ja es veur\u00e0 si amb \u00e8xit de permetre que les tesis independentistes es mantinguin al Parlament. <\/div>\n<div align=\"justify\">En resum, la campanya basca avan\u00e7a amb proclames en contra d\u2019algun possible pacte m\u00e9s que no pas amb cap gran projecte pel pa\u00eds. Si se suma aquest fet a la crisi que afecta actualment el conjunt d\u2019Occident, es refor\u00e7a m\u00e9s encara la idea d\u2019una campanya basada en gesti\u00f3 m\u00e9s que no pas aquella estructurada en projectes a llarg termini. <\/div>\n<div align=\"justify\">La soluci\u00f3 de tot plegat, el pr\u00f2xim diumenge 1 de mar\u00e7.<\/div>\n<div align=\"justify\"> <\/div>\n<p><\/span><\/p>\n<div class=\"blogger-post-footer\"><img width='1' height='1' src='https:\/\/blogger.googleusercontent.com\/tracker\/2467933452740288616-4944924276284506391?l=peresabat.blogspot.com' alt='' \/><\/div>\n","protected":false},"excerpt":{"rendered":"<p>La campanya electoral a Euskadi porta una setmana justa en acci\u00f3 i es confirma que la tranquil\u00b7litat \u00e9s la nota predominant per aquells que esperen poder governar, i\/o guanyar, les eleccions de l\u20191 de mar\u00e7. PNV i PSE-EE estan desenvolupant una campanya de perfil baix, basada en proclames suaus de m\u00e9s autogovern i en erigir-se&#8230;<\/p>\n","protected":false},"author":2,"featured_media":0,"comment_status":"open","ping_status":"open","sticky":false,"template":"","format":"standard","meta":{"footnotes":""},"categories":[26],"tags":[],"class_list":["post-609","post","type-post","status-publish","format-standard","hentry","category-uncategorized"],"_links":{"self":[{"href":"https:\/\/www.blocdelsabat.cat\/index.php?rest_route=\/wp\/v2\/posts\/609","targetHints":{"allow":["GET"]}}],"collection":[{"href":"https:\/\/www.blocdelsabat.cat\/index.php?rest_route=\/wp\/v2\/posts"}],"about":[{"href":"https:\/\/www.blocdelsabat.cat\/index.php?rest_route=\/wp\/v2\/types\/post"}],"author":[{"embeddable":true,"href":"https:\/\/www.blocdelsabat.cat\/index.php?rest_route=\/wp\/v2\/users\/2"}],"replies":[{"embeddable":true,"href":"https:\/\/www.blocdelsabat.cat\/index.php?rest_route=%2Fwp%2Fv2%2Fcomments&post=609"}],"version-history":[{"count":0,"href":"https:\/\/www.blocdelsabat.cat\/index.php?rest_route=\/wp\/v2\/posts\/609\/revisions"}],"wp:attachment":[{"href":"https:\/\/www.blocdelsabat.cat\/index.php?rest_route=%2Fwp%2Fv2%2Fmedia&parent=609"}],"wp:term":[{"taxonomy":"category","embeddable":true,"href":"https:\/\/www.blocdelsabat.cat\/index.php?rest_route=%2Fwp%2Fv2%2Fcategories&post=609"},{"taxonomy":"post_tag","embeddable":true,"href":"https:\/\/www.blocdelsabat.cat\/index.php?rest_route=%2Fwp%2Fv2%2Ftags&post=609"}],"curies":[{"name":"wp","href":"https:\/\/api.w.org\/{rel}","templated":true}]}}