{"id":623,"date":"2009-02-28T15:04:00","date_gmt":"2009-02-28T15:04:00","guid":{"rendered":"http:\/\/peresabat.wordpress.com\/2009\/02\/28\/euskadi-jornada-de-reflexio"},"modified":"2009-02-28T15:04:00","modified_gmt":"2009-02-28T15:04:00","slug":"euskadi-jornada-de-reflexio","status":"publish","type":"post","link":"https:\/\/www.blocdelsabat.cat\/?p=623","title":{"rendered":"Euskadi; Jornada de Reflexi\u00f3"},"content":{"rendered":"<p><a href=\"http:\/\/peresabat.files.wordpress.com\/2009\/02\/ikurrina3.jpg\"><img decoding=\"async\" alt=\"\" src=\"http:\/\/peresabat.files.wordpress.com\/2009\/02\/ikurrina3.jpg?w=300\" border=\"0\" \/><\/a><\/p>\n<div align=\"justify\"><span style=\"font-family:arial;font-size:130%;\">Dem\u00e0 milers de ciutadans de tres dels set territoris d\u2019Euskal Herria aniran a votar per elegir un Parlament que no reflexar\u00e0 la realitat del pensar del poble basc, ja que Espanya ha impedit que l\u2019esquerra abertzale es pugui presentar a les eleccions de dem\u00e0. <\/span><\/div>\n<p><span style=\"font-family:arial;font-size:130%;\"><\/p>\n<div align=\"justify\">Les eleccions basques estan marcades per la possibilitat que per primera vegada en la hist\u00f2ria hi hagi un Lehendakari no nacionalista i que per tant el socialisme arribi a Ajuria Enea previsiblement de la m\u00e0 dels nacionalistes espanyols del PP. <\/div>\n<div align=\"justify\">Les enquestes pronostiquen un frec a frec entre PNV i PSE en qu\u00e8 el ball d\u2019un diputat pot fer variar la composici\u00f3 del pr\u00f2xim govern. La reedici\u00f3 del tripartit sobiranista s\u2019entreveu complicada, primerament perqu\u00e8 \u00e9s dif\u00edcil que les tres forces sumin, ja que EA no arribar\u00e0 als 7 actuals i EB no passar\u00e0 dels 3, i segona perqu\u00e8 el PNV no optar\u00e0 per tornar a entrar en un cicle sobiranista, sin\u00f3 que com ja ha fet durant la campanya centrar\u00e0 tota acci\u00f3 de govern a la gesti\u00f3. <\/div>\n<div align=\"justify\">La campanya que va acabar ahir s\u2019ha desenvolupat sense grans problemes potser amb l\u2019excepci\u00f3 de l\u2019atac a una Herriko Taberna per part d\u2019un afectat per un c\u00f2ctel molotov, per\u00f2 en general ha regnat la tranquil\u00b7litat. Les campanyes de PNV i PSE s\u2019han basat primordialment amb aquesta caracter\u00edstica, adormir al m\u00e0xim els votants rivals i no donar carnassa per evitar la mobilitzaci\u00f3, tot esperant que els propis si que es mobilitzin. <\/div>\n<div align=\"justify\">L\u2019atenci\u00f3 medi\u00e0tica i social s\u2019ha centrat primordialment en aquestes dues formacions, car una de les dues, o totes dues, formaran part del pr\u00f2xim govern. Precisament l\u2019\u00fanic punt una mica pujat de to de la campanya ha estat el debat sobre quina coalici\u00f3 es formar\u00e0 a partir del 2 de mar\u00e7 per dirigir Euskadi. <\/div>\n<div align=\"justify\">El PNV acusa al PSE d\u2019haver pactat ja amb el PP el suport per ser investits, el PSE recupera els \u00faltims anys de Ibarretxe centrats amb els plans pol\u00edtics per resoldre el conflicte basc i les consultes per erigir-se com a aquells que treballen nom\u00e9s per la gent i no per q\u00fcestions &#8220;identit\u00e0ires&#8221;.<br \/>Mentrestant la resta de partits segueixen intentant colar-se a les portades. El PP fa apar\u00e8ixer el fantasma d\u2019un pacte entre el PNV i la resta de forces basquistes per tornar a formar un govern sobiranista i a m\u00e9s insinuen un acord entre penevistes i socialistes.<br \/>Per altra banda EA defensa el seu perfil independentista per contraposar-se a un PNV on cada cop l\u2019\u00e0nima conservadora i autonomista t\u00e9 m\u00e9s poder, reivindicant-se com l\u2019asseguran\u00e7a d\u2019un moviment sobiranista. Aralar m\u00e9s del mateix que EA, tot i que apel\u00b7la als votants de l\u2019esquerra abertzale perqu\u00e8 donin suport a aquesta formaci\u00f3, suport dif\u00edcil d\u2019aconseguir ja que Aralar \u00e9s una escissi\u00f3 precisament d\u2019aquest corrent.<br \/>Ezker Batua per la seva banda fa la t\u00edpica campanya dels partits que encara no han evolucionat, tipus ICV, fent \u00fas \u00fanicament de la bandera de l\u2019esquerra. <\/div>\n<div align=\"justify\">L\u2019escenari que sortir\u00e0 de les eleccions basques ser\u00e0 com a m\u00ednim complicat, de dem\u00e0 en sortir\u00e0 un Parlament m\u00e9s fracturat on la majoria i l\u2019estabilitat seran cares d\u2019aconseguir. <\/div>\n<div align=\"justify\">Dem\u00e0 hi ha en joc que la majoria nacional continu\u00ef, o que per contra, una majoria nacionalista espanyola aconsegueixi arribar al Palau d\u2019Ajuria Enea. O com a \u00faltima opci\u00f3 quedaria la gran coalici\u00f3, una gran coalici\u00f3 que satisf\u00e0 a la majoria conservadora del PNV i al PSE, una coalici\u00f3 que tindria un gran damnificat: Ibarretxe.<\/div>\n<p><\/span><\/p>\n<div class=\"blogger-post-footer\"><img width='1' height='1' src='https:\/\/blogger.googleusercontent.com\/tracker\/2467933452740288616-4447557531615710791?l=peresabat.blogspot.com' alt='' \/><\/div>\n","protected":false},"excerpt":{"rendered":"<p>Dem\u00e0 milers de ciutadans de tres dels set territoris d\u2019Euskal Herria aniran a votar per elegir un Parlament que no reflexar\u00e0 la realitat del pensar del poble basc, ja que Espanya ha impedit que l\u2019esquerra abertzale es pugui presentar a les eleccions de dem\u00e0. Les eleccions basques estan marcades per la possibilitat que per primera&#8230;<\/p>\n","protected":false},"author":2,"featured_media":0,"comment_status":"open","ping_status":"open","sticky":false,"template":"","format":"standard","meta":{"footnotes":""},"categories":[26],"tags":[],"class_list":["post-623","post","type-post","status-publish","format-standard","hentry","category-uncategorized"],"_links":{"self":[{"href":"https:\/\/www.blocdelsabat.cat\/index.php?rest_route=\/wp\/v2\/posts\/623","targetHints":{"allow":["GET"]}}],"collection":[{"href":"https:\/\/www.blocdelsabat.cat\/index.php?rest_route=\/wp\/v2\/posts"}],"about":[{"href":"https:\/\/www.blocdelsabat.cat\/index.php?rest_route=\/wp\/v2\/types\/post"}],"author":[{"embeddable":true,"href":"https:\/\/www.blocdelsabat.cat\/index.php?rest_route=\/wp\/v2\/users\/2"}],"replies":[{"embeddable":true,"href":"https:\/\/www.blocdelsabat.cat\/index.php?rest_route=%2Fwp%2Fv2%2Fcomments&post=623"}],"version-history":[{"count":0,"href":"https:\/\/www.blocdelsabat.cat\/index.php?rest_route=\/wp\/v2\/posts\/623\/revisions"}],"wp:attachment":[{"href":"https:\/\/www.blocdelsabat.cat\/index.php?rest_route=%2Fwp%2Fv2%2Fmedia&parent=623"}],"wp:term":[{"taxonomy":"category","embeddable":true,"href":"https:\/\/www.blocdelsabat.cat\/index.php?rest_route=%2Fwp%2Fv2%2Fcategories&post=623"},{"taxonomy":"post_tag","embeddable":true,"href":"https:\/\/www.blocdelsabat.cat\/index.php?rest_route=%2Fwp%2Fv2%2Ftags&post=623"}],"curies":[{"name":"wp","href":"https:\/\/api.w.org\/{rel}","templated":true}]}}