{"id":626,"date":"2009-03-01T12:23:00","date_gmt":"2009-03-01T12:23:00","guid":{"rendered":"http:\/\/peresabat.wordpress.com\/2009\/03\/01\/personatge-de-la-setmana-francisco-caamano"},"modified":"2009-03-01T12:23:00","modified_gmt":"2009-03-01T12:23:00","slug":"personatge-de-la-setmana-francisco-caamano","status":"publish","type":"post","link":"https:\/\/www.blocdelsabat.cat\/?p=626","title":{"rendered":"Personatge de la setmana: Francisco Caama\u00f1o"},"content":{"rendered":"<p><a href=\"http:\/\/peresabat.files.wordpress.com\/2009\/03\/caamac3b1o1.jpg\"><img decoding=\"async\" alt=\"\" src=\"http:\/\/peresabat.files.wordpress.com\/2009\/03\/caamac3b1o1.jpg?w=300\" border=\"0\" \/><\/a><\/p>\n<div align=\"justify\"><span style=\"font-family:arial;font-size:130%;\">Mentre milers de fam\u00edlies catalanes no poden arribar a final de mes degut a la situaci\u00f3 econ\u00f2mica global i amb l\u2019agreujant del d\u00e8ficit fiscal catal\u00e0, a Espanya porten m\u00e9s de dues setmanes tirant-se els plats pel cap, on el tema principal de tert\u00falia i de discussi\u00f3 no \u00e9s pas un nou pla inexistent d\u2019est\u00edmul econ\u00f2mic o un pla, tamb\u00e9 inexistent, de foment de llocs de treball, sin\u00f3 tot un serial cutre propi de TVE protagonitzat per l\u2019ex-ministre Bermejo, el jutge estrella Baltasar Garz\u00f3n i tota la plana major, i menor, del Partit Popular. <\/span><\/div>\n<p><span style=\"font-family:arial;font-size:130%;\"><\/p>\n<div align=\"justify\">Aquest serial llastim\u00f3s ja s\u2019ha cobrat la primera v\u00edctima, Mariano Bermejo ha estat convidat a dimitir com a ministre de just\u00edcia arrel de la seva &#8220;cacera&#8221; a Andalusia sense llic\u00e8ncia juntament amb Garz\u00f3n, precisament el jutge que dies despr\u00e8s d\u2019aquesta trobada &#8220;informal&#8221; va iniciar una altra cacera, aquesta contra una trama de corrupci\u00f3 del PP.<\/div>\n<div align=\"justify\">Per substituir a Bermejo, que s\u2019ha guanyat a pols apar\u00e8ixer en aquesta secci\u00f3 dels diumenges, el PSOE hi ha col\u00b7locat a Francisco Caama\u00f1o.<br \/>Francisco Caama\u00f1o \u00e9s gallec i va n\u00e9ixer al 1966 a Cee. Caama\u00f1o \u00e9s llicenciat en dret per la Universitat de Santiago i ha ocupat diversos llocs en l\u2019administraci\u00f3 de Zapatero. Un d\u2019aquests llocs \u00e9s la que li va donar rellev\u00e0ncia p\u00fablica, ja que quan ocupava la secretaria d\u2019afers constitucionals i parlamentaris va ser l\u2019encarregat de negociar l\u2019estatut de Catalunya amb els diferents partits catalans. <\/div>\n<div align=\"justify\">El seu nomenament com a ministre ha produ\u00eft tot de reaccions diverses a l\u2019espectre pol\u00edtic catal\u00e0. Hi ha que s\u2019han desfet en elogis, PSC, n\u2019hi ha que han posat l\u2019accent en el fet que \u00e9s federalista, i n\u2019hi ha que tot i que \u00e9s federalista, esgrimeixen que \u00e9s jacob\u00ed.<br \/>En definitiva, com sempre, opinions per donar i per vendre.<\/div>\n<div align=\"justify\">Ara b\u00e9, caldria recordar per\u00f2 qui \u00e9s Caama\u00f1o m\u00e9s enll\u00e0 d\u2019etiquetes. Caama\u00f1o \u00e9s aquell que, amb la complicitat inestimable d\u2019Artur Mas, va anar eliminant article per article tot l\u2019aven\u00e7 que incorporava l\u2019estatut del 30 de setembre de 2005. <\/div>\n<div align=\"justify\">Caama\u00f1o \u00e9s el responsable que en els articles referents a finan\u00e7ament l\u2019estatut no valgui per res. Ni ordinalitat, ni bilateralitat, ni cistella, ni res de res. L\u2019estat espanyol, com sempre, t\u00e9 i tindr\u00e0 pels segles dels segles la paella pel m\u00e0nec. Am\u00e9n. <\/div>\n<div align=\"justify\">Camma\u00f1o doncs no deixa de ser membre d\u2019aquesta xacra de funcionaris pol\u00edtics de l\u2019estat que saben perfectament, una cosa \u00e9s ser espanyol i l\u2019altra est\u00fapid, com s\u2019ha de llimar i adaptar qualsevol llei per poder assimilar la causa catalana dins &#8220;<em>la espa\u00f1a grande y libre&#8221;.<\/em> <\/div>\n<div align=\"justify\">Caama\u00f1o per tant, \u00e9s un espanyol m\u00e9s. Conseq\u00fcentment, no se\u2019n pot esperar gaire.<\/div>\n<p><\/span><\/p>\n<div class=\"blogger-post-footer\"><img width='1' height='1' src='https:\/\/blogger.googleusercontent.com\/tracker\/2467933452740288616-4845582991765789833?l=peresabat.blogspot.com' alt='' \/><\/div>\n","protected":false},"excerpt":{"rendered":"<p>Mentre milers de fam\u00edlies catalanes no poden arribar a final de mes degut a la situaci\u00f3 econ\u00f2mica global i amb l\u2019agreujant del d\u00e8ficit fiscal catal\u00e0, a Espanya porten m\u00e9s de dues setmanes tirant-se els plats pel cap, on el tema principal de tert\u00falia i de discussi\u00f3 no \u00e9s pas un nou pla inexistent d\u2019est\u00edmul econ\u00f2mic&#8230;<\/p>\n","protected":false},"author":2,"featured_media":0,"comment_status":"open","ping_status":"open","sticky":false,"template":"","format":"standard","meta":{"footnotes":""},"categories":[26],"tags":[],"class_list":["post-626","post","type-post","status-publish","format-standard","hentry","category-uncategorized"],"_links":{"self":[{"href":"https:\/\/www.blocdelsabat.cat\/index.php?rest_route=\/wp\/v2\/posts\/626","targetHints":{"allow":["GET"]}}],"collection":[{"href":"https:\/\/www.blocdelsabat.cat\/index.php?rest_route=\/wp\/v2\/posts"}],"about":[{"href":"https:\/\/www.blocdelsabat.cat\/index.php?rest_route=\/wp\/v2\/types\/post"}],"author":[{"embeddable":true,"href":"https:\/\/www.blocdelsabat.cat\/index.php?rest_route=\/wp\/v2\/users\/2"}],"replies":[{"embeddable":true,"href":"https:\/\/www.blocdelsabat.cat\/index.php?rest_route=%2Fwp%2Fv2%2Fcomments&post=626"}],"version-history":[{"count":0,"href":"https:\/\/www.blocdelsabat.cat\/index.php?rest_route=\/wp\/v2\/posts\/626\/revisions"}],"wp:attachment":[{"href":"https:\/\/www.blocdelsabat.cat\/index.php?rest_route=%2Fwp%2Fv2%2Fmedia&parent=626"}],"wp:term":[{"taxonomy":"category","embeddable":true,"href":"https:\/\/www.blocdelsabat.cat\/index.php?rest_route=%2Fwp%2Fv2%2Fcategories&post=626"},{"taxonomy":"post_tag","embeddable":true,"href":"https:\/\/www.blocdelsabat.cat\/index.php?rest_route=%2Fwp%2Fv2%2Ftags&post=626"}],"curies":[{"name":"wp","href":"https:\/\/api.w.org\/{rel}","templated":true}]}}