{"id":629,"date":"2009-03-02T18:38:00","date_gmt":"2009-03-02T18:38:00","guid":{"rendered":"http:\/\/peresabat.wordpress.com\/2009\/03\/02\/euskadi-despres-del-1-m"},"modified":"2009-03-02T18:38:00","modified_gmt":"2009-03-02T18:38:00","slug":"euskadi-despres-del-1-m","status":"publish","type":"post","link":"https:\/\/www.blocdelsabat.cat\/?p=629","title":{"rendered":"Euskadi, despr\u00e8s del 1-M"},"content":{"rendered":"<p><a href=\"http:\/\/peresabat.files.wordpress.com\/2009\/03\/eleccons2009-euskadi1.jpg\"><img decoding=\"async\" alt=\"\" src=\"http:\/\/peresabat.files.wordpress.com\/2009\/03\/eleccons2009-euskadi1.jpg?w=233\" border=\"0\" \/><\/a><\/p>\n<div align=\"justify\"><span style=\"font-family:arial;font-size:130%;\">Ahir hi ha haver eleccions a Euskadi, unes eleccions que van deixar un panorama pol\u00edtic m\u00e9s enrevessat que el que hi havia pr\u00e8viament. El PNV va aconseguir els segons millors resultats de la hist\u00f2ria a l\u2019arribar als 30 diputats fet que demostra el gran suport que mant\u00e9 Ibarretxe; el PSE puja for\u00e7a i se situa amb 24 i superant per primer cop la barrera del 30% dels vots; en tercer lloc el PP que nom\u00e9s va perdre 2 diputats i es queda en 13 quan les enquestes n\u2019hi donaven 9. En la quarta posici\u00f3 apareix Aralar que amb 4 diputats va esdevenir la sorpresa de la nit; amb 2 se situa EA que pateix greument la decisi\u00f3 de conc\u00f3rrer en solitari a les eleccions; Ezker Batua \u00e9s per\u00f2 qui s\u2019emporta la gran decepci\u00f3, ja que perd dos ter\u00e7os dels seus diputats i es queda amb un. Per \u00faltim els ultranacionalistes espanyols de UPyD entren al Parlament per primer cop. <\/span><\/div>\n<p><span style=\"font-family:arial;font-size:130%;\"><\/p>\n<div align=\"justify\">Els resultats doncs deixen nom\u00e9s dues possibles coalicions per governar a Euskadi. Per una banda el pacte PNV-PSE recuperant els vells temps d\u2019Ardanza i Jauregui; o per contra el pacte nacionalista amb PSE-PSOE \u2013 PP \u2013 UPyD. <\/div>\n<div align=\"justify\">D\u2019aquestes eleccions voldria incidir en un parell d\u2019aspectes. El primer dir clarament que tot i que han estat unes eleccions legals en cap cas han estat legitimes. I en segon lloc denunciar el cinisme barroer i antidemocr\u00e0tic de l\u2019an\u00e0lisi electoral que la majoria de mitjans i partits espanyols han fet. <\/div>\n<div align=\"justify\">Sobre el primer punt aclarir que evidentment les eleccions han estat legals ja que s\u2019ha complert escrupolosament la llei. Ara b\u00e9, aquesta cita electoral no ha estat ni competitiva ni legitima, ja que per pur c\u00e0lcul electoral s\u2019ha deixat al voltant d\u2019un 9-15% de la poblaci\u00f3 sense opci\u00f3 de vot a l\u2019il\u00b7legalitzar les llistes de l\u2019esquerra abertzale radical. El Parlament que sorgeix de les votacions d\u2019ahir per tant, no representa el sentir de la societat basca, ergo, \u00e9s un Parlament il\u00b7leg\u00edtim, per\u00f2 legal.<\/div>\n<div align=\"justify\">S\u2019hi el primer punt ja ha de deixar amb els colors pujats qualsevol persona que s\u2019autoanomeni dem\u00f2crata, el segon punt ja \u00e9s quasi una lli\u00e7\u00f3 de com manipular fins a l\u2019extrem un acte antidemocr\u00e0tic. Gobbels no ho hauria fet millor.<br \/>La gran majoria de la premsa des de qu\u00e8 es va arribar al 68% dels vots escrutats va semblar que Espanya havia guanyat altre cop l\u2019Eurocopa. Nom\u00e9s calia fer una mica de zapping per les diferents cadenes espanyoles que feien espacials informatius per poder copsar de primeres com el cava s\u2019havia colat en els vasos dels analistes, perqu\u00e8 sin\u00f3 no es pot entendre tanta manipulaci\u00f3.<br \/>Els grans mitjans titulaven amb tota la pompa possible que &#8220;<em>el cambio ha llegada al Pa\u00eds Vasco<\/em>&#8221; o tamb\u00e9 &#8221; <em>el bloque constitucionalista tiene mayor\u00eda en Euskadi<\/em>&#8220;. Dos grans titulars basats en una gran mentida. Caldria recordar i puntualitzar un parell de coses:<br \/>Primerament els vots dels partits nacionals d\u2019Euskadi s\u00f3n m\u00e9s que els del bloc nacionalista espanyol, i a m\u00e9s sense necessitat de comptabilitzar els 100.000 nuls de D3M. Per tant, la majoria no \u00e9s constitucionalista. A m\u00e9s, els espanyols han tret menys vots en conjunt que al 2005.<br \/>I segon, l\u2019ascens del PSE-PSOE es produeix per la il\u00b7legalitzaci\u00f3 de l\u2019esquerra abertzale, ja que els socialistes tan sols pugen uns 60.000 vots, i en cas que D3M hagu\u00e9s participat a les eleccions, els PSOE nom\u00e9s hagu\u00e9s sumat 4 diputats m\u00e9s. Aqu\u00ed \u00e9s on es pot apreciar la gran jugada d\u2019Espanya amb la il\u00b7legalitzaci\u00f3 dels partits independentistes. <\/div>\n<div align=\"justify\">Patxi L\u00f3pez, el candidat m\u00e9s ben situat per esdevenir Lehendakari, no s\u2019ha cansat de repetir durant la campanya, ahir tamb\u00e9, que ell vol un canvi tranquil i en conviv\u00e8ncia. La veritat \u00e9s que costa d\u2019imaginar un canvi &#8220;tranquil i en conviv\u00e8ncia&#8221; arribant a Ajuria Enea de la m\u00e0 del PP i de la UPyD. <\/div>\n<div align=\"justify\">Amb el m\u00e9s que possible pacte entre les forces nacionalistes a Euskadi s\u2019acosta l\u2018instant en qu\u00e8 queda absolutament demostrat que a Euskadi, els blocs pol\u00edtics que es formen no es basen en l\u2019eix esquerra\/dreta, sin\u00f3 en el nacional Euskal-Herria\/Espanya. Per qu\u00e8 sin\u00f3 com s\u2019ent\u00e9n que en l\u2019actual govern hi convisquin partits de dreta (PNV) amb partits d\u2019esquerra (EA i EB)? I com es podr\u00e0 entendre que el pr\u00f2xim govern el formin partits de centre-esquerra (PSOE) i de ultradreta (PP i UPyD)? Doncs perqu\u00e8 fins ara governaven els bascos, i ara ho faran els espanyols. <\/div>\n<div align=\"justify\">Per \u00faltim. Cal recordar i tenir ben present, \u00e9s a dir que ning\u00fa es cregui la \u00e0cida manipulaci\u00f3 informativa espanyola, que la societat basca continua sent exactament igual que ho era fa quatre anys, \u00e9s a dir, amb una \u00e0mplia majoria nacionalista basca. La societat que ahir va votar era i \u00e9s majorit\u00e0riament nacionalista basca, no espanyola. La societat no s\u2019ha despertat socialista-espanyola avui al mat\u00ed, sin\u00f3 que continua sent abertzale. Qui pensi que la societat basca des d\u2019ahir \u00e9s m\u00e9s espanyola i d\u00f2cil que no s\u2019enganyi, Euskadi \u00e9s i segueix sent nacionalment basca. El Parlament sorgit de les eleccions d\u2019ahir no \u00e9s representatiu, i si Patxi L\u00f3pez \u00e9s escollit Lehendakari, ho ser\u00e0 a partir d\u2019una minoria de la societat, per\u00f2 per una majoria parlament\u00e0ria sorgida a partir de la il\u00b7legitimitat d\u2019aquestes eleccions. <\/div>\n<div align=\"justify\">Cal no oblidar-ho. <\/div>\n<div align=\"justify\"> <\/div>\n<div align=\"justify\"> <\/div>\n<p><\/span><\/p>\n<div class=\"blogger-post-footer\"><img width='1' height='1' src='https:\/\/blogger.googleusercontent.com\/tracker\/2467933452740288616-1259248059107718760?l=peresabat.blogspot.com' alt='' \/><\/div>\n","protected":false},"excerpt":{"rendered":"<p>Ahir hi ha haver eleccions a Euskadi, unes eleccions que van deixar un panorama pol\u00edtic m\u00e9s enrevessat que el que hi havia pr\u00e8viament. El PNV va aconseguir els segons millors resultats de la hist\u00f2ria a l\u2019arribar als 30 diputats fet que demostra el gran suport que mant\u00e9 Ibarretxe; el PSE puja for\u00e7a i se situa&#8230;<\/p>\n","protected":false},"author":2,"featured_media":0,"comment_status":"open","ping_status":"open","sticky":false,"template":"","format":"standard","meta":{"footnotes":""},"categories":[26],"tags":[],"class_list":["post-629","post","type-post","status-publish","format-standard","hentry","category-uncategorized"],"_links":{"self":[{"href":"https:\/\/www.blocdelsabat.cat\/index.php?rest_route=\/wp\/v2\/posts\/629","targetHints":{"allow":["GET"]}}],"collection":[{"href":"https:\/\/www.blocdelsabat.cat\/index.php?rest_route=\/wp\/v2\/posts"}],"about":[{"href":"https:\/\/www.blocdelsabat.cat\/index.php?rest_route=\/wp\/v2\/types\/post"}],"author":[{"embeddable":true,"href":"https:\/\/www.blocdelsabat.cat\/index.php?rest_route=\/wp\/v2\/users\/2"}],"replies":[{"embeddable":true,"href":"https:\/\/www.blocdelsabat.cat\/index.php?rest_route=%2Fwp%2Fv2%2Fcomments&post=629"}],"version-history":[{"count":0,"href":"https:\/\/www.blocdelsabat.cat\/index.php?rest_route=\/wp\/v2\/posts\/629\/revisions"}],"wp:attachment":[{"href":"https:\/\/www.blocdelsabat.cat\/index.php?rest_route=%2Fwp%2Fv2%2Fmedia&parent=629"}],"wp:term":[{"taxonomy":"category","embeddable":true,"href":"https:\/\/www.blocdelsabat.cat\/index.php?rest_route=%2Fwp%2Fv2%2Fcategories&post=629"},{"taxonomy":"post_tag","embeddable":true,"href":"https:\/\/www.blocdelsabat.cat\/index.php?rest_route=%2Fwp%2Fv2%2Ftags&post=629"}],"curies":[{"name":"wp","href":"https:\/\/api.w.org\/{rel}","templated":true}]}}