{"id":638,"date":"2009-03-09T19:03:00","date_gmt":"2009-03-09T19:03:00","guid":{"rendered":"http:\/\/peresabat.wordpress.com\/2009\/03\/09\/cronica-de-47-hores-danada-i-tornada"},"modified":"2009-03-09T19:03:00","modified_gmt":"2009-03-09T19:03:00","slug":"cronica-de-47-hores-danada-i-tornada","status":"publish","type":"post","link":"https:\/\/www.blocdelsabat.cat\/?p=638","title":{"rendered":"Cr\u00f2nica de 47 hores d&#8217;anada i tornada"},"content":{"rendered":"<p><a href=\"http:\/\/peresabat.files.wordpress.com\/2009\/03\/brusselles1.jpg\"><img decoding=\"async\" alt=\"\" src=\"http:\/\/peresabat.files.wordpress.com\/2009\/03\/brusselles1.jpg?w=300\" border=\"0\" \/><\/a><\/p>\n<div align=\"justify\"><span style=\"font-family:arial;font-size:130%;\">Dissabte, segurament, passar\u00e0 a la hist\u00f2ria d\u2019aquest pa\u00eds. Afirmar aix\u00f2 pot sonar una mica presumptu\u00f3s, per\u00f2 gestos com el de la manifestaci\u00f3 a Brussel\u00b7les s\u00f3n aquells que es necessiten per ajudar a canviar de p\u00e0gina, i ja fa masses anys que els catalans estem rellegint la mateixa. <\/span><\/div>\n<p><span style=\"font-family:arial;font-size:130%;\"><\/p>\n<div align=\"justify\">Dissabte milers de catalans van participar a la capital belga en una manifestaci\u00f3 que tenia un lema for\u00e7a expl\u00edcit <em>&#8220;we want a catalan state&#8221;,<\/em> un lema que a dia d\u2019avui sembla ser l\u2019\u00fanica sortida possible per no convertir Catalunya, i per tan els seus habitants, en una societat decadent. <\/div>\n<div align=\"justify\">La manifestaci\u00f3, com era previsible, va portar un gran i divertit ball de xifres. La policia de l\u2019estat belga va anunciar que havia comptabilitzat 2900 persones, en canvi la plataforma organitzadora ho elevava als 12.000. Sincerament no em crec ni l\u2019una ni l\u2019altra. La primera costa d\u2019empassar, ja que nom\u00e9s comptant les persones que la plataforma tenia a la llista i que havien fet el pagament ja eren m\u00e9s de 4.600. Per tant, o la policia es va descomptar, o b\u00e9 m\u00e9s de 2.000 persones es van perdre durant el viatge. La segona xifra tampoc no sembla massa cre\u00efble, jo era a la manifestaci\u00f3 i home, \u00e9rem molta gent, per\u00f2 12.000\u2026.<br \/>Independentment del total de participants, al voltant dels 8.000, la iniciativa ja \u00e9s un gran \u00e8xit, i ho \u00e9s perqu\u00e8 per primer cop els catalans hem anat a exposar a Europa que volem un estat, un estat per a nosaltres i per poder decidir tot all\u00f2 que creguem convenient, i punt. <\/div>\n<div align=\"justify\">La marxa va rec\u00f3rrer per uns carrers, que diguem-ne no surten a les postals de la ciutat, per\u00f2 el que comptava en aquesta ocasi\u00f3, el turisme va venir despr\u00e8s, no era si els carrers eren bonics o si tenien molts arbres, i s\u00ed en canvi si els carrers estaven plens. I la veritat \u00e9s que s\u00ed. Durant tot el recorregut caminant juntament amb els companys del Pened\u00e8s com el Pep Quelart, la Llu\u00efsa Llop, el Manel Torrent, el Corbella, l\u2019Ari, el Josep Tort, la Gemma Suarez, l\u2019Eloi Poch\u2026 i veient el cel cobert d\u2019estelades i senyeres, un era conscient de qu\u00e8 aquella caminada per la capital flamenca era hist\u00f2rica, o com a m\u00ednim que crearia un abans i un despr\u00e8s.<br \/>Pot ser que alg\u00fa cregui que exagero i que aquest acte quedar\u00e0 com un acte m\u00e9s i prou, i que tot continuar\u00e0 com volen els Lara i els God\u00f3. Doncs no ho tinc tan clar. \u00c9s cert que fets immediats no n\u2019hi hauran i que segurament els que es produeixin no seran molt perceptibles a la majoria de la poblaci\u00f3, per\u00f2 el que \u00e9s evident \u00e9s que la internacionalitzaci\u00f3 del conflicte entre Espanya i Catalunya encara no havia creuat la frontera de fer-se p\u00fablic, almenys no de forma civil.<br \/>\u00c9s per aquest motiu que crec que la manifestaci\u00f3 si que haur\u00e0 servit d\u2019alguna cosa, ara ja es pot parlar de qu\u00e8 el proc\u00e9s cap a la sobirania s\u2019est\u00e0 internacionalitzant, i per tant, s\u2019est\u00e0 complint un dels pilars b\u00e0sics per qualsevol pas cap a la independ\u00e8ncia. <\/div>\n<div align=\"justify\">Tornant al qu\u00e8 va passar, era curi\u00f3s caminar per Brussel\u00b7les i veure cont\u00ednuament banderes estelades, no nom\u00e9s penjades de la motxilla o hissades en un pal tot transitant per la gran pla\u00e7a, sin\u00f3 que a cada porta dels restaurants c\u00e8ntrics hi havia una senyera o estelada convidant al cansat manifestant catal\u00e0 a refer-se tot assaborint una &#8220;croqueta&#8221; o una bona olla de musclos. <\/div>\n<div align=\"justify\">Un dels moments m\u00e9s divertits del viatge, era les parades a les estacions de servei durant l\u2019anada, ja que t\u2019anaves trobant gent que amb la fam\u00edlia o amb amics havien agafat el cotxe i tamb\u00e9 s\u2019encaminaven cap a Brussel\u00b7les. \u00c9s segurament un dels moments del viatge, veure que la lluita \u00e9s compartida, que hi ha gent que tamb\u00e9 anhela el mateix: un pa\u00eds lliure i avan\u00e7at. La veritat \u00e9s que aquest viatge, tot i que molt llarg, ha valgut la pena. <\/div>\n<div align=\"justify\">El viatge va anar for\u00e7a b\u00e9. Cal dir que vam comen\u00e7ar amb mal peu i que vam sortir amb retard, per\u00f2 aquest fet era per mostrar al m\u00f3n un dels nostres parcs d\u2019atraccions m\u00e9s coneguts internacionalment: la RENFE. Conyes dolentes a part, tot i haver estat 18 hores d\u2019anar i 18 de tornar, el viatge va ser suportable i entre la m\u00fasica, les capcinades, els apunts, els llibres i la conversa va anar esmicolant-se fins que arribada va ser l\u2019hora de baixar. <\/div>\n<div align=\"justify\">En definitiva, els 10mil a Brussel.les ha estat una gran iniciativa que veur\u00e0 els seus fruits no de manera immediata, per\u00f2 que els veur\u00e0. I la veritat, \u00e9s que viatges com aquest no fan m\u00e9s que reafirmar el desig i l\u2019ideal de qu\u00e8 m\u00e9s d\u2019hora que tard, tornarem a Brussel\u00b7les per\u00f2 aquest cop a un Consell de Ministres.<\/span><\/div>\n<p><\/p>\n<div><\/div>\n<div> <\/div>\n<div class=\"blogger-post-footer\"><img width='1' height='1' src='https:\/\/blogger.googleusercontent.com\/tracker\/2467933452740288616-7041577579653581239?l=peresabat.blogspot.com' alt='' \/><\/div>\n","protected":false},"excerpt":{"rendered":"<p>Dissabte, segurament, passar\u00e0 a la hist\u00f2ria d\u2019aquest pa\u00eds. Afirmar aix\u00f2 pot sonar una mica presumptu\u00f3s, per\u00f2 gestos com el de la manifestaci\u00f3 a Brussel\u00b7les s\u00f3n aquells que es necessiten per ajudar a canviar de p\u00e0gina, i ja fa masses anys que els catalans estem rellegint la mateixa. Dissabte milers de catalans van participar a la&#8230;<\/p>\n","protected":false},"author":2,"featured_media":0,"comment_status":"open","ping_status":"open","sticky":false,"template":"","format":"standard","meta":{"footnotes":""},"categories":[26],"tags":[],"class_list":["post-638","post","type-post","status-publish","format-standard","hentry","category-uncategorized"],"_links":{"self":[{"href":"https:\/\/www.blocdelsabat.cat\/index.php?rest_route=\/wp\/v2\/posts\/638","targetHints":{"allow":["GET"]}}],"collection":[{"href":"https:\/\/www.blocdelsabat.cat\/index.php?rest_route=\/wp\/v2\/posts"}],"about":[{"href":"https:\/\/www.blocdelsabat.cat\/index.php?rest_route=\/wp\/v2\/types\/post"}],"author":[{"embeddable":true,"href":"https:\/\/www.blocdelsabat.cat\/index.php?rest_route=\/wp\/v2\/users\/2"}],"replies":[{"embeddable":true,"href":"https:\/\/www.blocdelsabat.cat\/index.php?rest_route=%2Fwp%2Fv2%2Fcomments&post=638"}],"version-history":[{"count":0,"href":"https:\/\/www.blocdelsabat.cat\/index.php?rest_route=\/wp\/v2\/posts\/638\/revisions"}],"wp:attachment":[{"href":"https:\/\/www.blocdelsabat.cat\/index.php?rest_route=%2Fwp%2Fv2%2Fmedia&parent=638"}],"wp:term":[{"taxonomy":"category","embeddable":true,"href":"https:\/\/www.blocdelsabat.cat\/index.php?rest_route=%2Fwp%2Fv2%2Fcategories&post=638"},{"taxonomy":"post_tag","embeddable":true,"href":"https:\/\/www.blocdelsabat.cat\/index.php?rest_route=%2Fwp%2Fv2%2Ftags&post=638"}],"curies":[{"name":"wp","href":"https:\/\/api.w.org\/{rel}","templated":true}]}}