{"id":652,"date":"2009-04-06T17:35:00","date_gmt":"2009-04-06T17:35:00","guid":{"rendered":"http:\/\/peresabat.wordpress.com\/2009\/04\/06\/deuropa-parlem"},"modified":"2009-04-06T17:35:00","modified_gmt":"2009-04-06T17:35:00","slug":"deuropa-parlem","status":"publish","type":"post","link":"https:\/\/www.blocdelsabat.cat\/?p=652","title":{"rendered":"D&#8217;Europa parlem"},"content":{"rendered":"<p><a href=\"http:\/\/peresabat.files.wordpress.com\/2009\/04\/ue1.jpg\"><img decoding=\"async\" alt=\"\" src=\"http:\/\/peresabat.files.wordpress.com\/2009\/04\/ue1.jpg?w=300\" border=\"0\" \/><\/a><\/p>\n<div align=\"justify\"><span style=\"font-family:arial;font-size:130%;\">Despr\u00e8s d\u2019un llarg i pesat trimestre unes bones vacances sempre venen de gust, a m\u00e9s que normalment s\u00f3n absolutament necess\u00e0ries, com era el cas de qui escriu. Unes vacances per desconnectar, carregar piles i tornar amb m\u00e9s ganes, il\u00b7lusi\u00f3 i for\u00e7a per encarar tot el que hagi de venir.<br \/>Aquests \u00faltims dies juntament amb una companya de Vilafranca i de tren, l\u2019Alba, hem fet visita a dos altres vilafranquins, l\u2019Albert i l\u2019Aina, que gaudeixen d\u2019un Erasmus a Su\u00e8cia. Amb cinc dies hem visitat Estocolm, Malm\u00f6, Link\u00f6ping i Copenhaguen fent aix\u00ed una petita ruta per Su\u00e8cia i Dinamarca. Del viatge sens dubte el que queda \u00e9s la verificaci\u00f3 del t\u00f2pic dels pa\u00efsos n\u00f2rdics, una manera de fer completament diferent a la nostra, tranquil\u00b7litat, no soroll, bicicletes a tot arreu, sensaci\u00f3 d\u2019amplitud, de netedat\u2026<\/span><\/div>\n<p><span style=\"font-family:arial;font-size:130%;\"><\/p>\n<div align=\"justify\">La veritat \u00e9s que poder admirar els pa\u00efsos avan\u00e7ats del m\u00f3n \u00e9s un plaer, i els dos que hem visitat, ho s\u00f3n. Su\u00e8cia \u00e9s realment un estat on el paradigma de l\u2019estat del benestar s\u2019aplica com hauria de ser, de la mateixa manera que a Holanda per exemple. Ja es diu, haurem d\u2019escollir entre ser la Val\u00f2nia o la Holanda del sud d\u2019Europa. <\/div>\n<div align=\"justify\">Els abanderats de la causa nacional espanyola, els nacionalistes espanyols, no es cansen de repetir que &#8220;<em>el nacionalismo se cura viajando&#8221;,<\/em> \u00e9s a dir, contraposen la idea de provincianisme, Catalunya, a la idea de progr\u00e9s, Europa\/Espanya. Viatjar per Europa \u00e9s cert que obre els ulls, per\u00f2 no de la manera que asseguren els ap\u00f2stols del nou imperi. <\/div>\n<div align=\"justify\">Viatjar per Europa fa adonar-se la gran tasca que tenim per davant, viatjar per Europa fa que es prengui consci\u00e8ncia del que podr\u00edem ser i no ens deixen, viatjar per Europa fa que anhelem encara m\u00e9s ser el mateix que els altres.<\/div>\n<div align=\"justify\">Europa ensenya el cam\u00ed, un cam\u00ed de prosperitat, de progr\u00e9s. Un cam\u00ed que els catalans tenim la opci\u00f3 d\u2019escollir, si volem. <\/div>\n<div align=\"justify\">I ara m\u00e9s que mai podem demostrar que volem, i ho podem fer en les pr\u00f2ximes eleccions europees. <\/div>\n<div align=\"justify\">Aquest \u00faltims dies s\u2019estan tancant les coalicions que concorreran en aquests comicis, unes coalicions que ajuden a aclarir moltes coses.<br \/>En primer lloc a Catalunya es podr\u00e0 votar tan sols dues candidatures, usant llenguatge espanyol a la inversa, &#8220;no contaminades&#8221;, \u00e9s a dir, una de la dreta i una de l\u2019esquerra. CiU i Esquerra. La resta, PSC-PP-ICV, es presenten sota els paraig\u00fces de partits espanyols.<br \/>CiU anir\u00e0 a les eleccions continentals agafada de la m\u00e0 amb el PNB, Coalici\u00f3n Canaria, Bloc Nacionalista Valenci\u00e0, Uni\u00f3 Mallorquina i un partit andalusista. CiU recull el bo i millor de la dreta regionalista a nivell estatal, a m\u00e9s de grans espectacles de corrupci\u00f3 com \u00e9s UM.<br \/>Per altra banda Esquerra s\u2019ajunta amb Aralar, el Bloque Nacionalista Galego, Eusko Alkartasuna i PSM-EN, fent aix\u00ed, un Galesucat independentista i d\u2019esquerres per primera vegada a la hist\u00f2ria. <\/div>\n<div align=\"justify\">Europa serveix de molt, i m\u00e9s que pot servir. A Europa es decideix bona part de la legislaci\u00f3 que despr\u00e8s cada estat ha d\u2019adaptar internament. Europa decideix els criteris de les pol\u00edtiques laborals, Europa decideix la universitat que vindr\u00e0\u2026 Europa decideix. <\/div>\n<div align=\"justify\">Viatjar per Europa fa obrir els ulls, viure a Catalunya fa decidir.<br \/><\/span><\/div>\n<div class=\"blogger-post-footer\"><img width='1' height='1' src='https:\/\/blogger.googleusercontent.com\/tracker\/2467933452740288616-4455907746247282342?l=peresabat.blogspot.com' alt='' \/><\/div>\n","protected":false},"excerpt":{"rendered":"<p>Despr\u00e8s d\u2019un llarg i pesat trimestre unes bones vacances sempre venen de gust, a m\u00e9s que normalment s\u00f3n absolutament necess\u00e0ries, com era el cas de qui escriu. Unes vacances per desconnectar, carregar piles i tornar amb m\u00e9s ganes, il\u00b7lusi\u00f3 i for\u00e7a per encarar tot el que hagi de venir.Aquests \u00faltims dies juntament amb una companya&#8230;<\/p>\n","protected":false},"author":2,"featured_media":0,"comment_status":"open","ping_status":"open","sticky":false,"template":"","format":"standard","meta":{"footnotes":""},"categories":[26],"tags":[],"class_list":["post-652","post","type-post","status-publish","format-standard","hentry","category-uncategorized"],"_links":{"self":[{"href":"https:\/\/www.blocdelsabat.cat\/index.php?rest_route=\/wp\/v2\/posts\/652","targetHints":{"allow":["GET"]}}],"collection":[{"href":"https:\/\/www.blocdelsabat.cat\/index.php?rest_route=\/wp\/v2\/posts"}],"about":[{"href":"https:\/\/www.blocdelsabat.cat\/index.php?rest_route=\/wp\/v2\/types\/post"}],"author":[{"embeddable":true,"href":"https:\/\/www.blocdelsabat.cat\/index.php?rest_route=\/wp\/v2\/users\/2"}],"replies":[{"embeddable":true,"href":"https:\/\/www.blocdelsabat.cat\/index.php?rest_route=%2Fwp%2Fv2%2Fcomments&post=652"}],"version-history":[{"count":0,"href":"https:\/\/www.blocdelsabat.cat\/index.php?rest_route=\/wp\/v2\/posts\/652\/revisions"}],"wp:attachment":[{"href":"https:\/\/www.blocdelsabat.cat\/index.php?rest_route=%2Fwp%2Fv2%2Fmedia&parent=652"}],"wp:term":[{"taxonomy":"category","embeddable":true,"href":"https:\/\/www.blocdelsabat.cat\/index.php?rest_route=%2Fwp%2Fv2%2Fcategories&post=652"},{"taxonomy":"post_tag","embeddable":true,"href":"https:\/\/www.blocdelsabat.cat\/index.php?rest_route=%2Fwp%2Fv2%2Ftags&post=652"}],"curies":[{"name":"wp","href":"https:\/\/api.w.org\/{rel}","templated":true}]}}