{"id":658,"date":"2009-04-08T22:31:00","date_gmt":"2009-04-08T22:31:00","guid":{"rendered":"http:\/\/peresabat.wordpress.com\/2009\/04\/08\/actualitzacio-entesa"},"modified":"2009-04-08T22:31:00","modified_gmt":"2009-04-08T22:31:00","slug":"actualitzacio-entesa","status":"publish","type":"post","link":"https:\/\/www.blocdelsabat.cat\/?p=658","title":{"rendered":"Actualitzaci\u00f3 Entesa"},"content":{"rendered":"<p><a href=\"http:\/\/peresabat.files.wordpress.com\/2009\/04\/montilla1.jpg\"><img decoding=\"async\" alt=\"\" src=\"http:\/\/peresabat.files.wordpress.com\/2009\/04\/montilla1.jpg?w=210\" border=\"0\" \/><\/a><\/p>\n<div align=\"justify\"><span style=\"font-family:arial;font-size:130%;\">Ahir es va firmar la renovaci\u00f3 o actualitzaci\u00f3 del pacte d\u2019Entesa entre PSC, Esquerra i IC-V per tal de calandaritzar i prioritzar les pol\u00edtiques i les accions que han de guiar al govern durant els pr\u00f2xims dos anys. <\/span><\/div>\n<p><span style=\"font-family:arial;font-size:130%;\"><\/p>\n<div align=\"justify\">Aquestes accions es podrien englobar en tres apartats, per una banda aquelles que fan refer\u00e8ncia a les accions a dur a terme per fer front a la crisi; resposta unit\u00e0ria enfront la, pr\u00f2xima, sent\u00e8ncia del Tribunal Constitucional; i finalment com s\u2019ha de comportar el govern amb la negociaci\u00f3 del nou sistema de finan\u00e7ament. <\/div>\n<div align=\"justify\">Primerament considerar que tan la primera carpeta com la tercera s\u00f3n part de la mateixa, ja que no hi haur\u00e0 pol\u00edtiques reals contra la crisi econ\u00f2mica sin\u00f3 hi ha un bon finan\u00e7ament.<br \/>El que s\u2019ha acordat referent a les pol\u00edtiques a fer, no hi entrar\u00e9, per\u00f2 si que puntualitzar\u00e9 all\u00f2 que fa refer\u00e8ncia al finan\u00e7ament. <\/div>\n<div align=\"justify\">\u00c9s cert que el govern mant\u00e9 la posici\u00f3 d\u2019Esquerra d\u2019all\u00f2 de &#8220;millor un no acord que un mal acord&#8221;. Molt b\u00e9, nom\u00e9s faltaria. Per\u00f2 aix\u00f2 ja se sabia. El que havia de sortir de l\u2019acord d\u2019ahir era el comprom\u00eds dels tres partits a no votar res que presenti el govern espanyol al Congr\u00e9s. Ni lleis d\u2019avortament ni llei anti-crisi ni res de res. Fins que no hi hagi un finan\u00e7ament just per Catalunya i es compleixi l\u2019estatut, res de res. Per\u00f2 \u00e9s clar, el PSC \u00e9s molt PS i per tant no deixar\u00e0 en minoria el PS de Zapatero i Chac\u00f3n.<br \/>I aqu\u00ed hi ha el problema, el PSC ha d\u2019escollir, perqu\u00e8 ja estem jugant els minuts de descompte i poc m\u00e9s es pot esperar. El PSC, i aix\u00f2 vol dir Montilla, ha de triar entre el PSOE i Catalunya, entre Espanya i els catalans. I cal que ho faci aviat, ja que d\u2019aquesta manera deixar\u00e0 temps per poder corregir el que s\u2019hagi de corregir o &#8220;revisar&#8221; el que s\u2019hagi de revisar. <\/div>\n<div align=\"justify\">Per \u00faltim el tema de l\u2019estatut. \u00c9s interessant que els tres partits acordessin que en el termini d\u2019un any s\u2019han d\u2019haver realitzat diversos traspassos com per exemple RENFE, aeroports, beques\u2026 fant\u00e0stic. Per\u00f2 hi ha un problema. El problema \u00e9s que aquestes negociacions les ha de dirigir Joan Saura, i si aix\u00f2 de per si sol ja fa espantar, m\u00e9s ha de fer-ho quan davant tindr\u00e0 Manuel Chavez.<br \/>Relacionat amb l\u2019estatut tamb\u00e9 s\u2019ha pactat que es donar\u00e0 una resposta unit\u00e0ria a la sent\u00e8ncia laminat\u00f2ria de l\u2019estatut. Faltar\u00e0 veure-ho, tanmateix \u00e9s positiu que de moment es vagi mantenint aquesta intenci\u00f3 d\u2019unitat, una unitat per\u00f2 que haur\u00e0 d\u2019anar en la l\u00ednia de la fermesa del qu\u00e8 diu l\u2019estatut aprovat pel poble de Catalunya i no pas, una unitat de cap abaixat pr\u00f2pia de la nit del 26 de gener del 2006. <\/div>\n<div align=\"justify\">En resum, l\u2019actualitzaci\u00f3 era i \u00e9s necess\u00e0ria, per\u00f2 potser calia una major fermesa i ambici\u00f3 en les propostes relacionades amb el finan\u00e7ament i l\u2019estatut.<br \/><\/span><\/div>\n<div class=\"blogger-post-footer\"><img width='1' height='1' src='https:\/\/blogger.googleusercontent.com\/tracker\/2467933452740288616-8279855822067243510?l=peresabat.blogspot.com' alt='' \/><\/div>\n","protected":false},"excerpt":{"rendered":"<p>Ahir es va firmar la renovaci\u00f3 o actualitzaci\u00f3 del pacte d\u2019Entesa entre PSC, Esquerra i IC-V per tal de calandaritzar i prioritzar les pol\u00edtiques i les accions que han de guiar al govern durant els pr\u00f2xims dos anys. Aquestes accions es podrien englobar en tres apartats, per una banda aquelles que fan refer\u00e8ncia a les&#8230;<\/p>\n","protected":false},"author":2,"featured_media":0,"comment_status":"open","ping_status":"open","sticky":false,"template":"","format":"standard","meta":{"footnotes":""},"categories":[26],"tags":[],"class_list":["post-658","post","type-post","status-publish","format-standard","hentry","category-uncategorized"],"_links":{"self":[{"href":"https:\/\/www.blocdelsabat.cat\/index.php?rest_route=\/wp\/v2\/posts\/658","targetHints":{"allow":["GET"]}}],"collection":[{"href":"https:\/\/www.blocdelsabat.cat\/index.php?rest_route=\/wp\/v2\/posts"}],"about":[{"href":"https:\/\/www.blocdelsabat.cat\/index.php?rest_route=\/wp\/v2\/types\/post"}],"author":[{"embeddable":true,"href":"https:\/\/www.blocdelsabat.cat\/index.php?rest_route=\/wp\/v2\/users\/2"}],"replies":[{"embeddable":true,"href":"https:\/\/www.blocdelsabat.cat\/index.php?rest_route=%2Fwp%2Fv2%2Fcomments&post=658"}],"version-history":[{"count":0,"href":"https:\/\/www.blocdelsabat.cat\/index.php?rest_route=\/wp\/v2\/posts\/658\/revisions"}],"wp:attachment":[{"href":"https:\/\/www.blocdelsabat.cat\/index.php?rest_route=%2Fwp%2Fv2%2Fmedia&parent=658"}],"wp:term":[{"taxonomy":"category","embeddable":true,"href":"https:\/\/www.blocdelsabat.cat\/index.php?rest_route=%2Fwp%2Fv2%2Fcategories&post=658"},{"taxonomy":"post_tag","embeddable":true,"href":"https:\/\/www.blocdelsabat.cat\/index.php?rest_route=%2Fwp%2Fv2%2Ftags&post=658"}],"curies":[{"name":"wp","href":"https:\/\/api.w.org\/{rel}","templated":true}]}}