{"id":660,"date":"2009-04-11T17:02:00","date_gmt":"2009-04-11T17:02:00","guid":{"rendered":"http:\/\/peresabat.wordpress.com\/2009\/04\/11\/histeria-socialista-o-allo-de-que-ve-la-dreta"},"modified":"2009-04-11T17:02:00","modified_gmt":"2009-04-11T17:02:00","slug":"histeria-socialista-o-allo-de-que-ve-la-dreta","status":"publish","type":"post","link":"https:\/\/www.blocdelsabat.cat\/?p=660","title":{"rendered":"Hist\u00e8ria Socialista o all\u00f2 de &#8220;Que ve la Dreta!&#8221;"},"content":{"rendered":"<p><a href=\"http:\/\/peresabat.files.wordpress.com\/2009\/04\/logopscpsoe1.png\"><img decoding=\"async\" alt=\"\" src=\"http:\/\/peresabat.files.wordpress.com\/2009\/04\/logopscpsoe1.png?w=276\" border=\"0\" \/><\/a><\/p>\n<div align=\"justify\"><span style=\"font-family:arial;font-size:130%;\">Les aig\u00fces continuen baixant t\u00e8rboles per Vilafranca, ja fa m\u00e9s de quinze dies que es va desencallar la q\u00fcesti\u00f3 sobre la moci\u00f3 de censura, despr\u00e8s de l\u2019assemblea d\u2019Esquerra, per\u00f2 es veu que hi ha certa gent que encara no ha estat capa\u00e7 de digerir la decisi\u00f3 d\u2019Esquerra, CUP i CiU.<\/span><\/div>\n<p><span style=\"font-family:arial;font-size:130%;\"><\/p>\n<div align=\"justify\">Des de l\u2019\u00f2rbita socialista governant es llencen dia s\u00ed dia tamb\u00e9 una gran quantitat d\u2019articles tot glossant la brillant tasca de Marcel Esteve al capdavant de l\u2019alcaldia i encara m\u00e9s articles dient com n\u2019\u00e9s de &#8220;guapo&#8221; i genial el nou alcalde Romero. Fins aqu\u00ed cap problema, \u00e9s l\u00edcit i normal que qui ha conf\u00f3s alcaldia amb possessi\u00f3 reaccioni malament i intenti reivindicar la feina feta, per m\u00e9s dolenta i nefasta que hagi estat. Perqu\u00e8 resulta quasi surrealista que es defensi la gesti\u00f3 dels \u00faltims anys a capa i espasa quan \u00e9s de calaix que ha estat com a poc, justeta. No far\u00e9 ara el memorial de desgovern vilafranqu\u00ed, per\u00f2 n\u2019hi ha prou dient que el PSC-PSOE ha estat incapa\u00e7 de poder pactar uns pressupostos per aquest 2009.<br \/>Els articles per\u00f2 no acaben aqu\u00ed. Les grans patums comarcals del PSC-PSOE semblen un disc que no para de repetir-se, talment com si volguessin recuperar l\u2019esperit de la campanya de les eleccions espanyoles del 2008 no paren de bramar &#8220;que ve el llop, que ve la dreta!&#8221;. <\/div>\n<div align=\"justify\">M\u00e9s enll\u00e0 de la hist\u00e8ria barroera que semblen professar en aquests moments, hi ha una cosa que \u00e9s certa, CiU, un partit de dretes, arribar\u00e0 per primera vegada a l\u2019alcaldia de Vilafranca. \u00c9s evident de qu\u00e8 en un mapa sense relleu, aquesta opci\u00f3 hauria de ser detestable per qualsevol persona que es defin\u00eds d\u2019esquerres, cert. Per\u00f2 la q\u00fcesti\u00f3 a fer \u00e9s, el PSC-PSOE ha actuat com a partit d\u2019esquerres a l\u2019ajuntament? Les pol\u00edtiques que ha fet eren d\u2019esquerres? Aqu\u00ed es podria entrar en un gran debat, ja que caldria considerar qu\u00e8 \u00e9s ser d\u2019esquerres o de dretes. Per\u00f2 on s\u2019arribaria a un punt d\u2019acord \u00e9s que les accions dels socialistes a l\u2019ajuntament han distat molt de les que s\u2019hauria de qualificar com d\u2019esquerres. Deia que en un mapa sense relleu es podria acceptar el discurs socialista, per\u00f2 resulta que la realitat mai \u00e9s plana, i \u00e9s precisament per aquest motiu, les coses s\u00f3n fluctuants, que Esquerra i la Cup, dos partits netament d\u2019esquerres, han donat suport a la moci\u00f3 de censura proposada per CiU.<\/div>\n<div align=\"justify\">Algun dels motius que al meu parer donen a entendre plenament que tiri endavant la moci\u00f3 de censura, s\u00f3n la falta de confian\u00e7a dels grups envers el govern socialista i que aquest actua com si tingu\u00e9s majoria absoluta. Un exemple que ho demostra \u00e9s que en dues setmanes el govern socialista ha tirat endavant m\u00e9s accions dels pressupostos que va pactar amb Esquerra al 2007, que en els dos \u00faltims anys. Aquest fet demostra el que ja s\u2019havia denunciat, el PSC no \u00e9s que no tingu\u00e9s finan\u00e7ament o que no tingu\u00e9s suports per tirar endavant projectes per Vilafranca. El problema \u00e9s que no li donava la gana tirar endavant certs projectes. <\/div>\n<div align=\"justify\">Un govern que actua amb aquesta falta de lleialtat, seriositat i comprom\u00eds amb all\u00f2 pactat no mereix continuar governant el dest\u00ed de Vilafranca.<\/div>\n<div align=\"justify\">Aix\u00f2 s\u00ed, per amagar les incapacitats i mis\u00e8ries pr\u00f2pies, sempre els quedar\u00e0 all\u00f2 de &#8220;que ve la dreta!&#8221;<\/div>\n<p><\/span><\/p>\n<div class=\"blogger-post-footer\"><img width='1' height='1' src='https:\/\/blogger.googleusercontent.com\/tracker\/2467933452740288616-5898313812938034559?l=peresabat.blogspot.com' alt='' \/><\/div>\n","protected":false},"excerpt":{"rendered":"<p>Les aig\u00fces continuen baixant t\u00e8rboles per Vilafranca, ja fa m\u00e9s de quinze dies que es va desencallar la q\u00fcesti\u00f3 sobre la moci\u00f3 de censura, despr\u00e8s de l\u2019assemblea d\u2019Esquerra, per\u00f2 es veu que hi ha certa gent que encara no ha estat capa\u00e7 de digerir la decisi\u00f3 d\u2019Esquerra, CUP i CiU. Des de l\u2019\u00f2rbita socialista governant&#8230;<\/p>\n","protected":false},"author":2,"featured_media":0,"comment_status":"open","ping_status":"open","sticky":false,"template":"","format":"standard","meta":{"footnotes":""},"categories":[26],"tags":[],"class_list":["post-660","post","type-post","status-publish","format-standard","hentry","category-uncategorized"],"_links":{"self":[{"href":"https:\/\/www.blocdelsabat.cat\/index.php?rest_route=\/wp\/v2\/posts\/660","targetHints":{"allow":["GET"]}}],"collection":[{"href":"https:\/\/www.blocdelsabat.cat\/index.php?rest_route=\/wp\/v2\/posts"}],"about":[{"href":"https:\/\/www.blocdelsabat.cat\/index.php?rest_route=\/wp\/v2\/types\/post"}],"author":[{"embeddable":true,"href":"https:\/\/www.blocdelsabat.cat\/index.php?rest_route=\/wp\/v2\/users\/2"}],"replies":[{"embeddable":true,"href":"https:\/\/www.blocdelsabat.cat\/index.php?rest_route=%2Fwp%2Fv2%2Fcomments&post=660"}],"version-history":[{"count":0,"href":"https:\/\/www.blocdelsabat.cat\/index.php?rest_route=\/wp\/v2\/posts\/660\/revisions"}],"wp:attachment":[{"href":"https:\/\/www.blocdelsabat.cat\/index.php?rest_route=%2Fwp%2Fv2%2Fmedia&parent=660"}],"wp:term":[{"taxonomy":"category","embeddable":true,"href":"https:\/\/www.blocdelsabat.cat\/index.php?rest_route=%2Fwp%2Fv2%2Fcategories&post=660"},{"taxonomy":"post_tag","embeddable":true,"href":"https:\/\/www.blocdelsabat.cat\/index.php?rest_route=%2Fwp%2Fv2%2Ftags&post=660"}],"curies":[{"name":"wp","href":"https:\/\/api.w.org\/{rel}","templated":true}]}}