{"id":672,"date":"2009-04-18T10:46:00","date_gmt":"2009-04-18T10:46:00","guid":{"rendered":"http:\/\/peresabat.wordpress.com\/2009\/04\/18\/lautonomisme-necessari"},"modified":"2009-04-18T10:46:00","modified_gmt":"2009-04-18T10:46:00","slug":"lautonomisme-necessari","status":"publish","type":"post","link":"https:\/\/www.blocdelsabat.cat\/?p=672","title":{"rendered":"L&#8217;autonomisme necessari"},"content":{"rendered":"<p><a href=\"http:\/\/peresabat.files.wordpress.com\/2009\/04\/ramon-tremosa-seu-ciu1.jpg\"><img decoding=\"async\" alt=\"\" src=\"http:\/\/peresabat.files.wordpress.com\/2009\/04\/ramon-tremosa-seu-ciu1.jpg?w=300\" border=\"0\" \/><\/a><\/p>\n<div align=\"justify\"><span style=\"font-family:arial;font-size:130%;\">&#8220;Si no serveix aquest estatut, en farem un altre&#8221;. Aquesta \u00e9s la frase m\u00e9s remarcable que el candidat independent, no \u2013ista, de CiUni\u00f3n al Parlament Europeu va fer ahir durant la presentaci\u00f3 del seu llibre de pre-campanya titulat &#8220;el sobiranisme necessari&#8221;.<\/span><\/div>\n<p><span style=\"font-family:arial;font-size:130%;\"><\/p>\n<div align=\"justify\">Cada vegada que Tremosa obra la boca per parlar del futur marc legal de Catalunya es va difuminant aquella aur\u00e8ola d\u2019independentista que tenia abans d\u2019acceptar ser cap de cartell de converg\u00e8ncia. Coses del c\u00e0rrec.<br \/>Tremosa ha passat de l\u2019independentisme acad\u00e8mic a negar al diari ABC, aquell que va declarar Pujol com a <em>&#8220;espa\u00f1ol del a\u00f1o<\/em>&#8220;, que ell mai havia escrit la paraula <em>independ\u00e8ncia<\/em>. I ara afirma que el que cal per superar les defici\u00e8ncies de l\u2019estatut que va pactar Mas i Zapatero \u00e9s precisament, fer un altre estatut.<br \/>Aix\u00f2 s\u00ed, un estatut que ens reconegui com a naci\u00f3, que ens doni el dret a l\u2019autodeterminaci\u00f3, que utilitzi el concert econ\u00f2mic per negociar el finan\u00e7ament, que les seleccions catalanes siguin oficials, que el Prat sigui 100% catal\u00e0 i que la lluna es pinti de color blaugrana els dies parells i els senars blanc-i-blava.<\/div>\n<div align=\"justify\">Realment, l\u2019\u00fanic que demostra aquesta afirmaci\u00f3 \u00e9s que l\u2019opa sobiranista tenia m\u00e9s de fa\u00e7ana que de fonament. No es pot pretendre sobiranitzar-se proclamant que cal negociar amb Espanya un nou estatut, quan en aquests moments la pol\u00edtica catalana i part de l\u2019espanyola giren entorn de l\u2019estatut de la Moncloa, i quan els incompliments per part de &#8220;<em>el gobierno de espa\u00f1a<\/em>&#8221; s\u00f3n reiterats i humiliants. A m\u00e9s que queda bastant clar que amb la nova remodelaci\u00f3 del govern Zapatero es pret\u00e9n tancar la carpeta auton\u00f2mica, basant-se en qu\u00e8 l\u2019estat de les autonomies ha tocat sostre. <\/div>\n<div align=\"justify\">Seguir en paradigmes del passat l\u2019\u00fanic que fa \u00e9s retenir el pa\u00eds i impedir que s\u2019exerceixi el dret a decidir. Recrear-se en l\u2019error, negociar un nou estatut, l\u2019\u00fanic que pot portar \u00e9s a m\u00e9s frustraci\u00f3 i desencant de la poblaci\u00f3. La gent vol solucions i els estatuts han demostrat amb fets la seva incapacitat d\u2019aportar-les. <\/div>\n<div align=\"justify\">Amb Espanya hi ha poc a negociar, per\u00f2 en cap cas un nou estatut. A no ser, que la m\u00e0xima aspiraci\u00f3 del qui ho pret\u00e9n, sigui ser una trista part de &#8220;Espa\u00f1a&#8221;. <\/span><\/div>\n<p><\/p>\n<div><\/div>\n<div class=\"blogger-post-footer\"><img width='1' height='1' src='https:\/\/blogger.googleusercontent.com\/tracker\/2467933452740288616-5406530407302496129?l=peresabat.blogspot.com' alt='' \/><\/div>\n","protected":false},"excerpt":{"rendered":"<p>&#8220;Si no serveix aquest estatut, en farem un altre&#8221;. Aquesta \u00e9s la frase m\u00e9s remarcable que el candidat independent, no \u2013ista, de CiUni\u00f3n al Parlament Europeu va fer ahir durant la presentaci\u00f3 del seu llibre de pre-campanya titulat &#8220;el sobiranisme necessari&#8221;. Cada vegada que Tremosa obra la boca per parlar del futur marc legal de&#8230;<\/p>\n","protected":false},"author":2,"featured_media":0,"comment_status":"open","ping_status":"open","sticky":false,"template":"","format":"standard","meta":{"footnotes":""},"categories":[26],"tags":[],"class_list":["post-672","post","type-post","status-publish","format-standard","hentry","category-uncategorized"],"_links":{"self":[{"href":"https:\/\/www.blocdelsabat.cat\/index.php?rest_route=\/wp\/v2\/posts\/672","targetHints":{"allow":["GET"]}}],"collection":[{"href":"https:\/\/www.blocdelsabat.cat\/index.php?rest_route=\/wp\/v2\/posts"}],"about":[{"href":"https:\/\/www.blocdelsabat.cat\/index.php?rest_route=\/wp\/v2\/types\/post"}],"author":[{"embeddable":true,"href":"https:\/\/www.blocdelsabat.cat\/index.php?rest_route=\/wp\/v2\/users\/2"}],"replies":[{"embeddable":true,"href":"https:\/\/www.blocdelsabat.cat\/index.php?rest_route=%2Fwp%2Fv2%2Fcomments&post=672"}],"version-history":[{"count":0,"href":"https:\/\/www.blocdelsabat.cat\/index.php?rest_route=\/wp\/v2\/posts\/672\/revisions"}],"wp:attachment":[{"href":"https:\/\/www.blocdelsabat.cat\/index.php?rest_route=%2Fwp%2Fv2%2Fmedia&parent=672"}],"wp:term":[{"taxonomy":"category","embeddable":true,"href":"https:\/\/www.blocdelsabat.cat\/index.php?rest_route=%2Fwp%2Fv2%2Fcategories&post=672"},{"taxonomy":"post_tag","embeddable":true,"href":"https:\/\/www.blocdelsabat.cat\/index.php?rest_route=%2Fwp%2Fv2%2Ftags&post=672"}],"curies":[{"name":"wp","href":"https:\/\/api.w.org\/{rel}","templated":true}]}}