{"id":720,"date":"2009-06-01T16:25:00","date_gmt":"2009-06-01T16:25:00","guid":{"rendered":"http:\/\/peresabat.wordpress.com\/2009\/06\/01\/el-jou-les-fletxes-i-la-chacon"},"modified":"2009-06-01T16:25:00","modified_gmt":"2009-06-01T16:25:00","slug":"el-jou-les-fletxes-i-la-chacon","status":"publish","type":"post","link":"https:\/\/www.blocdelsabat.cat\/?p=720","title":{"rendered":"El jou, les fletxes i la Chac\u00f3n"},"content":{"rendered":"<p><a href=\"http:\/\/peresabat.files.wordpress.com\/2009\/06\/bruch1.jpg\"><img decoding=\"async\" alt=\"\" src=\"http:\/\/peresabat.files.wordpress.com\/2009\/06\/bruch1.jpg?w=225\" border=\"0\" \/><\/a><\/p>\n<div align=\"justify\"><span style=\"font-family:arial;font-size:130%;\">Que la democr\u00e0cia espanyola \u00e9s deficient \u00e9s un tema llargament debatut i cada cop compta amb m\u00e9s defensors que veient com l\u2019estat, suposadament, de dret pren decisions de manera arbitraria carregant de desigualtats el sistema democr\u00e0tic present a l\u2019estat espanyol diuen prou. Les desigualtats s\u2019expressen per exemple amb les difer\u00e8ncies de com s\u00f3n tractats diversos partits envers les convocat\u00f2ries electorals. Resulta xocant com el &#8220;ministerio de justicia&#8221; o el &#8220;del interior&#8221; fan mans i m\u00e0nigues fent lleis -de partits- per tal d\u2019impedir a l\u2019esquerra abertzale participar en eleccions i en canvi deixen participar com qui res a <em>Falange Espa\u00f1ola y de las JONS<\/em> amb anuncis a la televisi\u00f3 i tot. <\/span><\/div>\n<p><span style=\"font-family:arial;font-size:130%;\"><\/p>\n<div align=\"justify\">La democr\u00e0cia a l\u2019estat, doncs, no \u00e9s una cosa que en digu\u00e9ssim ben arrelada.<br \/>M\u00e9s enll\u00e0 de prohibicions i il.legalitzacions de partits, una de les defici\u00e8ncies m\u00e9s not\u00f2ries del Regne d\u2019Espanya \u00e9s la seva negativa a acceptar el seu passat. Durant la legislatura passada es va intentar acabar amb aquest oblit elaborat pels vencedors de la Guerra espanyola, per\u00f2 l\u2019intent va quedar amb frac\u00e0s, ja que la dita llei de la mem\u00f2ria no deixa de ser una presa de p\u00e8l duta a terme pel PSOE, IU, ICV i CiU. Tot i aix\u00ed la llei tan sols tenia algun punt salvable, fer-ho tot malament \u00e9s quasi impossible. Aquest punt salvable era que obligava a l\u2019estat a retirar i eliminar tota simbologia feixista dels edificis que pertanyen al Regne d\u2019Espanya.<br \/>Doncs b\u00e9, ara resulta que la molt &#8220;<em>ni\u00f1a de Gonz\u00e1lez&#8221;<\/em> Carmen Chac\u00f3n ha dit que no, que dels m\u00e9s de 330 s\u00edmbols cessats en edificis oficials nom\u00e9s en retirar\u00e0 25 adduint arguments art\u00edstics i t\u00e8cnics. <\/div>\n<div align=\"justify\">La veritat \u00e9s que ser membre d\u2019un estat que no fa tot el que pot per retornar la dignitat a aquelles persones i aquelles institucions o organitzacions v\u00edctimes del feixisme em produeix un gran rebuig, per\u00f2 que a m\u00e9s a m\u00e9s l\u2019estat mateix garanteixi que la simbologia feixista continu\u00ef presidint edificis oficials em fa preguntar si \u00e9s que s\u2019ha avan\u00e7at alguna cosa des de qu\u00e8 es va produir la transacci\u00f3 de r\u00e8gim. <\/div>\n<div align=\"justify\">L\u2019\u00fanic element positiu d\u2019aquesta bruta decisi\u00f3 \u00e9s que una vegada m\u00e9s la veritable cara dels socialisme espanyol queda al descobert. Ni dretes ni esquerres, el que \u00e9s el PSOE \u00e9s espanyol, i punt. Ni espanyes plurals ni espanyes federals. <em>Espa\u00f1a una, grande y libre<\/em>. <\/div>\n<div align=\"justify\">Amb aquest, i ja en van uns quants, els postulats de PSOE i PP coincideixen de manera fefaent. Coincideixen en la defensa del que consideren que \u00e9s l\u2019ess\u00e8ncia del Regne d\u2019Espanya, \u00e9s a dir, els 40 anys de la dictadura feixista, una ess\u00e8ncia que ja es pot intuir tan sols pronunciant el nom oficial de l\u2019estat : Reino de Espa\u00f1a, per la gr\u00e0cia de Franco, \u00e9s clar.<\/div>\n<p><\/span><\/p>\n<div class=\"blogger-post-footer\"><img width='1' height='1' src='https:\/\/blogger.googleusercontent.com\/tracker\/2467933452740288616-5775349523268406223?l=peresabat.blogspot.com' alt='' \/><\/div>\n","protected":false},"excerpt":{"rendered":"<p>Que la democr\u00e0cia espanyola \u00e9s deficient \u00e9s un tema llargament debatut i cada cop compta amb m\u00e9s defensors que veient com l\u2019estat, suposadament, de dret pren decisions de manera arbitraria carregant de desigualtats el sistema democr\u00e0tic present a l\u2019estat espanyol diuen prou. Les desigualtats s\u2019expressen per exemple amb les difer\u00e8ncies de com s\u00f3n tractats diversos&#8230;<\/p>\n","protected":false},"author":2,"featured_media":0,"comment_status":"open","ping_status":"open","sticky":false,"template":"","format":"standard","meta":{"footnotes":""},"categories":[26],"tags":[],"class_list":["post-720","post","type-post","status-publish","format-standard","hentry","category-uncategorized"],"_links":{"self":[{"href":"https:\/\/www.blocdelsabat.cat\/index.php?rest_route=\/wp\/v2\/posts\/720","targetHints":{"allow":["GET"]}}],"collection":[{"href":"https:\/\/www.blocdelsabat.cat\/index.php?rest_route=\/wp\/v2\/posts"}],"about":[{"href":"https:\/\/www.blocdelsabat.cat\/index.php?rest_route=\/wp\/v2\/types\/post"}],"author":[{"embeddable":true,"href":"https:\/\/www.blocdelsabat.cat\/index.php?rest_route=\/wp\/v2\/users\/2"}],"replies":[{"embeddable":true,"href":"https:\/\/www.blocdelsabat.cat\/index.php?rest_route=%2Fwp%2Fv2%2Fcomments&post=720"}],"version-history":[{"count":0,"href":"https:\/\/www.blocdelsabat.cat\/index.php?rest_route=\/wp\/v2\/posts\/720\/revisions"}],"wp:attachment":[{"href":"https:\/\/www.blocdelsabat.cat\/index.php?rest_route=%2Fwp%2Fv2%2Fmedia&parent=720"}],"wp:term":[{"taxonomy":"category","embeddable":true,"href":"https:\/\/www.blocdelsabat.cat\/index.php?rest_route=%2Fwp%2Fv2%2Fcategories&post=720"},{"taxonomy":"post_tag","embeddable":true,"href":"https:\/\/www.blocdelsabat.cat\/index.php?rest_route=%2Fwp%2Fv2%2Ftags&post=720"}],"curies":[{"name":"wp","href":"https:\/\/api.w.org\/{rel}","templated":true}]}}