{"id":739,"date":"2009-06-30T19:21:00","date_gmt":"2009-06-30T19:21:00","guid":{"rendered":"http:\/\/peresabat.wordpress.com\/2009\/06\/30\/el-dret-a-lautodeterminacio-a-la-ue-els-precedents-i-catalunya-i"},"modified":"2009-06-30T19:21:00","modified_gmt":"2009-06-30T19:21:00","slug":"el-dret-a-lautodeterminacio-a-la-ue-els-precedents-i-catalunya-i","status":"publish","type":"post","link":"https:\/\/www.blocdelsabat.cat\/?p=739","title":{"rendered":"El Dret a l&#8217;Autodeterminaci\u00f3 a la UE. Els Precedents i Catalunya (I)"},"content":{"rendered":"<p><a href=\"http:\/\/peresabat.files.wordpress.com\/2009\/06\/ue21.jpg\"><img decoding=\"async\" alt=\"\" src=\"http:\/\/peresabat.files.wordpress.com\/2009\/06\/ue21.jpg?w=300\" border=\"0\" \/><\/a><\/p>\n<div align=\"justify\"><em><span style=\"font-family:courier new;\"><span style=\"font-size:130%;\">Avui publico la primera part, dem\u00e0 la segona, d&#8217;un text que vaig escriure per un seminari de la Universitat.<\/span><\/span><\/em><\/div>\n<p><em><span style=\"font-family:courier new;\"><span style=\"font-size:130%;\"><\/span><\/p>\n<div align=\"justify\"><\/div>\n<p><\/span><\/em><\/p>\n<div align=\"justify\"><span style=\"font-family:arial;font-size:130%;\">En la pen\u00faltima sessi\u00f3 del seminari organitzat per Estudiants en Acci\u00f3 sobre el dret a l\u2019autodeterminaci\u00f3, hi van intervenir el professor de la Universitat Pompeu Fabra Anthony Guilliland i el diputat d\u2019Esquerra Republicana de Catalunya al Parlament Uriel Bertran. <\/span><\/div>\n<p><span style=\"font-family:arial;font-size:130%;\"><\/p>\n<div align=\"justify\">El diputat independentista va apuntar en la seva confer\u00e8ncia que l\u2019aplicaci\u00f3 del dret a l\u2019autodeterminaci\u00f3 a Europa \u00e9s possible.<br \/>Bertran va exposar que la Uni\u00f3 Europea es troba actualment en una dicotomia entre dos principis fonamentals: el dels estats a la integritat territorial nacional; i el principi democr\u00e0tic. Entre aquests dos, en principi la Uni\u00f3 Europea, aix\u00ed com tamb\u00e9 el dret internacional, es decanten per el primer tot i que el principi democr\u00e0tic, que inclouria el de l\u2019autodeterminaci\u00f3, si no formalment si que a la pr\u00e0ctica \u00e9s aplicat. <\/div>\n<div align=\"justify\">En l\u2019actual estructura administrativa i pol\u00edtica, la Uni\u00f3 Europea no contempla de forma clara el dret a l\u2019autodeterminaci\u00f3 de les diverses nacions sense estat.<br \/>Per una banda, per exemple, en el Tractat de Lisboa, encara no en vigor, per expressa voluntat del govern del Regne d\u2019Espanya s\u2019hi inclou un article en qu\u00e8 s\u2019expressa de manera clarificadora que la UE respectar\u00e0 la integritat territorial dels estats. Una vegada m\u00e9s, la UE anteposa aquest principi al democr\u00e0tic. A m\u00e9s a m\u00e9s, des de certs estats de la Uni\u00f3 es considera que el dret a l\u2018autodeterminaci\u00f3 \u2013 reconegut al Pacte de drets civils i pol\u00edtics per la ONU \u2013 s\u2019executa cada cop que se celebren eleccions en el determinat territori.<br \/>Tanmateix per sortir d\u2019aquest atzucac es podria aplicar el principi d\u2019efectivitat defensat per Kelsen, que fa refer\u00e8ncia que l\u2019\u00e8xit pol\u00edtic de la independ\u00e8ncia es pot aplicar des de la for\u00e7a o mitjan\u00e7ant el reconeixement internacional. <\/div>\n<div align=\"justify\">Tot i que la UE defensa el principi de integritat territorial dels estats, no \u00e9s menys cert que els dos processos d\u2019independ\u00e8ncia que s\u2019han produ\u00eft en els darrers anys a nivell europeu han estat avalats per aquesta mateixa Uni\u00f3 Europea.<br \/>Si la UE defensa la integritat territorial dels estats, com \u00e9s possible que tamb\u00e9 participi i avali processos d\u2019independ\u00e8ncia? Segons Bertran la UE avala els processos perqu\u00e8 quan la UE no ha intervingut en conflictes s\u2019ha desencadenat diverses guerres \u2013 les dels Balcans \u2013 fet que trenca la idea i l\u2019objectiu de qu\u00e8 la Uni\u00f3 Europea sigui un espai de seguretat. \u00c9s a dir, la UE no es podia permetre un nou rid\u00edcul a partir de la voluntat d\u2019uns a decidir el seu futur i la d\u2019uns altres a impedir-ho. <\/div>\n<div align=\"justify\">El conflicte dels Balcans \u00e9s de gran transcend\u00e8ncia per l\u2019evoluci\u00f3 de la Uni\u00f3 Europea en relaci\u00f3 als principis defensats, \u00e9s a dir, segons el diputat independentista a la Uni\u00f3 a partir del conflicte als Balcans s\u2019hi produeix un canvi de jerarquia en quan als principis de la dicotomia inicial. \u00c9s doncs des de la meitat dels anys 90 del segle XX quan la UE assumeix el dret democr\u00e0tic com a propi. Aix\u00ed s\u2019explica que la Uni\u00f3 Europea aval\u00e9s i tutel\u00e9s el proc\u00e9s d\u2019independ\u00e8ncia de Montenegro. <\/div>\n<div align=\"justify\">El dret democr\u00e0tic \u00e9s el mateix que el dret de l\u2019autodeterminaci\u00f3 a Europa? Segons Uriel Bertan no. El dret democr\u00e0tic defensat per la Uni\u00f3 Europea no inclou la secessi\u00f3. Llavors, com es pot arribar a la situaci\u00f3 de proclamar la independ\u00e8ncia i que la UE l\u2019accepti? En el proc\u00e9s d\u2019independ\u00e8ncia seguit per Montenegro la UE, davant la voluntat de qu\u00e8 la situaci\u00f3 no deriv\u00e9s cap a un conflicte armat, va demanar a un consell assessor quin seria el m\u00ednim democr\u00e0tic exigible per poder acceptar la independ\u00e8ncia. Aquest Consell va acordar que per donar validesa a la independ\u00e8ncia el s\u00ed hauria d\u2019accedir a la xifra del 55% i que la participaci\u00f3 no hauria de ser inferior al 65%. Aquestes demandes s\u00f3n clarament beneficioses per els defensors del no, ja que amb tan sols el 45,01% ja fan impossible la independ\u00e8ncia per m\u00e9s que el 54,09% restant s\u2019hi hagi pronunciat a favor. Aquests condicionants van ser imposats per la voluntat de la Uni\u00f3 d\u2019impedir el naixement de l\u2019estat montenagr\u00ed, ja que cap de les prospeccions electorals donaven a l\u2019opci\u00f3 del S\u00ed una xifra pr\u00f2xima al 55%.<br \/>S\u2019ha observat que en el proc\u00e9s de Montenegro el que va primar va ser el dret democr\u00e0tic exercit en un refer\u00e8ndum, en canvi en el cas del segon estat sorgit recentment el procediment va ser diferent. <\/div>\n<div align=\"justify\">A Kosovo a difer\u00e8ncia de Montenegro, la Constituci\u00f3 s\u00e8rbia no li reconeixia el dret a l\u2019autodeterminaci\u00f3, aix\u00ed que com \u00e9s que es va poder declarar independent?<br \/>Kosovo va fer \u00fas del principi d\u2019efectivitat de Kelsen, el del reconeixement internacional. Kosovo rebut el reconeixement dels Estats Units, d\u2019Alemanya, del Regne Unit, de Fran\u00e7a\u2026 per contra la Xina, Xipre, R\u00fassia, S\u00e8rbia i Espanya es neguen a recon\u00e8ixer Kosovo com a estat independent.<\/div>\n<div align=\"justify\">Kosovo i Montenegro han aconseguit ser estats independents amb el concurs de la Uni\u00f3 Europea.<\/span><\/div>\n<div class=\"blogger-post-footer\"><img width='1' height='1' src='https:\/\/blogger.googleusercontent.com\/tracker\/2467933452740288616-5329576675311532493?l=peresabat.blogspot.com' alt='' \/><\/div>\n","protected":false},"excerpt":{"rendered":"<p>Avui publico la primera part, dem\u00e0 la segona, d&#8217;un text que vaig escriure per un seminari de la Universitat. En la pen\u00faltima sessi\u00f3 del seminari organitzat per Estudiants en Acci\u00f3 sobre el dret a l\u2019autodeterminaci\u00f3, hi van intervenir el professor de la Universitat Pompeu Fabra Anthony Guilliland i el diputat d\u2019Esquerra Republicana de Catalunya al&#8230;<\/p>\n","protected":false},"author":2,"featured_media":0,"comment_status":"open","ping_status":"open","sticky":false,"template":"","format":"standard","meta":{"footnotes":""},"categories":[26],"tags":[],"class_list":["post-739","post","type-post","status-publish","format-standard","hentry","category-uncategorized"],"_links":{"self":[{"href":"https:\/\/www.blocdelsabat.cat\/index.php?rest_route=\/wp\/v2\/posts\/739","targetHints":{"allow":["GET"]}}],"collection":[{"href":"https:\/\/www.blocdelsabat.cat\/index.php?rest_route=\/wp\/v2\/posts"}],"about":[{"href":"https:\/\/www.blocdelsabat.cat\/index.php?rest_route=\/wp\/v2\/types\/post"}],"author":[{"embeddable":true,"href":"https:\/\/www.blocdelsabat.cat\/index.php?rest_route=\/wp\/v2\/users\/2"}],"replies":[{"embeddable":true,"href":"https:\/\/www.blocdelsabat.cat\/index.php?rest_route=%2Fwp%2Fv2%2Fcomments&post=739"}],"version-history":[{"count":0,"href":"https:\/\/www.blocdelsabat.cat\/index.php?rest_route=\/wp\/v2\/posts\/739\/revisions"}],"wp:attachment":[{"href":"https:\/\/www.blocdelsabat.cat\/index.php?rest_route=%2Fwp%2Fv2%2Fmedia&parent=739"}],"wp:term":[{"taxonomy":"category","embeddable":true,"href":"https:\/\/www.blocdelsabat.cat\/index.php?rest_route=%2Fwp%2Fv2%2Fcategories&post=739"},{"taxonomy":"post_tag","embeddable":true,"href":"https:\/\/www.blocdelsabat.cat\/index.php?rest_route=%2Fwp%2Fv2%2Ftags&post=739"}],"curies":[{"name":"wp","href":"https:\/\/api.w.org\/{rel}","templated":true}]}}