{"id":746,"date":"2009-07-10T16:58:00","date_gmt":"2009-07-10T16:58:00","guid":{"rendered":"http:\/\/peresabat.wordpress.com\/2009\/07\/10\/no-a-aquest-financament"},"modified":"2009-07-10T16:58:00","modified_gmt":"2009-07-10T16:58:00","slug":"no-a-aquest-financament","status":"publish","type":"post","link":"https:\/\/www.blocdelsabat.cat\/?p=746","title":{"rendered":"No a Aquest Finan\u00e7ament"},"content":{"rendered":"<p><a href=\"http:\/\/peresabat.files.wordpress.com\/2009\/07\/money-coins1.jpg\"><img decoding=\"async\" alt=\"\" src=\"http:\/\/peresabat.files.wordpress.com\/2009\/07\/money-coins1.jpg?w=240\" border=\"0\" \/><\/a><\/p>\n<div align=\"justify\"><span style=\"font-family:arial;font-size:130%;\">Segons tot apunta el melodrama de la negociaci\u00f3 del nou model de finan\u00e7ament auton\u00f2mic est\u00e0 apunt d\u2019acabar-se, ja que tal i com afirmen diversos mitjans, durant el dia d\u2019ahir el conseller socialista Antoni Castells i la vice-presidenta socialista espanyola Elena Salgado haurien arribat a un acord final en quan a xifra i model, nom\u00e9s pendent de tancar els serrells. <\/span><\/div>\n<p><span style=\"font-family:arial;font-size:130%;\"><\/p>\n<div align=\"justify\">Aquestes informacions exposen que aquest model incomplir\u00e0 l\u2019Estatut, ja que la graduaci\u00f3 dels anys posteriors a l\u2019entrada de l\u2019aplicaci\u00f3 del text se situava al 2011, \u00e9s a dir, que al 2011 hauria d\u2019arribar al &#8220;tope&#8221;, per\u00f2 com sembla Castells hauria renunciat a aquest fet allargant-ho fins al 2013, conseq\u00fcentment s\u2019ent\u00e9n que l\u2019estatut entra en vigor aquest any i no al 2006\u2026 A m\u00e9s a m\u00e9s l\u2019acord de finan\u00e7ament, segons el que s\u2019ha publicat, no arribaria ni de bon tros als 3.800 milions que defensen la Cambra i Esquerra com a quantia m\u00ednim d\u2019aquest model, ja que se situaria s\u00ed per sobre dels 3.000 milions al tercer any d\u2019aplicaci\u00f3, per\u00f2 lluny dels quasi 4.000 estipulats com a sostre baix. I \u00e8r \u00faltim no est\u00e0 gens clar que el principi d\u2019ordinalitat es respecti, ja que Elena Salgado preveu &#8220;colar&#8221; alguna partida fora del sistema.<br \/>Realment no deixa de ser graci\u00f3s, per no dir una altra cosa, que quan la Generalitat ha fet p\u00fablic que aquest any ha tingut un d\u00e8ficit de 4.000 milions d\u2019euros, el &#8220;gobierno de espa\u00f1a&#8221; nom\u00e9s ofereixi 3.200 milions de finan\u00e7ament al tercer any d\u2019aplicaci\u00f3. Aquest fet tan sols demostra la manera que, mani qui mani, t\u00e9 Espanya d\u2019entendre Catalunya i les seves necessitats.<br \/>En resum, que per m\u00e9s &#8220;pegats&#8221; que la Salgado i el Castells enganxin al model sobre Mossos, just\u00edcia i no s\u00e9 quantes compet\u00e8ncies m\u00e9s, aquest model no reflecteix ni l\u2019estatut, ni l\u2019ordinalitat, ni una xifra acceptable i molt menys reflexa les necessitats reals del pa\u00eds per fer front als reptes dels pr\u00f2xims anys com les infrastructures, la immigraci\u00f3, la sanitat, l\u2019educaci\u00f3\u2026<\/div>\n<div align=\"justify\">Les reaccions a aquesta not\u00edcia no s\u2019han fet esperar. Com era de preveure els dirigents socialistes han sortit tots contents a donar la benvinguda a l\u2019acord, i segons el seu President, Isidre Molas, l\u2019acord &#8220;\u00e9s deu vegades millor que el de l\u2019any 2001&#8221;. Una vegada m\u00e9s es confon millorar un acord amb qu\u00e8 aquesta millora sigui bona. El soci petit del govern, ICV, ja ha donat el &#8220;s\u00ed&#8221; i Joan Saura ja s\u2019ha apressat a comentar que espera el pacte es tanqui en poques hores. Queda clar que, una vegada m\u00e9s, el PSC ha sucumbit envers el PSOE i que, malauradament, l\u2019aposta per acostar el PSC a posicions catalanistes no ha reeixit. Aquesta aposta per\u00f2 haur\u00e0 servit per mostrar que simplement el PSC no existeix, i que per tant no \u00e9s m\u00e9s que una pota del PSOE. I qu\u00e8 no dir dels acomplexats d\u2019Iniciativa. Uns que s\u2019omplen la boca defensant la classe treballadora del pa\u00eds per\u00f2 que accepten un finan\u00e7ament que els condemna a la mis\u00e8ria. Aix\u00f2 \u00e9s ser d\u2019esquerres de deb\u00f2? Realment, seria millor que s\u2019integressin al PSOE-PSC i d\u2019aquesta manera poder votar, sense complexos ni atacs de &#8220;paquetitits&#8221;, juntament amb aquells que els hi diuen, talment com es va produir amb l\u2019estatut, la decisi\u00f3 que han de prendre.<br \/>Per tant, aquesta situaci\u00f3 deixa una vegada m\u00e9s, la decisi\u00f3 en mans d\u2019Esquerra, ja que depenen de la decisi\u00f3 que prengui la Permanent Nacional, que s\u2019est\u00e0 reunint aquesta tarda, dependr\u00e0 si el govern accepta o no l\u2019acord i si aquest mateix govern t\u00e9 futur o no. <\/div>\n<div align=\"justify\">Aix\u00ed doncs com les grans decisions que han marcat l\u2019esdevenir del nostre pa\u00eds en els \u00faltims anys, la pilota torna a ser en mans d\u2019Esquerra. A Esquerra sempre li toca el pitjor dels papers, decidir s\u00ed el que han pactat uns altres &#8211; sigui CiU o el PSOE-PSC- \u00e9s bo per el pa\u00eds o no. Ho va fer amb l\u2019estatut pactat en nocturnitat i tra\u00efdoria per Mas amb Zapatero, i va encertar dient que No, tal i com es pot comprovar en aquests moments en qu\u00e8 queda clar que aquell pacte ha sigut una de les pitjor negociacions que mai un pol\u00edtic catal\u00e0 ha fet.<\/div>\n<div align=\"justify\">Ara li torna a tocar decidir. La situaci\u00f3 \u00e9s dif\u00edcil, cert, per\u00f2 \u00e9s en els moments dif\u00edcils on es demostra la valentia, la coher\u00e8ncia i el comprom\u00eds envers el que es defensa. Esquerra no pot acceptar un model que no sigui bo per Catalunya, i com va dir el President Puigcerc\u00f3s, en cap cas un model que no arribi als 3.800 milions. <\/div>\n<div align=\"justify\">Esquerra ha de dir que no a aquest finan\u00e7ament.<\/div>\n<p><\/span><\/p>\n<div class=\"blogger-post-footer\"><img width='1' height='1' src='https:\/\/blogger.googleusercontent.com\/tracker\/2467933452740288616-8451416465131442837?l=peresabat.blogspot.com' alt='' \/><\/div>\n","protected":false},"excerpt":{"rendered":"<p>Segons tot apunta el melodrama de la negociaci\u00f3 del nou model de finan\u00e7ament auton\u00f2mic est\u00e0 apunt d\u2019acabar-se, ja que tal i com afirmen diversos mitjans, durant el dia d\u2019ahir el conseller socialista Antoni Castells i la vice-presidenta socialista espanyola Elena Salgado haurien arribat a un acord final en quan a xifra i model, nom\u00e9s pendent&#8230;<\/p>\n","protected":false},"author":2,"featured_media":0,"comment_status":"open","ping_status":"open","sticky":false,"template":"","format":"standard","meta":{"footnotes":""},"categories":[26],"tags":[],"class_list":["post-746","post","type-post","status-publish","format-standard","hentry","category-uncategorized"],"_links":{"self":[{"href":"https:\/\/www.blocdelsabat.cat\/index.php?rest_route=\/wp\/v2\/posts\/746","targetHints":{"allow":["GET"]}}],"collection":[{"href":"https:\/\/www.blocdelsabat.cat\/index.php?rest_route=\/wp\/v2\/posts"}],"about":[{"href":"https:\/\/www.blocdelsabat.cat\/index.php?rest_route=\/wp\/v2\/types\/post"}],"author":[{"embeddable":true,"href":"https:\/\/www.blocdelsabat.cat\/index.php?rest_route=\/wp\/v2\/users\/2"}],"replies":[{"embeddable":true,"href":"https:\/\/www.blocdelsabat.cat\/index.php?rest_route=%2Fwp%2Fv2%2Fcomments&post=746"}],"version-history":[{"count":0,"href":"https:\/\/www.blocdelsabat.cat\/index.php?rest_route=\/wp\/v2\/posts\/746\/revisions"}],"wp:attachment":[{"href":"https:\/\/www.blocdelsabat.cat\/index.php?rest_route=%2Fwp%2Fv2%2Fmedia&parent=746"}],"wp:term":[{"taxonomy":"category","embeddable":true,"href":"https:\/\/www.blocdelsabat.cat\/index.php?rest_route=%2Fwp%2Fv2%2Fcategories&post=746"},{"taxonomy":"post_tag","embeddable":true,"href":"https:\/\/www.blocdelsabat.cat\/index.php?rest_route=%2Fwp%2Fv2%2Ftags&post=746"}],"curies":[{"name":"wp","href":"https:\/\/api.w.org\/{rel}","templated":true}]}}