{"id":755,"date":"2009-07-16T16:58:00","date_gmt":"2009-07-16T16:58:00","guid":{"rendered":"http:\/\/peresabat.wordpress.com\/2009\/07\/16\/indecencia-sense-fronteres"},"modified":"2009-07-16T16:58:00","modified_gmt":"2009-07-16T16:58:00","slug":"indecencia-sense-fronteres","status":"publish","type":"post","link":"https:\/\/www.blocdelsabat.cat\/?p=755","title":{"rendered":"Indec\u00e8ncia Sense Fronteres"},"content":{"rendered":"<p><a href=\"http:\/\/peresabat.files.wordpress.com\/2009\/07\/nacionalistes1.jpg\"><img decoding=\"async\" alt=\"\" src=\"http:\/\/peresabat.files.wordpress.com\/2009\/07\/nacionalistes1.jpg?w=300\" border=\"0\" \/><\/a><\/p>\n<div align=\"justify\"><span style=\"font-family:arial;font-size:130%;\">Ho he dit dues vegades en dos escrits al bloc: no estic a favor del finan\u00e7ament acordat, i sobre aquest fet ja vaig exposar per quines raons no veia correcte el fet de validar aquest pacte, tanmateix tamb\u00e9 es pot afirmar sense por a equivocar-se que aquest acord, l\u2019acord que Esquerra va aconseguir, \u00e9s el m\u00e9s ambici\u00f3s que permetia l\u2019actual marc estatutari. <\/span><\/div>\n<p><span style=\"font-family:arial;font-size:130%;\"><\/p>\n<div align=\"justify\">Es poden criticar diversos aspectes de l\u2019acord que ahir va aprovar el Consell de Pol\u00edtica Financera sense cap vot en contra ja que finalment el PP va tocar el &#8220;pito&#8221; i totes les comunitats conservadores van acatar l\u2019ordre de Rajoy i es van abstenir, el que no es pot fer \u00e9s titllar aquest acord d\u2019il\u00b7legal ni fer creure que s\u2019hagu\u00e9s pogut aconseguir molt m\u00e9s.<\/div>\n<div align=\"justify\">Des de que diumenge Joan Puigcerc\u00f3s va fer oficial el S\u00ed d\u2019Esquerra al finan\u00e7ament a ra\u00f3 de 3.855 milions d\u2019euros addicionals, segons el Govern poden arribar als 4.000, el principal partit de l\u2019oposici\u00f3 s\u2019hi ha mostrat clarament en contra i ha optat per tirar la m\u00e0xima bilis possible contra Esquerra, el Govern i contra l\u2019acord aconseguit. \u00c9s leg\u00edtim que Mas i companyia actu\u00efn d\u2019aquesta manera ja que estan a l\u2019oposici\u00f3 i han quedat descol\u00b7locats, leg\u00edtim s\u00ed, per\u00f2 indecent tamb\u00e9. <\/div>\n<div align=\"justify\">Indecent perqu\u00e8, com pot ser que el partit i la persona que van pactar un cad\u00e0ver pol\u00edtic nom\u00e9s al n\u00e9ixer, com \u00e9s l\u2019estatut de La Moncloa, acusin ara al govern de no aconseguir tot el que podien? Com \u00e9s possible que el partit que durant 23 anys al Govern va acceptar totes les ofertes que &#8220;el gobierno de espa\u00f1a&#8221; els hi oferia sense demostrar cap signe de fermesa, ara acusi al govern de venut? Com pot ser que Mas i CiU facin amb el finan\u00e7ament exactament igual que amb l\u2019estatut, \u00e9s a dir, que els utilitzin simplement com a trampol\u00ed per arribar a la Generalitat?<\/div>\n<div align=\"justify\">Realment \u00e9s escandal\u00f3s que Converg\u00e8ncia i Uni\u00f3n jugui aquest joc d\u2019intentar ser els m\u00e9s almog\u00e0vers possible, quan s\u00f3n precisament ells els que van pactar el marc legal de negociaci\u00f3. L\u2019articulat de l\u2019estatut en mat\u00e8ria de finan\u00e7ament \u00e9s tan ambigu i tan interpretable que deixa la negociaci\u00f3 completament oberta i sense un patr\u00f3 clar. <\/div>\n<div align=\"justify\">Que CiU utilitzaria qualsevol eina possible electoralment per tal d\u2019arribar en bones condicions a la campanya electoral \u00e9s conegut, per\u00f2 que arribaria a creure\u2019s que la gent d\u2019aquest sant pa\u00eds \u00e9s est\u00fapida ja \u00e9s massa. No es pot anar d\u2019almog\u00e0ver quan abans s\u2019ha sigut un Camb\u00f3 de segona divisi\u00f3. I sembla que Mas i el seu pinyol encara no se\u2019n han adonat.<\/div>\n<p><\/span><\/p>\n<div class=\"blogger-post-footer\"><img width='1' height='1' src='https:\/\/blogger.googleusercontent.com\/tracker\/2467933452740288616-2561012964617184850?l=peresabat.blogspot.com' alt='' \/><\/div>\n","protected":false},"excerpt":{"rendered":"<p>Ho he dit dues vegades en dos escrits al bloc: no estic a favor del finan\u00e7ament acordat, i sobre aquest fet ja vaig exposar per quines raons no veia correcte el fet de validar aquest pacte, tanmateix tamb\u00e9 es pot afirmar sense por a equivocar-se que aquest acord, l\u2019acord que Esquerra va aconseguir, \u00e9s el&#8230;<\/p>\n","protected":false},"author":2,"featured_media":0,"comment_status":"open","ping_status":"open","sticky":false,"template":"","format":"standard","meta":{"footnotes":""},"categories":[26],"tags":[],"class_list":["post-755","post","type-post","status-publish","format-standard","hentry","category-uncategorized"],"_links":{"self":[{"href":"https:\/\/www.blocdelsabat.cat\/index.php?rest_route=\/wp\/v2\/posts\/755","targetHints":{"allow":["GET"]}}],"collection":[{"href":"https:\/\/www.blocdelsabat.cat\/index.php?rest_route=\/wp\/v2\/posts"}],"about":[{"href":"https:\/\/www.blocdelsabat.cat\/index.php?rest_route=\/wp\/v2\/types\/post"}],"author":[{"embeddable":true,"href":"https:\/\/www.blocdelsabat.cat\/index.php?rest_route=\/wp\/v2\/users\/2"}],"replies":[{"embeddable":true,"href":"https:\/\/www.blocdelsabat.cat\/index.php?rest_route=%2Fwp%2Fv2%2Fcomments&post=755"}],"version-history":[{"count":0,"href":"https:\/\/www.blocdelsabat.cat\/index.php?rest_route=\/wp\/v2\/posts\/755\/revisions"}],"wp:attachment":[{"href":"https:\/\/www.blocdelsabat.cat\/index.php?rest_route=%2Fwp%2Fv2%2Fmedia&parent=755"}],"wp:term":[{"taxonomy":"category","embeddable":true,"href":"https:\/\/www.blocdelsabat.cat\/index.php?rest_route=%2Fwp%2Fv2%2Fcategories&post=755"},{"taxonomy":"post_tag","embeddable":true,"href":"https:\/\/www.blocdelsabat.cat\/index.php?rest_route=%2Fwp%2Fv2%2Ftags&post=755"}],"curies":[{"name":"wp","href":"https:\/\/api.w.org\/{rel}","templated":true}]}}