{"id":758,"date":"2009-07-21T16:54:00","date_gmt":"2009-07-21T16:54:00","guid":{"rendered":"http:\/\/peresabat.wordpress.com\/2009\/07\/21\/questio-de-numeros"},"modified":"2009-07-21T16:54:00","modified_gmt":"2009-07-21T16:54:00","slug":"questio-de-numeros","status":"publish","type":"post","link":"https:\/\/www.blocdelsabat.cat\/?p=758","title":{"rendered":"Q\u00fcesti\u00f3 de N\u00fameros"},"content":{"rendered":"<p><a href=\"http:\/\/peresabat.files.wordpress.com\/2009\/07\/copalligaichampions1.jpg\"><img decoding=\"async\" alt=\"\" src=\"http:\/\/peresabat.files.wordpress.com\/2009\/07\/copalligaichampions1.jpg?w=300\" border=\"0\" \/><\/a><\/p>\n<div align=\"justify\"><span style=\"font-family:arial;font-size:130%;\">Ahir es va posar en marxa el nou projecte mega-gal\u00e0ctic del Madrid de Florentino, una posada en marxa que, tot i ser tan sols el primer partit de la pre-temporada, no va donar massa de si m\u00e9s enll\u00e0 de constatar el que ja se sabia: que el Madrid t\u00e9 bons jugadors, com sempre d\u2019altra banda.<\/span><\/div>\n<p><span style=\"font-family:arial;font-size:130%;\"><\/p>\n<div align=\"justify\">Des de qu\u00e8 en plena ressaca pel triplet el &#8220;<em>ser sobre natural<\/em>&#8221; va tornar a la llotja blanca del Bernab\u00e9u, sembla que en l\u2019univers blau-grana s\u2019hi hagui instal\u00b7lat un cert patiment o si m\u00e9s no una certa angunia.<br \/>S\u2019ha dit i escrit que contra el nou imperi gal\u00e0ctic poca cosa s\u2019hi podr\u00e0 fer, s\u2019ha dit que si l\u2019any passat amb l\u2019equip de cor-i-collons de Junande Ramos ja va costar guanyar la Lliga, ara amb CR9, Benzema i Kak\u00e0 a l\u2019equip la cosa pot pintar molt malament. Alg\u00fa tamb\u00e9 apuntava que davant el poder econ\u00f2mic del Madrid, el Bar\u00e7a simplement havia d\u2019intentar sobreviure. En definitiva que era q\u00fcesti\u00f3 d\u2019anar preparant l\u2019epitafi, i si pogu\u00e9s ser per d\u2019aqu\u00ed deu minuts millor que per d\u2019aqu\u00ed mitja hora. <\/div>\n<div align=\"justify\">Realment \u00e9s per emprenyar-se de la condescend\u00e8ncia i derrotisme amb qu\u00e8 es tracta la massa barcelonista a ella mateixa. <\/div>\n<div align=\"justify\">No ser\u00e8 jo qui tregui import\u00e0ncia als fitxatges del Madrid. S\u00f3n bons, molt bons jugadors. Cristiano, Kak\u00e0 i Benzema els voldria quasi tots els equips del m\u00f3n. Quasi.<br \/>Dic quasi perqu\u00e8 convindria no oblidar que el Bar\u00e7a en comptes de Cristiano t\u00e9 a un tal Messi, un Messi que ser\u00e0 nomenat millor jugador del m\u00f3n a la tardor, un Messi que va esborrar de l\u2019Ol\u00edmpic de Roma a CR9 a la final de la Champions. En comptes de Kak\u00e0 el Bar\u00e7a hi t\u00e9 un tio que com diu aquell &#8220;\u00e9s lo puto crack&#8221;, \u00e9s a dir, el Bar\u00e7a t\u00e9 a Iniesta, un que tot sol \u00e9s capa\u00e7 de fer embogir centrecampistes i defenses. I s\u00ed, el Madrid t\u00e9 Benzema, per\u00f2 el Bar\u00e7a tindr\u00e0 al fenomen d\u2019Ibrahimovic. Quasi res. Per\u00f2 \u00e9s que a m\u00e9s a m\u00e9s el Bar\u00e7a t\u00e9 a Vald\u00e8s, Xavi, Piqu\u00e9, Henry, Tour\u00e9 o Keita. Quin d\u2019aquests jugadors es podria canviar per Van der Vaart, Gago, Diarra, Pepe, Guit o Ra\u00fal? Cap, no hi ha color. I \u00e9s m\u00e9s, el Bar\u00e7a t\u00e9 un equip que ha fet hist\u00f2ria. El Bar\u00e7a t\u00e9 l\u2019equip del triplet. El de Copa, Lliga i Champions. I el Madrid, no.<\/div>\n<div align=\"justify\">Per\u00f2 per sobre de tot el que cal tenir en compte \u00e9s que el Bar\u00e7a, tal i com fa la campanya de Nike, \u00e9s un. El Bar\u00e7a \u00e9s un equip, un equip que t\u00e9 gana, gana de t\u00edtols, d\u2019ambici\u00f3, el Bar\u00e7a \u00e9s un equip que es vol menjar el m\u00f3n. I ho vol, i fa, com un de sol, ho fa com un equip. Aquesta \u00e9s la gran difer\u00e8ncia. Jugadors vs Equip. Amb aix\u00f2 no vull dir que el Madrid no jugui b\u00e9 o que no faci un joc de toc, amb els jugadors que t\u00e9 nom\u00e9s faltaria que juguessin com l\u2019any passat a l\u2019estil Num\u00e0ncia. La difer\u00e8ncia ser\u00e0 per\u00f2, en la concepci\u00f3 d\u2019equip i en la seva construcci\u00f3. S\u00ed el Bar\u00e7a fitxa a Ibrahimovic no ho far\u00e0 pensant amb les samarretes que vendr\u00e0 a l\u2019\u00c0sia, ho far\u00e0 pensant que \u00e9s el millor per l\u2019equip. Els fitxatges de CR9 i Kak\u00e0 han estat pensats al rev\u00e9s, primer el guany medi\u00e0tic que se\u2019n pugui treure i despr\u00e8s l\u2019entrenador ja decidir\u00e0, ja que quin entrenador, a part de Guardiola, es podria permetre el luxe de dir que &#8220;no&#8221; a CR9 o a Kak\u00e0?<\/div>\n<div align=\"justify\">Per \u00faltim i per allunyar ja per sempre \u2013tota una quimera- la por i el patiment desorbitat del barcelonisme, nom\u00e9s recordar que en els sis anys en qu\u00e8 Florentino va ser President merengue, el Madrid va guanyar dues Lligues, una Champions i una Intercontinental. En sis anys de Laporta com a President, el Bar\u00e7a ha guanyat tres Lligues, dues Champions i una Copa. I encara queda aquesta temporada.<\/div>\n<div align=\"justify\">En definitiva, q\u00fcesti\u00f3 de n\u00fameros.<\/div>\n<p><\/span><\/p>\n<div class=\"blogger-post-footer\"><img width='1' height='1' src='https:\/\/blogger.googleusercontent.com\/tracker\/2467933452740288616-8946803318413052106?l=peresabat.blogspot.com' alt='' \/><\/div>\n","protected":false},"excerpt":{"rendered":"<p>Ahir es va posar en marxa el nou projecte mega-gal\u00e0ctic del Madrid de Florentino, una posada en marxa que, tot i ser tan sols el primer partit de la pre-temporada, no va donar massa de si m\u00e9s enll\u00e0 de constatar el que ja se sabia: que el Madrid t\u00e9 bons jugadors, com sempre d\u2019altra banda&#8230;.<\/p>\n","protected":false},"author":2,"featured_media":0,"comment_status":"open","ping_status":"open","sticky":false,"template":"","format":"standard","meta":{"footnotes":""},"categories":[26],"tags":[],"class_list":["post-758","post","type-post","status-publish","format-standard","hentry","category-uncategorized"],"_links":{"self":[{"href":"https:\/\/www.blocdelsabat.cat\/index.php?rest_route=\/wp\/v2\/posts\/758","targetHints":{"allow":["GET"]}}],"collection":[{"href":"https:\/\/www.blocdelsabat.cat\/index.php?rest_route=\/wp\/v2\/posts"}],"about":[{"href":"https:\/\/www.blocdelsabat.cat\/index.php?rest_route=\/wp\/v2\/types\/post"}],"author":[{"embeddable":true,"href":"https:\/\/www.blocdelsabat.cat\/index.php?rest_route=\/wp\/v2\/users\/2"}],"replies":[{"embeddable":true,"href":"https:\/\/www.blocdelsabat.cat\/index.php?rest_route=%2Fwp%2Fv2%2Fcomments&post=758"}],"version-history":[{"count":0,"href":"https:\/\/www.blocdelsabat.cat\/index.php?rest_route=\/wp\/v2\/posts\/758\/revisions"}],"wp:attachment":[{"href":"https:\/\/www.blocdelsabat.cat\/index.php?rest_route=%2Fwp%2Fv2%2Fmedia&parent=758"}],"wp:term":[{"taxonomy":"category","embeddable":true,"href":"https:\/\/www.blocdelsabat.cat\/index.php?rest_route=%2Fwp%2Fv2%2Fcategories&post=758"},{"taxonomy":"post_tag","embeddable":true,"href":"https:\/\/www.blocdelsabat.cat\/index.php?rest_route=%2Fwp%2Fv2%2Ftags&post=758"}],"curies":[{"name":"wp","href":"https:\/\/api.w.org\/{rel}","templated":true}]}}