{"id":759,"date":"2009-07-22T15:59:00","date_gmt":"2009-07-22T15:59:00","guid":{"rendered":"http:\/\/peresabat.wordpress.com\/2009\/07\/22\/esquerra-si-als-pressupostos"},"modified":"2009-07-22T15:59:00","modified_gmt":"2009-07-22T15:59:00","slug":"esquerra-si-als-pressupostos","status":"publish","type":"post","link":"https:\/\/www.blocdelsabat.cat\/?p=759","title":{"rendered":"Esquerra: S\u00ed als Pressupostos"},"content":{"rendered":"<p><a href=\"http:\/\/peresabat.files.wordpress.com\/2009\/07\/vilafranca1.jpg\"><img decoding=\"async\" alt=\"\" src=\"http:\/\/peresabat.files.wordpress.com\/2009\/07\/vilafranca1.jpg?w=197\" border=\"0\" \/><\/a><\/p>\n<div align=\"justify\"><span style=\"font-family:arial;font-size:130%;\">Des de qu\u00e8 a Vilafranca es va produir la moci\u00f3 de censura de CiU, en la qu\u00e8 Esquerra va participar, contra el govern socialista de Francisco Romero que no havia escrit sobre la pol\u00edtica local vilafranquina. Avui per\u00f2, far\u00e9 algun comentari de com, crec, que est\u00e0 anant l\u2019ajuntament des del passat mes d\u2019abril. <\/span><\/div>\n<p><span style=\"font-family:arial;font-size:130%;\"><\/p>\n<div align=\"justify\">Primer de tot reafirmar-me en el que vaig escriure en el bloc quan vaig donar suport a la moci\u00f3 de censura. No es podia fer altra cosa, per Vilafranca.<br \/>El govern Regull s\u2019ha trobat al davant d\u2019una instituci\u00f3 en una situaci\u00f3 de crisi econ\u00f2mica greu, ha com\u00e8s alguns errors de principiants i es troba amb una correlaci\u00f3 de forces a l\u2019ajuntament en les que \u00e9s dif\u00edcil establir acords pol\u00edtics, prova d\u2019aix\u00f2 \u00e9s que al passat mes es va haver de retirar el projecte de pressupostos pendent per aquest 2009 degut al fet que tampoc l\u2019anterior govern havia estat capa\u00e7 de fer-los aprovar. El fet de no poder aprovar els pressupostos no es deu a qu\u00e8 l\u2019oposici\u00f3 s\u2019hagu\u00e9s despenjat a \u00faltima hora incomplint algun acord, sin\u00f3 tot al contrari. Va ser el govern que no va concretar amb cap grup municipal absolutament cap acord. I aix\u00ed no es pot anar.<\/div>\n<div align=\"justify\">Per sort l\u2019actitud del govern ha canviat i ara, despr\u00e8s d\u2019unes negociacions ben portades, ja que si no es parla de pressupostos en les converses poc es podr\u00e0 pactar, s\u2019ha arribat a un acord. \u00c9s per aquest motiu que Esquerra votar\u00e0 que S\u00cd als pressupostos municipals. Esquerra diu que S\u00ed per responsabilitat, diu que s\u00ed perqu\u00e8 s\u2019han acceptat els seus projectes, diu que s\u00ed perqu\u00e8 Vilafranca no es pot quedar adormida. I diu que s\u00ed perqu\u00e8, de la mateixa manera que va fer al 2007 amb el PSC, vol oferir a CiU l\u2019oportunitat de treballar a favor de Vilafranca. <\/div>\n<div align=\"justify\">\u00c9s per aix\u00f2 que Esquerra diu que S\u00cd als pressupostos.<\/div>\n<div align=\"justify\">A continuaci\u00f3 adjunto la nota de premsa que es va distribuir als mitjans, per b\u00e9 que alguns quasi ni l\u2019esmentin, on s\u2019explica el perqu\u00e8 del S\u00cd d\u2019Esquerra als pressupostos municipals: <\/div>\n<div align=\"center\"><strong><span style=\"font-size:180%;\">ESQUERRA: S\u00cd ALS PRESSUPOSTOS<\/span><br \/>Amb Esquerra, Vilafranca hi guanya<\/strong><\/div>\n<div align=\"justify\">ESQUERRA ha arribat a un acord amb el Govern municipal per aprovar els pressupostos municipals de l\u2019any 2009. <\/div>\n<div align=\"justify\">Les propostes que ESQUERRA ha incl\u00f2s en els pressupostos formen part del seu programa electoral, per tant, ESQUERRA d\u00f3na compliment al comprom\u00eds que t\u00e9 amb Vilafranca i els seus ciutadans. <\/div>\n<div align=\"justify\">El pressupost acordat t\u00e9 un marcat perfil social caracteritzat per les mesures que ESQUERRA hi ha introdu\u00eft centrades en el benestar de les persones i en l\u2019augment de les pol\u00edtiques socials. <\/div>\n<div align=\"justify\">Amb aquest acord es reafirma, una vegada m\u00e9s, la utilitat de la pol\u00edtica duta per ESQUERRA al Ple Municipal, una oposici\u00f3 constructiva i pactista, que busca el millor per Vilafranca i la seva gent. <\/div>\n<div align=\"center\">ACORDS GOVERN &#8211; ESQUERRA. PRESSUPOST 2009<\/div>\n<div align=\"justify\">LLIBRES DE TEXT<br \/>Es d\u00f3na continu\u00eftat al programa d\u2019universalitzaci\u00f3 i reutilitzaci\u00f3 dels llibres de text a prim\u00e0ria incl\u00f2s en anteriors pressupostos. Aquest programa corregeix algunes mancances en l\u2019aplicaci\u00f3 d\u2019altres anys, millorant d\u2019aquesta manera l\u2019efectivitat i l\u2019efic\u00e0cia del mateix.<\/div>\n<div align=\"justify\">SANTA CLARA<br \/>El carrer de Santa Clara tornar\u00e0 a ser de doble direcci\u00f3.<br \/>El departament de Serveis Urbans est\u00e0 ultimant el projecte de tornar a posar el doble sentit de circulaci\u00f3 al carrer Santa Clara. El canvi a la doble direcci\u00f3 es far\u00e0 a l\u2019estiu, probablement entre finals de juliol i principis d\u2019agost. <\/div>\n<div align=\"justify\">AUDI\u00c8NCIA P\u00daBLICA ASSUMPTE SOROLLS I VIBRACIONS TGV<br \/>Es far\u00e0 l\u2019Audi\u00e8ncia P\u00fablica.<br \/>Un cop es tingui el resultat de l\u2019estudi encarregat a la UPC sobre vibracions, es definir\u00e0 la data de l\u2019audi\u00e8ncia p\u00fablica.<\/p>\n<p>POL\u00cdTIQUES SOCIALS<br \/>S\u2019augmenten significativament les partides corresponents a Serveis Socials, tan en percentatge com en valor absolut.<br \/>Aquestes mesures han de comportar una major assist\u00e8ncia i majors serveis a les persones, especialment en suport de la Gent Gran, a la inf\u00e0ncia i a les fam\u00edlies.<\/p>\n<p>PLA ANTIFRACTURA DIGITAL: XARXA WI-FI<br \/>Des d\u2019ESQUERRA s\u2019ha considerat sempre la necessitat de dotar Vilafranca d\u2019una xarxa wi-fi a tot el municipi per tal de facilitar l\u2019acc\u00e9s a internet a tota la poblaci\u00f3. \u00c9s per aquest motiu que s\u2019ha acordat amb l\u2019equip de govern que es dur\u00e0 a terme l\u2019estudi i l\u2019execuci\u00f3 del projecte per tal de proporcionar Vilafranca d\u2019una xarxa wi-fi amb cobertura total al municipi. S\u2019inclou en el pressupost una partida que permetr\u00e0 fer l\u2019estudi t\u00e8cnic i el projecte, i portar a terme tot seguit l\u2019execuci\u00f3 del projecte. <\/div>\n<div align=\"justify\">SEGONA FASE DE L&#8217;APARCAMENT DE L&#8217;ESPIRALL<br \/>ESQUERRA aconsegueix que es dugui a terme el projecte &#8211; fins ara inexistent &#8211; de la segona fase de l\u2019aparcament de l\u2019Espirall.<br \/>L\u2019execuci\u00f3 de la segona fase es dur\u00e0 a terme, un cop adjudicada l\u2019ampliaci\u00f3, de manera immediata encara que la primera fase, actualment en construcci\u00f3, no estigui acabada. <\/div>\n<div align=\"justify\">POL\u00cdTIQUES D&#8217;OCUPACI\u00d3<br \/>A partir del mes de setembre, s\u2019engegar\u00e0 l\u2019elaboraci\u00f3 d\u2019estudis de necessitats per a pol\u00edtiques d\u2019ocupaci\u00f3. Es posar\u00e0 en marxa el pla per engegar l\u2019Oficina de Treball Municipal que centralitzar\u00e0 totes les gestions referides a aquest \u00e0mbit.<\/div>\n<p><\/p>\n<div align=\"justify\"><\/div>\n<div align=\"justify\"><\/span><\/div>\n<div class=\"blogger-post-footer\"><img width='1' height='1' src='https:\/\/blogger.googleusercontent.com\/tracker\/2467933452740288616-931056663084410794?l=peresabat.blogspot.com' alt='' \/><\/div>\n","protected":false},"excerpt":{"rendered":"<p>Des de qu\u00e8 a Vilafranca es va produir la moci\u00f3 de censura de CiU, en la qu\u00e8 Esquerra va participar, contra el govern socialista de Francisco Romero que no havia escrit sobre la pol\u00edtica local vilafranquina. Avui per\u00f2, far\u00e9 algun comentari de com, crec, que est\u00e0 anant l\u2019ajuntament des del passat mes d\u2019abril. Primer de&#8230;<\/p>\n","protected":false},"author":2,"featured_media":0,"comment_status":"open","ping_status":"open","sticky":false,"template":"","format":"standard","meta":{"footnotes":""},"categories":[26],"tags":[],"class_list":["post-759","post","type-post","status-publish","format-standard","hentry","category-uncategorized"],"_links":{"self":[{"href":"https:\/\/www.blocdelsabat.cat\/index.php?rest_route=\/wp\/v2\/posts\/759","targetHints":{"allow":["GET"]}}],"collection":[{"href":"https:\/\/www.blocdelsabat.cat\/index.php?rest_route=\/wp\/v2\/posts"}],"about":[{"href":"https:\/\/www.blocdelsabat.cat\/index.php?rest_route=\/wp\/v2\/types\/post"}],"author":[{"embeddable":true,"href":"https:\/\/www.blocdelsabat.cat\/index.php?rest_route=\/wp\/v2\/users\/2"}],"replies":[{"embeddable":true,"href":"https:\/\/www.blocdelsabat.cat\/index.php?rest_route=%2Fwp%2Fv2%2Fcomments&post=759"}],"version-history":[{"count":0,"href":"https:\/\/www.blocdelsabat.cat\/index.php?rest_route=\/wp\/v2\/posts\/759\/revisions"}],"wp:attachment":[{"href":"https:\/\/www.blocdelsabat.cat\/index.php?rest_route=%2Fwp%2Fv2%2Fmedia&parent=759"}],"wp:term":[{"taxonomy":"category","embeddable":true,"href":"https:\/\/www.blocdelsabat.cat\/index.php?rest_route=%2Fwp%2Fv2%2Fcategories&post=759"},{"taxonomy":"post_tag","embeddable":true,"href":"https:\/\/www.blocdelsabat.cat\/index.php?rest_route=%2Fwp%2Fv2%2Ftags&post=759"}],"curies":[{"name":"wp","href":"https:\/\/api.w.org\/{rel}","templated":true}]}}