{"id":76,"date":"2008-02-28T17:06:00","date_gmt":"2008-02-28T17:06:00","guid":{"rendered":"http:\/\/peresabat.wordpress.com\/2008\/02\/28\/projecte"},"modified":"2008-02-28T17:06:00","modified_gmt":"2008-02-28T17:06:00","slug":"projecte","status":"publish","type":"post","link":"https:\/\/www.blocdelsabat.cat\/?p=76","title":{"rendered":"Projecte"},"content":{"rendered":"<p><a href=\"http:\/\/peresabat.files.wordpress.com\/2008\/02\/horitzc3a3c2b31.jpg\"><img decoding=\"async\" alt=\"\" src=\"http:\/\/peresabat.files.wordpress.com\/2008\/02\/horitzc3b3.jpg?w=300\" border=\"0\" \/><\/a><\/p>\n<div align=\"justify\"><span style=\"font-family:arial;font-size:130%;\">Ja fa dies que ens trobem en plena campanya per les eleccions generals del 9 de Mar\u00e7 i com a qualsevol campanya la pluja de propostes electoralistes \u00e9s descarnada, aix\u00ed com tamb\u00e9 tot tipus d\u2019atacs a la resta de candidats. B\u00e9 com diu Obama, les campanyes ja tenen aquests cops i s\u2019ha d\u2019acceptar, com demostra l\u2019acusaci\u00f3 a <em>&#8220;la Vanguardia&#8221;<\/em> de la candidata Nadal a la candidata Chac\u00f3n de qu\u00e8 utilitza el seu embar\u00e0s per guanyar vots, o com quan el Rajoy exabrupte a ZP que ha venut a les v\u00edctimes o quan es defineix la campanya de Duran-Lleida com a xen\u00f2foba . Davant d\u2019aquest foc creuat, durant la campanya es fa dif\u00edcil escoltar els &#8220;projectes&#8221;, all\u00f2 que els partits defensen, el seu model de pa\u00eds.<\/span><\/div>\n<p><span style=\"font-family:arial;font-size:130%;\"><\/p>\n<div align=\"justify\">Avui per\u00f2, a la Pompeu Fabra n\u2019hem tingut una excepci\u00f3. Avui alg\u00fa ha gosat parlar del seu projecte de pa\u00eds, de futur.<br \/>Joan Puigcerc\u00f3s ha anat a la UPF per fer una confer\u00e8ncia en aquest &#8220;tour&#8221; que fan els candidats quan hi ha eleccions. Normalment aquestes xerrades consisteixen en qu\u00e8 el candidat en q\u00fcesti\u00f3 diu &#8221; mireu que bons que som i que dolents s\u00f3n els altres&#8221; i amb aix\u00f2 s\u2019acaba la confer\u00e8ncia. Doncs b\u00e9 avui Puigcerc\u00f3s no ha criticat a cap candidat catal\u00e0, Puigcerc\u00f3s ha fet un discurs en positiu. <\/div>\n<div align=\"justify\">Puigcerc\u00f3s ha parlat de projecte de pa\u00eds, d\u2019un projecte col\u00b7lectiu, inclusiu, d\u2019un projecte basat en l\u2019esfor\u00e7 de la societat per avan\u00e7ar. El dirigent republic\u00e0 ha exposat que Catalunya \u00e9s un pa\u00eds que t\u00e9 unes immenses oportunitats i tamb\u00e9 unes grans potencialitats que haurien de permetre un gran desenvolupament per el pa\u00eds, aquestes per\u00f2, s\u2019han de saber aprofitar.<br \/>Per aprofitar tot aquest potencial, ha afirmat que per aconseguir-ho s\u2019ha de pensar en el pa\u00eds que volem per d\u2019aqu\u00ed a 15 anys i ha posat l\u2019exemple d\u2019Irlanda, Eslov\u00e8nia o Finl\u00e0ndia que han passat de ser societats pobres, a ser societats capdavanteres en tecnologia, educaci\u00f3, desenvolupament econ\u00f2mic\u2026.<\/div>\n<div align=\"justify\">Puigcerc\u00f3s ha enumerat els grans reptes per Catalunya, aix\u00ed com tamb\u00e9 diversos punts que han de ser repensats, com per exemple l\u2019educaci\u00f3 on ha afirmat que actualment a l\u2019escola catalana se li exigeix que a m\u00e9s d\u2019ensenyar transmeti valors, valors que haurien d\u2019ensenyar els pares per\u00f2 que a causa de la no conciliaci\u00f3 laboral-familiar, a casa no poden fer; tamb\u00e9 sobre infrastructures on ha dit que s\u2019ha de tenir un aeroport intercontinental si es vol ser un pa\u00eds de primera i tamb\u00e9 que s\u2019ha de desenvolupar una xarxa de mercaderies per poder aprofitar la posici\u00f3 estrat\u00e8gica del pa\u00eds i convertir-se en la porta d\u2019Europa; ha parlat d\u2019energia i de la necessitat d\u2019investigar per poder sufragar la falta energ\u00e8tica constant que pateix Catalunya\u2026. Ha parlat de futur, del nostre futur, del futur que volem. Ha parlat de voler per poder, ha parlat de que si volem, podem.<\/div>\n<div align=\"justify\">Puigcerc\u00f3s no ha fet un discurs optimista, perqu\u00e8 \u00e9s conscient de les mancances i dels problemes de la gent i del pa\u00eds, Puigcerc\u00f3s ha fet un discurs d\u2019esperan\u00e7a.<\/div>\n<div align=\"justify\">D\u2019esperan\u00e7a en la gent i d\u2019esperan\u00e7a en el pa\u00eds.<\/div>\n<p><\/p>\n<div align=\"justify\"><\/span><\/div>\n<div class=\"blogger-post-footer\"><img width='1' height='1' src='https:\/\/blogger.googleusercontent.com\/tracker\/2467933452740288616-961908578829544020?l=peresabat.blogspot.com' alt='' \/><\/div>\n","protected":false},"excerpt":{"rendered":"<p>Ja fa dies que ens trobem en plena campanya per les eleccions generals del 9 de Mar\u00e7 i com a qualsevol campanya la pluja de propostes electoralistes \u00e9s descarnada, aix\u00ed com tamb\u00e9 tot tipus d\u2019atacs a la resta de candidats. B\u00e9 com diu Obama, les campanyes ja tenen aquests cops i s\u2019ha d\u2019acceptar, com demostra&#8230;<\/p>\n","protected":false},"author":2,"featured_media":0,"comment_status":"open","ping_status":"open","sticky":false,"template":"","format":"standard","meta":{"footnotes":""},"categories":[26],"tags":[],"class_list":["post-76","post","type-post","status-publish","format-standard","hentry","category-uncategorized"],"_links":{"self":[{"href":"https:\/\/www.blocdelsabat.cat\/index.php?rest_route=\/wp\/v2\/posts\/76","targetHints":{"allow":["GET"]}}],"collection":[{"href":"https:\/\/www.blocdelsabat.cat\/index.php?rest_route=\/wp\/v2\/posts"}],"about":[{"href":"https:\/\/www.blocdelsabat.cat\/index.php?rest_route=\/wp\/v2\/types\/post"}],"author":[{"embeddable":true,"href":"https:\/\/www.blocdelsabat.cat\/index.php?rest_route=\/wp\/v2\/users\/2"}],"replies":[{"embeddable":true,"href":"https:\/\/www.blocdelsabat.cat\/index.php?rest_route=%2Fwp%2Fv2%2Fcomments&post=76"}],"version-history":[{"count":0,"href":"https:\/\/www.blocdelsabat.cat\/index.php?rest_route=\/wp\/v2\/posts\/76\/revisions"}],"wp:attachment":[{"href":"https:\/\/www.blocdelsabat.cat\/index.php?rest_route=%2Fwp%2Fv2%2Fmedia&parent=76"}],"wp:term":[{"taxonomy":"category","embeddable":true,"href":"https:\/\/www.blocdelsabat.cat\/index.php?rest_route=%2Fwp%2Fv2%2Fcategories&post=76"},{"taxonomy":"post_tag","embeddable":true,"href":"https:\/\/www.blocdelsabat.cat\/index.php?rest_route=%2Fwp%2Fv2%2Ftags&post=76"}],"curies":[{"name":"wp","href":"https:\/\/api.w.org\/{rel}","templated":true}]}}