{"id":760,"date":"2009-07-26T17:48:00","date_gmt":"2009-07-26T17:48:00","guid":{"rendered":"http:\/\/peresabat.wordpress.com\/2009\/07\/26\/personatge-de-la-setmana-joan-saura"},"modified":"2009-07-26T17:48:00","modified_gmt":"2009-07-26T17:48:00","slug":"personatge-de-la-setmana-joan-saura","status":"publish","type":"post","link":"https:\/\/www.blocdelsabat.cat\/?p=760","title":{"rendered":"Personatge de la setmana: Joan Saura"},"content":{"rendered":"<p><a href=\"http:\/\/peresabat.files.wordpress.com\/2009\/07\/saura1.jpg\"><img decoding=\"async\" alt=\"\" src=\"http:\/\/peresabat.files.wordpress.com\/2009\/07\/saura1.jpg?w=295\" border=\"0\" \/><\/a><\/p>\n<div align=\"justify\"><span style=\"font-family:arial;font-size:130%;\">Ad\u00e9u, ad\u00e9u Joan, ad\u00e9u. Aquestes paraules no s\u00f3n en absolut sarc\u00e0stiques ni estan escrites amb intenci\u00f3 d\u2019expressar algun tipus d\u2019alegria. S\u00f3n simplement la constataci\u00f3, dites pel mateix protagonista, de qu\u00e8 ad\u00e9u i fins aviat. <\/span><\/div>\n<p><span style=\"font-family:arial;font-size:130%;\"><\/p>\n<div align=\"justify\">Joan Saura si actualment continu\u00e9s jugant al juvenil del Bar\u00e7a segurament hauria fet l\u2019stage de pretemporada a Londres on dels 22 jugadors utilitzats, 15 s\u00f3n formats a la pedrera del club. Per sort, pel Bar\u00e7a, Joan Saura ja no juga a futbol, i no s\u00e9 si per sort o en tot cas no s\u00e9 per sort de qui, Joan Saura s\u2019ha dedicat a la pol\u00edtica.<br \/>Saura \u00e9s llicenciat en enginyeria t\u00e8cnica industrial i va treballar durant anys a FECSA i des dels seus inicis va formar part de Comissions Obreres aix\u00ed com tamb\u00e9 del PSUC de qui va ser-ne regidor a l\u2019Hospitalet. Joan Saura a partir de la desfeta continua del PSUC va participar en la mort per via d\u2019eutan\u00e0sia d\u2019aquest partit i va col\u00b7laborar en refundaci\u00f3 entorn del nom d\u2019Iniciativa per Catalunya. Per aquest partit Joan Saura va ser diputat al Parlament i tamb\u00e9 al Congr\u00e9s espanyol.<br \/>Saura per\u00f2 va ser un dels grans impulsors del canvi dins d\u2019Iniciativa l\u2019any 2000. Com es pot comprovar a partir dels escrits en aquest bloc, Joan Saura no \u00e9s la persona per qui tinc un gran concepte, ara b\u00e9, \u00e9s innegable de qu\u00e8 si ICV va passar de 3 diputats l\u2019any 1999 a 9 al 2003 va ser gr\u00e0cies al canvi de discurs i a la modernitzaci\u00f3 del partit que ell va realitzar. <\/div>\n<div align=\"justify\">Despr\u00e8s d\u2019aquest punt ja s\u2019esdev\u00e9 tot el temps dels Dragons Kahns, dels Circs, les corregudes per firmar Estatuts dels quals no se sap ni qu\u00e8 carai hi diu, pactar nous terminis sobre el finan\u00e7ament amb la de la Vega &#8220;porque yo lo valgo&#8221;, una mal gesti\u00f3 a la conselleria d\u2019Interior\u2026 Saura ha passat de rendibilitzar el primer tripartit a partir del &#8220;no fer res&#8221; a ser v\u00edctima del &#8220;fer alguna cosa&#8221;. Saura mentre es limitava simplement a sortir a les fotos quan anava a &#8220;negociar&#8221; l\u2019estatut a Madrid i prou, va poder fer-se un lloc com a dirigent que no &#8220;la liava&#8221; cosa que en el govern Maragall era s\u00edmptoma de sorpresa i admiraci\u00f3. El problema de Saura \u00e9s quan ha volgut agafar protagonisme. Un protagonisme enverinat. Saura en el segon tripartit s\u2019ha vist permanentment enmig de la tempesta: que si manifestants de Bolonya, que si els Mossos, que si cameres de vigil\u00e0ncia\u2026 Al final Saura ha condu\u00eft a ICV a l\u2019abisme de retornar quasi a les quotes del 1999, fet que ha precipitat la decapitaci\u00f3 p\u00fablica del President eco-socialista amb la seva ren\u00fancia a ser cap de llista al 2010.<\/div>\n<div align=\"justify\">Ad\u00e9u Joan, ad\u00e9u. Trobarem a faltar el teu\u2026. ehem, b\u00e9 la veritat \u00e9s que no s\u00e9 exactament qu\u00e8 trobarem a faltar de tu, per\u00f2 en tot cas, ad\u00e9u.<\/div>\n<p><\/span><\/p>\n<div class=\"blogger-post-footer\"><img width='1' height='1' src='https:\/\/blogger.googleusercontent.com\/tracker\/2467933452740288616-582355325849037526?l=peresabat.blogspot.com' alt='' \/><\/div>\n","protected":false},"excerpt":{"rendered":"<p>Ad\u00e9u, ad\u00e9u Joan, ad\u00e9u. Aquestes paraules no s\u00f3n en absolut sarc\u00e0stiques ni estan escrites amb intenci\u00f3 d\u2019expressar algun tipus d\u2019alegria. S\u00f3n simplement la constataci\u00f3, dites pel mateix protagonista, de qu\u00e8 ad\u00e9u i fins aviat. Joan Saura si actualment continu\u00e9s jugant al juvenil del Bar\u00e7a segurament hauria fet l\u2019stage de pretemporada a Londres on dels 22&#8230;<\/p>\n","protected":false},"author":2,"featured_media":0,"comment_status":"open","ping_status":"open","sticky":false,"template":"","format":"standard","meta":{"footnotes":""},"categories":[26],"tags":[],"class_list":["post-760","post","type-post","status-publish","format-standard","hentry","category-uncategorized"],"_links":{"self":[{"href":"https:\/\/www.blocdelsabat.cat\/index.php?rest_route=\/wp\/v2\/posts\/760","targetHints":{"allow":["GET"]}}],"collection":[{"href":"https:\/\/www.blocdelsabat.cat\/index.php?rest_route=\/wp\/v2\/posts"}],"about":[{"href":"https:\/\/www.blocdelsabat.cat\/index.php?rest_route=\/wp\/v2\/types\/post"}],"author":[{"embeddable":true,"href":"https:\/\/www.blocdelsabat.cat\/index.php?rest_route=\/wp\/v2\/users\/2"}],"replies":[{"embeddable":true,"href":"https:\/\/www.blocdelsabat.cat\/index.php?rest_route=%2Fwp%2Fv2%2Fcomments&post=760"}],"version-history":[{"count":0,"href":"https:\/\/www.blocdelsabat.cat\/index.php?rest_route=\/wp\/v2\/posts\/760\/revisions"}],"wp:attachment":[{"href":"https:\/\/www.blocdelsabat.cat\/index.php?rest_route=%2Fwp%2Fv2%2Fmedia&parent=760"}],"wp:term":[{"taxonomy":"category","embeddable":true,"href":"https:\/\/www.blocdelsabat.cat\/index.php?rest_route=%2Fwp%2Fv2%2Fcategories&post=760"},{"taxonomy":"post_tag","embeddable":true,"href":"https:\/\/www.blocdelsabat.cat\/index.php?rest_route=%2Fwp%2Fv2%2Ftags&post=760"}],"curies":[{"name":"wp","href":"https:\/\/api.w.org\/{rel}","templated":true}]}}