{"id":768,"date":"2009-07-28T17:10:00","date_gmt":"2009-07-28T17:10:00","guid":{"rendered":"http:\/\/peresabat.wordpress.com\/2009\/07\/28\/40-anys-de-silenci-40-anys-de-vergonya"},"modified":"2009-07-28T17:10:00","modified_gmt":"2009-07-28T17:10:00","slug":"40-anys-de-silenci-40-anys-de-vergonya","status":"publish","type":"post","link":"https:\/\/www.blocdelsabat.cat\/?p=768","title":{"rendered":"40 Anys de Silenci. 40 Anys de Vergonya"},"content":{"rendered":"<p><a href=\"http:\/\/peresabat.files.wordpress.com\/2009\/07\/jc-i2bfranco1.jpg\"><img decoding=\"async\" alt=\"\" src=\"http:\/\/peresabat.files.wordpress.com\/2009\/07\/jc-i2bfranco1.jpg?w=300\" border=\"0\" \/><\/a><\/p>\n<div align=\"justify\"><span style=\"font-family:arial;font-size:130%;\">Al passat 22 de juliol es va celebrar una efem\u00e8ride molt important que afecta de manera transcendental la recent hist\u00f2ria de Catalunya i de l\u2019estat espanyol. Una not\u00edcia que va ser silenciada per l\u2019absoluta majoria dels mitjans de comunicaci\u00f3.<br \/>Durant la setmana del 22 de juliol, l\u2019efem\u00e8ride que m\u00e9s es va comentar a la televisi\u00f3 va ser que es va commemorar que l\u2019home havia arribat a la lluna. Fant\u00e0stic. No tinc res en contra a que es recordi un fet que va significar un aven\u00e7 en la hist\u00f2ria de la humanitat, tanmateix sobte que els diferents mitjans de comunicaci\u00f3 inflessin d\u2019especials a aquest esdeveniment i en canvi sotmetessin a la m\u00e9s absoluta profunditat un aniversari tan o m\u00e9s significatiu com \u00e9s per exemple el del nomenament fa 40 anys del pr\u00edncep <em>Juan Carlos I<\/em> com a successor a la <em>&#8220;jefatura del estado&#8221;. <\/em>Un nomenament que va realitzar el dictador feixista Francisco Franco.<\/span><\/div>\n<p><span style=\"font-family:arial;font-size:130%;\"><\/p>\n<div align=\"justify\">Costa d\u2019entendre que en un estat democr\u00e0tic es produeixin actes com el d\u2019ometre un fet de tanta import\u00e0ncia com l\u2019esmentat. La hist\u00f2ria d\u2019Espanya, la hist\u00f2ria del Regne d\u2019Espanya no s\u2019ent\u00e9n sense la cerim\u00f2nia del 22 de juliol, una cerim\u00f2nia en qu\u00e8 es va nomenar successor d\u2019un r\u00e8gim totalitari a un membre de la fam\u00edlia reial, un membre que curiosament \u00e9s l\u2019actual cap d\u2019estat. <\/div>\n<div align=\"justify\">El fet que els mitjans de comunicaci\u00f3, els d\u2019aqu\u00ed i els d\u2019all\u00e0, hagin sentenciat que aquest aniversari no tenia valor informatiu \u00e9s deu a les c\u00e0rregues que encara s\u00f3n presents en la societat en general produ\u00efdes per la p\u00e8ssima transici\u00f3 que es va dur a terme. La transici\u00f3 segons &#8220;grans&#8221; experts va ser mod\u00e8lica, mod\u00e8lica perqu\u00e8 no es va produir cap vessament de sang massa important, i segons els mateixos &#8220;experts&#8221; perqu\u00e8 es va poder avan\u00e7ar cap a un nou r\u00e8gim pol\u00edtic sense traumatismes. Tot i que podent acceptar les premisses anteriors, cal denunciar que la transici\u00f3 es va basar en el gran oblit de la pr\u00f2pia hist\u00f2ria i en la construcci\u00f3 d\u2019un relat en qu\u00e8 la monarquia va portar la democr\u00e0cia. I aix\u00f2 \u00e9s una gran mentida. <\/div>\n<div align=\"justify\">Si tenim monarquia a l\u2019estat espanyol no \u00e9s perqu\u00e8 ho diu la Constituci\u00f3 espanyola, si tenim monarquia a l\u2019estat espanyol \u00e9s perqu\u00e8 Francisco Franco va voler que un membre de la fam\u00edlia reial fos el seu successor. Si no hagu\u00e9s estat aix\u00ed, dif\u00edcilment avui hi hauria Rei a Espanya. <\/div>\n<div align=\"justify\">Encara avui la nostra societat est\u00e0 estigmatitzada per aquell pacte de vergonya. Encara avui la nostra societat no es pot considerar madura perqu\u00e8 no sap la seva pr\u00f2pia hist\u00f2ria, o m\u00e9s ben dit, no vol recon\u00e8ixer la seva pr\u00f2pia hist\u00f2ria. Encara avui la nostra societat viu en un m\u00f3n que es basa en uns fets edulcorats i manipulats per les \u00e8lits que van conduir el proc\u00e9s de la dictadura al sistema actual. <\/div>\n<div align=\"justify\">Han passat 40 anys des de qu\u00e8 Juan Carlos I va jurar lleialtat a Franco, al &#8220;<em>Movimiento Nacional<\/em>&#8221; i &#8220;<em>a las leyes fundamentales<\/em>&#8220;. Fa 40 anys que Juan Carlos va donar continu\u00eftat &#8220;<em>a la legitimidad del 18 de julio&#8221;.<\/em><br \/>Fa 30 anys que ens han imposat una mentida. Una mentida que diu que vivim en un estat democr\u00e0tic, que vivim en un estat de dret, que hem fet una transici\u00f3, que s\u2019han superat les ferides del passat. No. El que ha passat \u00e9s que &#8220;uns&#8221; volen que s\u2019oblidi la hist\u00f2ria, el que passa \u00e9s que &#8220;uns&#8221; voldrien que tot s\u2019esborr\u00e9s per poder construir el seu relat sense preocupar-se que a alguns se\u2019ls passi pel cap pensar diferent. <\/div>\n<div align=\"justify\">Han passat 40 anys des de qu\u00e8 la monarquia governa l\u2019estat espanyol, i com va dir Juan Carlos en la seva cerim\u00f2nia d\u2019acceptaci\u00f3 com a successor de Franco, la seva legitimitat prov\u00e9 del 18 de juliol de 1936. <\/div>\n<div align=\"justify\">Conv\u00e9 no oblidar, perqu\u00e8 nom\u00e9s recordant i acceptant el propi passat i la pr\u00f2pia hist\u00f2ria es pot construir un futur.<br \/><\/span><\/div>\n<div class=\"blogger-post-footer\"><img width='1' height='1' src='https:\/\/blogger.googleusercontent.com\/tracker\/2467933452740288616-5612852116555988283?l=peresabat.blogspot.com' alt='' \/><\/div>\n","protected":false},"excerpt":{"rendered":"<p>Al passat 22 de juliol es va celebrar una efem\u00e8ride molt important que afecta de manera transcendental la recent hist\u00f2ria de Catalunya i de l\u2019estat espanyol. Una not\u00edcia que va ser silenciada per l\u2019absoluta majoria dels mitjans de comunicaci\u00f3.Durant la setmana del 22 de juliol, l\u2019efem\u00e8ride que m\u00e9s es va comentar a la televisi\u00f3 va&#8230;<\/p>\n","protected":false},"author":2,"featured_media":0,"comment_status":"open","ping_status":"open","sticky":false,"template":"","format":"standard","meta":{"footnotes":""},"categories":[26],"tags":[],"class_list":["post-768","post","type-post","status-publish","format-standard","hentry","category-uncategorized"],"_links":{"self":[{"href":"https:\/\/www.blocdelsabat.cat\/index.php?rest_route=\/wp\/v2\/posts\/768","targetHints":{"allow":["GET"]}}],"collection":[{"href":"https:\/\/www.blocdelsabat.cat\/index.php?rest_route=\/wp\/v2\/posts"}],"about":[{"href":"https:\/\/www.blocdelsabat.cat\/index.php?rest_route=\/wp\/v2\/types\/post"}],"author":[{"embeddable":true,"href":"https:\/\/www.blocdelsabat.cat\/index.php?rest_route=\/wp\/v2\/users\/2"}],"replies":[{"embeddable":true,"href":"https:\/\/www.blocdelsabat.cat\/index.php?rest_route=%2Fwp%2Fv2%2Fcomments&post=768"}],"version-history":[{"count":0,"href":"https:\/\/www.blocdelsabat.cat\/index.php?rest_route=\/wp\/v2\/posts\/768\/revisions"}],"wp:attachment":[{"href":"https:\/\/www.blocdelsabat.cat\/index.php?rest_route=%2Fwp%2Fv2%2Fmedia&parent=768"}],"wp:term":[{"taxonomy":"category","embeddable":true,"href":"https:\/\/www.blocdelsabat.cat\/index.php?rest_route=%2Fwp%2Fv2%2Fcategories&post=768"},{"taxonomy":"post_tag","embeddable":true,"href":"https:\/\/www.blocdelsabat.cat\/index.php?rest_route=%2Fwp%2Fv2%2Ftags&post=768"}],"curies":[{"name":"wp","href":"https:\/\/api.w.org\/{rel}","templated":true}]}}