{"id":779,"date":"2009-08-06T16:27:00","date_gmt":"2009-08-06T16:27:00","guid":{"rendered":"http:\/\/peresabat.wordpress.com\/2009\/08\/06\/64-anys-despres-dhiroshima"},"modified":"2009-08-06T16:27:00","modified_gmt":"2009-08-06T16:27:00","slug":"64-anys-despres-dhiroshima","status":"publish","type":"post","link":"https:\/\/www.blocdelsabat.cat\/?p=779","title":{"rendered":"64 Anys Despr\u00e8s d&#8217;Hiroshima"},"content":{"rendered":"<p><a href=\"http:\/\/peresabat.files.wordpress.com\/2009\/08\/hiroshima1.jpg\"><img decoding=\"async\" alt=\"\" src=\"http:\/\/peresabat.files.wordpress.com\/2009\/08\/hiroshima1.jpg?w=219\" border=\"0\" \/><\/a><\/p>\n<div align=\"justify\"><span style=\"font-family:arial;font-size:130%;\">Un dia com avui de fa 64 anys el cel de la ciutat japonesa d\u2019Hiroshima es va encendre i un raig de llum encegadora va ser l\u2019\u00faltim que es va poder veure abans de que la negra obscuritat abrac\u00e9s tota forma de vida. <\/span><\/div>\n<p><span style=\"font-family:arial;font-size:130%;\"><\/p>\n<div align=\"justify\">Avui fa 64 anys que els Estats Units per tal de posar fi a la II Guerra Mundial van llen\u00e7ar les bombes at\u00f2miques d\u2019Hiroshima i Nagasaki. Avui fa 64 que l\u2019armament nuclear va fer acte de pres\u00e8ncia, una pres\u00e8ncia que encara avui existeix. <\/div>\n<div align=\"justify\">No sabria determinar si el llan\u00e7ament de les bombes va ser encertat o no, ja que opinar quan el fet ja ha passat \u00e9s f\u00e0cil i injust, per\u00f2 m\u00e9s enll\u00e0 d\u2019aquesta constataci\u00f3 no estic del tot segur que l\u2019elecci\u00f3 que es va prendre no fos l\u2019encertada de la mateixa manera que no estic conven\u00e7ut que fos la correcte. <\/div>\n<div align=\"justify\">Han passat m\u00e9s de 64 anys de les primeres bombes nuclears i amb la seva aparici\u00f3 tamb\u00e9 han passat tants anys del debat sobre les armes nuclears.<br \/>Des d\u2019aquell dia hist\u00f2ric, des de l\u2019inici de l\u2019armament nuclear, les grans pot\u00e8ncies han &#8220;ent\u00e8s&#8221; de qu\u00e8 la proliferaci\u00f3 nuclear era altament negativa ja que, com va dir alg\u00fa, &#8220;de qu\u00e8 serveix tenir cent armes nuclears per destruir-se m\u00fatuament, si amb una ja n\u2019hi ha prou?&#8221;. A partir de la voluntat, m\u00e9s d\u2019uns que d\u2019altres, de reduir l\u2019amarament nuclear s\u2019han realitzat diversos tractats internacionals que estan enfocats en aquesta direcci\u00f3.<\/div>\n<div align=\"justify\">El problema \u00e9s que no tots els pa\u00efsos tenen la voluntat d\u2019acatar la no proliferaci\u00f3.<\/div>\n<div align=\"justify\">Les armes nuclears s\u00f3n un problema d\u2019abast mundial, diversos estats tenen l\u2019arma nuclear, cert, i aquest \u00e9s un argument que en alguns estats \u00e0rabs se\u2019n ha fet bandera per poder justificar la seva &#8220;legitimaci\u00f3&#8221; per tenir una bomba nuclear. S\u00ed ells la tenen, jo tamb\u00e9. Per aqu\u00ed anem malament. <\/div>\n<div align=\"justify\">Les armes nuclears haurien de comen\u00e7ar a passar a la hist\u00f2ria, iniciant la seva destrucci\u00f3 per part dels estats que actualment la posseeixen. Per\u00f2 el m\u00e9s important \u00e9s que no apareguin nous estats que la puguin desenvolupar. <\/div>\n<div align=\"justify\">En aquest grup d\u2019estats evidentment hi ha Iran. Iran suposa una amena\u00e7a real. \u00c9s cert que no t\u00e9 la tecnologia per fabricar l\u2019at\u00f2mica, cert. Per\u00f2 no \u00e9s menys cert la seva voluntat per aconseguir-ho. Si Iran obt\u00e9 la bomba at\u00f2mica la sempre tan inestable regi\u00f3, passaria a ser un polvor\u00ed.<\/div>\n<p><\/span><\/p>\n<div class=\"blogger-post-footer\"><img width='1' height='1' src='https:\/\/blogger.googleusercontent.com\/tracker\/2467933452740288616-1008010450911554504?l=peresabat.blogspot.com' alt='' \/><\/div>\n","protected":false},"excerpt":{"rendered":"<p>Un dia com avui de fa 64 anys el cel de la ciutat japonesa d\u2019Hiroshima es va encendre i un raig de llum encegadora va ser l\u2019\u00faltim que es va poder veure abans de que la negra obscuritat abrac\u00e9s tota forma de vida. Avui fa 64 anys que els Estats Units per tal de posar&#8230;<\/p>\n","protected":false},"author":2,"featured_media":0,"comment_status":"open","ping_status":"open","sticky":false,"template":"","format":"standard","meta":{"footnotes":""},"categories":[26],"tags":[],"class_list":["post-779","post","type-post","status-publish","format-standard","hentry","category-uncategorized"],"_links":{"self":[{"href":"https:\/\/www.blocdelsabat.cat\/index.php?rest_route=\/wp\/v2\/posts\/779","targetHints":{"allow":["GET"]}}],"collection":[{"href":"https:\/\/www.blocdelsabat.cat\/index.php?rest_route=\/wp\/v2\/posts"}],"about":[{"href":"https:\/\/www.blocdelsabat.cat\/index.php?rest_route=\/wp\/v2\/types\/post"}],"author":[{"embeddable":true,"href":"https:\/\/www.blocdelsabat.cat\/index.php?rest_route=\/wp\/v2\/users\/2"}],"replies":[{"embeddable":true,"href":"https:\/\/www.blocdelsabat.cat\/index.php?rest_route=%2Fwp%2Fv2%2Fcomments&post=779"}],"version-history":[{"count":0,"href":"https:\/\/www.blocdelsabat.cat\/index.php?rest_route=\/wp\/v2\/posts\/779\/revisions"}],"wp:attachment":[{"href":"https:\/\/www.blocdelsabat.cat\/index.php?rest_route=%2Fwp%2Fv2%2Fmedia&parent=779"}],"wp:term":[{"taxonomy":"category","embeddable":true,"href":"https:\/\/www.blocdelsabat.cat\/index.php?rest_route=%2Fwp%2Fv2%2Fcategories&post=779"},{"taxonomy":"post_tag","embeddable":true,"href":"https:\/\/www.blocdelsabat.cat\/index.php?rest_route=%2Fwp%2Fv2%2Ftags&post=779"}],"curies":[{"name":"wp","href":"https:\/\/api.w.org\/{rel}","templated":true}]}}